{"id":235862,"date":"2024-11-10T15:30:00","date_gmt":"2024-11-10T14:30:00","guid":{"rendered":"https:\/\/www.leccecronaca.it\/?p=235862"},"modified":"2024-11-14T12:21:21","modified_gmt":"2024-11-14T11:21:21","slug":"il-pranzo-della-domenica-il-calcio-e-ancora-bello-solo-a-casa-di-andrea-polo","status":"publish","type":"post","link":"https:\/\/www.leccecronaca.it\/index.php\/2024\/11\/10\/il-pranzo-della-domenica-il-calcio-e-ancora-bello-solo-a-casa-di-andrea-polo\/","title":{"rendered":"IL PRANZO DELLA DOMENICA \/ IL CALCIO E&#8217; ANCORA BELLO SOLO A CASA DI ANDREA POLO"},"content":{"rendered":"\n<p><img decoding=\"async\" loading=\"lazy\" width=\"1368\" height=\"1824\" class=\"wp-image-235863\" style=\"width: 2500px;\" src=\"https:\/\/www.leccecronaca.it\/wordpress\/wp-content\/uploads\/2024\/11\/andrea.jpg\" alt=\"\" srcset=\"https:\/\/www.leccecronaca.it\/wordpress\/wp-content\/uploads\/2024\/11\/andrea.jpg 1368w, https:\/\/www.leccecronaca.it\/wordpress\/wp-content\/uploads\/2024\/11\/andrea-225x300.jpg 225w, https:\/\/www.leccecronaca.it\/wordpress\/wp-content\/uploads\/2024\/11\/andrea-768x1024.jpg 768w, https:\/\/www.leccecronaca.it\/wordpress\/wp-content\/uploads\/2024\/11\/andrea-1152x1536.jpg 1152w\" sizes=\"(max-width: 1368px) 100vw, 1368px\" \/><\/p>\n\n\n\n<p>di Raffaele Polo ______<\/p>\n\n\n\n<p>Diciamo subito che san Martino \u00e8 uno dei santi pi\u00f9 conosciuti e venerati: la sua offerta del mantello al povero \u00e8 universalmente apprezzata e non \u00e8 un caso che l&#8217;estate di San Martino coincida proprio con questa leggendaria e umanissima vicenda che \u00e8, purtroppo, sempre pi\u00f9 lontana dalla nostra pagana realt\u00e0&#8230;<\/p>\n\n\n\n<p><\/p>\n\n\n\n<p>A Taviano, il protettore della citt\u00e0 \u00e8 proprio san Martino e, perci\u00f2, vista la vicinanza con la domenica, abbiamo accettato con grande piacere l&#8217;invito che ci ha fatto Andrea Polo, e siamo adesso con lui e la sua famiglia, a gustare un ricco men\u00f9 squisitamente salentino. <\/p>\n\n\n\n<p>Mentre Elisa, Emma e Giulio si alternano tra tavola e cucina, non possiamo fare a meno di rivolgere all&#8217;autore di &#8216;Quando il calcio era bello&#8217; la domanda che, ormai, \u00e8 tradizionale perch\u00e8 gliela rivolgono proprio tutti: <\/p>\n\n\n\n<p>\u00abMa allora, adesso il calcio non \u00e8 pi\u00f9 bello?\u00bb<\/p>\n\n\n\n<p><\/p>\n\n\n\n<p>Andrea ci guarda sornione poi, soppesando le parole, ci risponde:\u00abIn realt\u00e0 il calcio \u00e8 sempre bello e affascinante. Per\u00f2, al calcio contemporaneo manca l&#8217;essenziale&#8230;\u00bb<\/p>\n\n\n\n<p>Veniamo interrotti dall&#8217;arrivo delle pittule che, come ormai ogni salentino sa, vanno gustate calde. E in quattro e quattr&#8217;otto, ne ammiriamo la fattura: con il cavolo, il baccal\u00e0, alla pizzaiola&#8230; buone, ottime.<\/p>\n\n\n\n<p><\/p>\n\n\n\n<p>\u00abDicevi che manca qualcosa al calcio di adesso. E che cosa, di grazia?\u00bb interroghiamo Andrea con l&#8217;ultima pittula, ancora bollente, in bocca. E con la coda dell&#8217;occhio, vediamo Emma avanzare con le rape &#8216;nfucate&#8230;<\/p>\n\n\n\n<p><\/p>\n\n\n\n<p>\u00abManca l&#8217;animo, che per me \u00e8 tutto. Se ogni competizione si riduce ad essere un evento prettamente commerciale e sponsorizzato, allora \u00e8 pi\u00f9 interessante spostarsi ai campetti di periferia, dove gioca solo chi ha voglia, passione e, magari, lealt\u00e0&#8230;\u00bb<\/p>\n\n\n\n<p><\/p>\n\n\n\n<p>\u00abAndrea, non ti pare di esagerare? Sembri un anziano che rimpiange i tempi perduti&#8230;\u00bb<\/p>\n\n\n\n<p><\/p>\n\n\n\n<p>Arriva Giulio con un grande piatto ricolmo di baccal\u00e0 fritto. Lo segue Gaetano che \u00e8 il gatto di casa, attirato dall&#8217;odore del pesce, con la coda ritta.<\/p>\n\n\n\n<p>\u00abPu\u00f2 darsi che tu abbia ragione, ma io esprimo il mio disappunto e propongo la mia speranza per un calcio pi\u00f9 vero, pi\u00f9 onesto, meno legato agli enormi interessi che gravitano attorno ad ogni singolo giocatore. Buonissimo questo baccal\u00e0, Elisa&#8230;\u00bb, grida Andrea verso la cucina, da dove arriva un altro profumino.<\/p>\n\n\n\n<p>Da fuori, in giardino, si sente latrare Cara, la cagnolona di casa, anche lei vuole festeggiare San Martino&#8230;<\/p>\n\n\n\n<p><\/p>\n\n\n\n<p>\u00abE del Lecce attuale, cosa mi dici?\u00bb<\/p>\n\n\n\n<p><\/p>\n\n\n\n<p>Andrea non risponde, glissa e si riempie la bocca con le castagne bollenti che sono appena state sfornate.<\/p>\n\n\n\n<p><\/p>\n\n\n\n<p>\u00abLasciamo perdere, piuttosto ti \u00e8 piaciuto il pranzo? C&#8217;\u00e8 ancora posto per il dolce?\u00bb<\/p>\n\n\n\n<p><\/p>\n\n\n\n<p>Arriva una torta con mele e castagne, degna conclusione per il pranzo della domenica con Andrea, Elisa, Giulio, Emma, Cara e Gaetano&#8230;<\/p>\n\n\n\n<p><img decoding=\"async\" loading=\"lazy\" width=\"916\" height=\"2032\" class=\"wp-image-235864\" style=\"width: 1200px;\" src=\"https:\/\/www.leccecronaca.it\/wordpress\/wp-content\/uploads\/2024\/11\/andrew.jpg\" alt=\"\" srcset=\"https:\/\/www.leccecronaca.it\/wordpress\/wp-content\/uploads\/2024\/11\/andrew.jpg 916w, https:\/\/www.leccecronaca.it\/wordpress\/wp-content\/uploads\/2024\/11\/andrew-135x300.jpg 135w, https:\/\/www.leccecronaca.it\/wordpress\/wp-content\/uploads\/2024\/11\/andrew-462x1024.jpg 462w, https:\/\/www.leccecronaca.it\/wordpress\/wp-content\/uploads\/2024\/11\/andrew-768x1704.jpg 768w, https:\/\/www.leccecronaca.it\/wordpress\/wp-content\/uploads\/2024\/11\/andrew-692x1536.jpg 692w\" sizes=\"(max-width: 916px) 100vw, 916px\" \/><\/p>\n\n\n\n<p><\/p>\n\n\n\n<p>______<\/p>\n\n\n\n<p><strong>( 25 \u2010 continua )<\/strong><\/p>\n<fb:like href='https:\/\/www.leccecronaca.it\/index.php\/2024\/11\/10\/il-pranzo-della-domenica-il-calcio-e-ancora-bello-solo-a-casa-di-andrea-polo\/' send='true' layout='button_count' show_faces='true' width='450' height='65' action='recommend' colorscheme='light' font='lucida grande'><\/fb:like><span class=\"fb_share\"><fb:like href=\"https:\/\/www.leccecronaca.it\/index.php\/2024\/11\/10\/il-pranzo-della-domenica-il-calcio-e-ancora-bello-solo-a-casa-di-andrea-polo\/\" layout=\"button_count\"><\/fb:like><\/span>","protected":false},"excerpt":{"rendered":"<p>di Raffaele Polo ______ Diciamo subito che san Martino \u00e8 uno dei santi pi\u00f9 conosciuti e venerati: la sua offerta del mantello al povero \u00e8 universalmente apprezzata e non \u00e8 un caso che l&#8217;estate di San Martino coincida proprio con questa leggendaria e umanissima vicenda che \u00e8, purtroppo, sempre pi\u00f9 lontana dalla nostra pagana realt\u00e0&#8230; [&hellip;]<\/p>\n","protected":false},"author":4,"featured_media":235863,"comment_status":"open","ping_status":"closed","sticky":false,"template":"","format":"standard","meta":[],"categories":[1,31],"tags":[],"_links":{"self":[{"href":"https:\/\/www.leccecronaca.it\/index.php\/wp-json\/wp\/v2\/posts\/235862"}],"collection":[{"href":"https:\/\/www.leccecronaca.it\/index.php\/wp-json\/wp\/v2\/posts"}],"about":[{"href":"https:\/\/www.leccecronaca.it\/index.php\/wp-json\/wp\/v2\/types\/post"}],"author":[{"embeddable":true,"href":"https:\/\/www.leccecronaca.it\/index.php\/wp-json\/wp\/v2\/users\/4"}],"replies":[{"embeddable":true,"href":"https:\/\/www.leccecronaca.it\/index.php\/wp-json\/wp\/v2\/comments?post=235862"}],"version-history":[{"count":1,"href":"https:\/\/www.leccecronaca.it\/index.php\/wp-json\/wp\/v2\/posts\/235862\/revisions"}],"predecessor-version":[{"id":235865,"href":"https:\/\/www.leccecronaca.it\/index.php\/wp-json\/wp\/v2\/posts\/235862\/revisions\/235865"}],"wp:featuredmedia":[{"embeddable":true,"href":"https:\/\/www.leccecronaca.it\/index.php\/wp-json\/wp\/v2\/media\/235863"}],"wp:attachment":[{"href":"https:\/\/www.leccecronaca.it\/index.php\/wp-json\/wp\/v2\/media?parent=235862"}],"wp:term":[{"taxonomy":"category","embeddable":true,"href":"https:\/\/www.leccecronaca.it\/index.php\/wp-json\/wp\/v2\/categories?post=235862"},{"taxonomy":"post_tag","embeddable":true,"href":"https:\/\/www.leccecronaca.it\/index.php\/wp-json\/wp\/v2\/tags?post=235862"}],"curies":[{"name":"wp","href":"https:\/\/api.w.org\/{rel}","templated":true}]}}