{"id":235868,"date":"2024-11-06T20:26:19","date_gmt":"2024-11-06T19:26:19","guid":{"rendered":"https:\/\/www.leccecronaca.it\/?p=235868"},"modified":"2024-11-09T15:38:59","modified_gmt":"2024-11-09T14:38:59","slug":"i-conti-in-tasca-al-sindaco-ecco-quanto-ha-speso-adriana-poli-bortone-per-la-recente-campagna-elettorale-e-cosa-dice-la-sua-dichiarazione-dei-redditi","status":"publish","type":"post","link":"https:\/\/www.leccecronaca.it\/index.php\/2024\/11\/06\/i-conti-in-tasca-al-sindaco-ecco-quanto-ha-speso-adriana-poli-bortone-per-la-recente-campagna-elettorale-e-cosa-dice-la-sua-dichiarazione-dei-redditi\/","title":{"rendered":"I CONTI IN TASCA AL SINDACO. ECCO QUANTO HA SPESO ADRIANA POLI BORTONE PER LA RECENTE CAMPAGNA ELETTORALE, E COSA DICE LA SUA DICHIARAZIONE DEI REDDITI"},"content":{"rendered":"\n<p><img decoding=\"async\" loading=\"lazy\" width=\"851\" height=\"315\" class=\"wp-image-235869\" style=\"width: 2500px;\" src=\"https:\/\/www.leccecronaca.it\/wordpress\/wp-content\/uploads\/2024\/11\/apbbuna.jpg\" alt=\"\" srcset=\"https:\/\/www.leccecronaca.it\/wordpress\/wp-content\/uploads\/2024\/11\/apbbuna.jpg 851w, https:\/\/www.leccecronaca.it\/wordpress\/wp-content\/uploads\/2024\/11\/apbbuna-300x111.jpg 300w, https:\/\/www.leccecronaca.it\/wordpress\/wp-content\/uploads\/2024\/11\/apbbuna-768x284.jpg 768w\" sizes=\"(max-width: 851px) 100vw, 851px\" \/><\/p>\n\n\n\n<p>(g.p.) ________ Il Comune di Lecce ha pubblicato questa sera, come obbligano le norme vigenti per doverosa trasparenza nei confronti dei cittadini, <\/p>\n\n\n\n<p>DICHIARAZIONE PATRIMONIALE RELATIVA ALL&#8217;ANNO 2023, DICHIARAZIONE E RENDICONTO SPESE ELETTORALI, CURRICULUM VITAE DELLA SIG. RA POLI ADRIANA IN QUALITA&#8217; DI SINDACO DEL COMUNE DI LECCE, SECONDO QUANTO PREVISTO DAGLI ARTICOLI 62 E 63 DEL VIGENTE REGOLAMENTO SUL FUNZIONAMENTO DEL CONSIGLIO COMUNALE.<\/p>\n\n\n\n<p>Ora, il curriculum vitae del sindaco \u00e8 cosa nota e non c&#8217;\u00e8 bisogno di ricordarlo.<\/p>\n\n\n\n<p>Vediamo il resto.<\/p>\n\n\n\n<p>La recente campagna elettorale per le amministrative \u00e8 costata al sindaco 63. 255 euro, fra materiali, manifestazioni e spese varie di propaganda. <\/p>\n\n\n\n<p>Di questi, 8.000 euro sono stati pagati di tasca propria, 50.055 sono stati versati da &#8216;partito, lista, gruppo di liste, o da terzi&#8217; e 5.200 rimanevano a debito, almeno alla data di presentazione del documento alla Corte d&#8217;Appello di Bari, in ossequio alla normativa vigente, il 23 settembre scorso.<\/p>\n\n\n\n<p>La parte pi\u00f9 interessante per i cittadini sarebbero i contributi versati da &#8216;partito, lista, gruppo di liste, o da terzi&#8217;, cio\u00e8 chi ha finanziato per la maggior parte delle spese sostenute la campagna elettorale, da dettagliare in un apposito allegato, che \u00e8 stato in effetti presentato e appunto allegato alla documentazione inviata al Collegio Regionale di Garanzia Elettorale per la Puglia, come detto presso la Corte d&#8217;Appello di Bari, ma che non \u00e8 stato reso noto: cio\u00e8 non \u00e8 stato reso pubblico, questo allegato, dal sito del Comune ALBO PRETORIO, a differenza di tutto il resto.<\/p>\n\n\n\n<p><\/p>\n\n\n\n<p>Infine, dalla dichiarazione dei redditi presentata all&#8217;Agenzia delle Entrate lo scorso 31 ottobre, periodo di imposta dello scorso anno, emerge  che il sindaco ha un reddito totale di 193.466 euro, su cui ha pagato 74.921 euro di tasse.<\/p>\n\n\n\n<p><\/p>\n\n\n\n<p> <\/p>\n\n\n\n<p> <\/p>\n<fb:like href='https:\/\/www.leccecronaca.it\/index.php\/2024\/11\/06\/i-conti-in-tasca-al-sindaco-ecco-quanto-ha-speso-adriana-poli-bortone-per-la-recente-campagna-elettorale-e-cosa-dice-la-sua-dichiarazione-dei-redditi\/' send='true' layout='button_count' show_faces='true' width='450' height='65' action='recommend' colorscheme='light' font='lucida grande'><\/fb:like><span class=\"fb_share\"><fb:like href=\"https:\/\/www.leccecronaca.it\/index.php\/2024\/11\/06\/i-conti-in-tasca-al-sindaco-ecco-quanto-ha-speso-adriana-poli-bortone-per-la-recente-campagna-elettorale-e-cosa-dice-la-sua-dichiarazione-dei-redditi\/\" layout=\"button_count\"><\/fb:like><\/span>","protected":false},"excerpt":{"rendered":"<p>(g.p.) ________ Il Comune di Lecce ha pubblicato questa sera, come obbligano le norme vigenti per doverosa trasparenza nei confronti dei cittadini, DICHIARAZIONE PATRIMONIALE RELATIVA ALL&#8217;ANNO 2023, DICHIARAZIONE E RENDICONTO SPESE ELETTORALI, CURRICULUM VITAE DELLA SIG. RA POLI ADRIANA IN QUALITA&#8217; DI SINDACO DEL COMUNE DI LECCE, SECONDO QUANTO PREVISTO DAGLI ARTICOLI 62 E 63 [&hellip;]<\/p>\n","protected":false},"author":4,"featured_media":235869,"comment_status":"open","ping_status":"closed","sticky":false,"template":"","format":"standard","meta":[],"categories":[76],"tags":[],"_links":{"self":[{"href":"https:\/\/www.leccecronaca.it\/index.php\/wp-json\/wp\/v2\/posts\/235868"}],"collection":[{"href":"https:\/\/www.leccecronaca.it\/index.php\/wp-json\/wp\/v2\/posts"}],"about":[{"href":"https:\/\/www.leccecronaca.it\/index.php\/wp-json\/wp\/v2\/types\/post"}],"author":[{"embeddable":true,"href":"https:\/\/www.leccecronaca.it\/index.php\/wp-json\/wp\/v2\/users\/4"}],"replies":[{"embeddable":true,"href":"https:\/\/www.leccecronaca.it\/index.php\/wp-json\/wp\/v2\/comments?post=235868"}],"version-history":[{"count":2,"href":"https:\/\/www.leccecronaca.it\/index.php\/wp-json\/wp\/v2\/posts\/235868\/revisions"}],"predecessor-version":[{"id":235876,"href":"https:\/\/www.leccecronaca.it\/index.php\/wp-json\/wp\/v2\/posts\/235868\/revisions\/235876"}],"wp:featuredmedia":[{"embeddable":true,"href":"https:\/\/www.leccecronaca.it\/index.php\/wp-json\/wp\/v2\/media\/235869"}],"wp:attachment":[{"href":"https:\/\/www.leccecronaca.it\/index.php\/wp-json\/wp\/v2\/media?parent=235868"}],"wp:term":[{"taxonomy":"category","embeddable":true,"href":"https:\/\/www.leccecronaca.it\/index.php\/wp-json\/wp\/v2\/categories?post=235868"},{"taxonomy":"post_tag","embeddable":true,"href":"https:\/\/www.leccecronaca.it\/index.php\/wp-json\/wp\/v2\/tags?post=235868"}],"curies":[{"name":"wp","href":"https:\/\/api.w.org\/{rel}","templated":true}]}}