{"id":235950,"date":"2024-11-08T20:20:08","date_gmt":"2024-11-08T19:20:08","guid":{"rendered":"https:\/\/www.leccecronaca.it\/?p=235950"},"modified":"2024-11-08T20:20:11","modified_gmt":"2024-11-08T19:20:11","slug":"mori-in-un-incidente-stradale-a-pasquetta-per-i-genitori-fu-omicidio","status":"publish","type":"post","link":"https:\/\/www.leccecronaca.it\/index.php\/2024\/11\/08\/mori-in-un-incidente-stradale-a-pasquetta-per-i-genitori-fu-omicidio\/","title":{"rendered":"MORI&#8217; IN UN INCIDENTE STRADALE A PASQUETTA, PER I GENITORI FU OMICIDIO"},"content":{"rendered":"\n<p><img decoding=\"async\" loading=\"lazy\" width=\"818\" height=\"539\" class=\"wp-image-235951\" style=\"width: 1200px;\" src=\"https:\/\/www.leccecronaca.it\/wordpress\/wp-content\/uploads\/2024\/11\/download-1731089002737.jpg-gallipoli__giorgio_spada_mori_in_un_incidente_stradale__dopo_7_mesi_aperta_inchiesta_per_omicidio_colposo_.jpg\" alt=\"\" srcset=\"https:\/\/www.leccecronaca.it\/wordpress\/wp-content\/uploads\/2024\/11\/download-1731089002737.jpg-gallipoli__giorgio_spada_mori_in_un_incidente_stradale__dopo_7_mesi_aperta_inchiesta_per_omicidio_colposo_.jpg 818w, https:\/\/www.leccecronaca.it\/wordpress\/wp-content\/uploads\/2024\/11\/download-1731089002737.jpg-gallipoli__giorgio_spada_mori_in_un_incidente_stradale__dopo_7_mesi_aperta_inchiesta_per_omicidio_colposo_-300x198.jpg 300w, https:\/\/www.leccecronaca.it\/wordpress\/wp-content\/uploads\/2024\/11\/download-1731089002737.jpg-gallipoli__giorgio_spada_mori_in_un_incidente_stradale__dopo_7_mesi_aperta_inchiesta_per_omicidio_colposo_-768x506.jpg 768w\" sizes=\"(max-width: 818px) 100vw, 818px\" \/>(e.l.) _______ &#8216;Non \u00e8 stato un incidente stradale, l&#8217;incidente \u00e8 stato provocato, \u00e8 stato un omicidio. Indagate&#8217;. Questo diceva e chiedeva l&#8217;esposto presentato in Procura da Sebastiano Spada e Raffaella Carretta, i genitori di Giorgio Spada, 32 anni, di Gallipoli, morto il 1. aprile scorso sulla provinciale per Matino, rientrando da casa della fidanzata. Proprio contro la famiglia di lei, madre e compagno della madre, viene puntato il dito dall&#8217;esposto, in un viene tratteggiato un quadro di presunte divergenze, intimidazioni e violenze che sarebbe stato messo in atto contro il giovane.<\/p>\n\n\n\n<p>&#8216;Indagate&#8230;Giorgio aveva tanta paura&#8230;&#8217;.<\/p>\n\n\n\n<p>La Procura della Repubblica di Lecce ha aperto un indagine, a carico di ignoti, in cui viene ipotizzato il reato di omicidio colposo. _______<\/p>\n\n\n\n<p>LA RICERCA nel nostro articolo del 2 aprile scorso<\/p>\n\n\n\n<figure class=\"wp-block-embed is-type-wp-embed is-provider-leccecronaca-it wp-block-embed-leccecronaca-it\"><div class=\"wp-block-embed__wrapper\">\n<blockquote class=\"wp-embedded-content\" data-secret=\"FmAuhuNmWY\"><a href=\"https:\/\/www.leccecronaca.it\/index.php\/2024\/04\/02\/dopo-pasqua-anche-pasquetta-di-sangue-sulle-strade-salentine-unaltra-giovane-vittima\/\">DOPO PASQUA, ANCHE PASQUETTA DI SANGUE SULLE STRADE SALENTINE, UN\u2019ALTRA GIOVANE VITTIMA<\/a><\/blockquote><iframe class=\"wp-embedded-content\" sandbox=\"allow-scripts\" security=\"restricted\" style=\"position: absolute; clip: rect(1px, 1px, 1px, 1px);\" title=\"&#8220;DOPO PASQUA, ANCHE PASQUETTA DI SANGUE SULLE STRADE SALENTINE, UN\u2019ALTRA GIOVANE VITTIMA&#8221; &#8212; LecceCronaca.it\" src=\"https:\/\/www.leccecronaca.it\/index.php\/2024\/04\/02\/dopo-pasqua-anche-pasquetta-di-sangue-sulle-strade-salentine-unaltra-giovane-vittima\/embed\/#?secret=nYpYOAjeMT#?secret=FmAuhuNmWY\" data-secret=\"FmAuhuNmWY\" width=\"500\" height=\"282\" frameborder=\"0\" marginwidth=\"0\" marginheight=\"0\" scrolling=\"no\"><\/iframe>\n<\/div><\/figure>\n<fb:like href='https:\/\/www.leccecronaca.it\/index.php\/2024\/11\/08\/mori-in-un-incidente-stradale-a-pasquetta-per-i-genitori-fu-omicidio\/' send='true' layout='button_count' show_faces='true' width='450' height='65' action='recommend' colorscheme='light' font='lucida grande'><\/fb:like><span class=\"fb_share\"><fb:like href=\"https:\/\/www.leccecronaca.it\/index.php\/2024\/11\/08\/mori-in-un-incidente-stradale-a-pasquetta-per-i-genitori-fu-omicidio\/\" layout=\"button_count\"><\/fb:like><\/span>","protected":false},"excerpt":{"rendered":"<p>(e.l.) _______ &#8216;Non \u00e8 stato un incidente stradale, l&#8217;incidente \u00e8 stato provocato, \u00e8 stato un omicidio. Indagate&#8217;. Questo diceva e chiedeva l&#8217;esposto presentato in Procura da Sebastiano Spada e Raffaella Carretta, i genitori di Giorgio Spada, 32 anni, di Gallipoli, morto il 1. aprile scorso sulla provinciale per Matino, rientrando da casa della fidanzata. Proprio [&hellip;]<\/p>\n","protected":false},"author":4,"featured_media":235951,"comment_status":"open","ping_status":"closed","sticky":false,"template":"","format":"standard","meta":[],"categories":[69],"tags":[],"_links":{"self":[{"href":"https:\/\/www.leccecronaca.it\/index.php\/wp-json\/wp\/v2\/posts\/235950"}],"collection":[{"href":"https:\/\/www.leccecronaca.it\/index.php\/wp-json\/wp\/v2\/posts"}],"about":[{"href":"https:\/\/www.leccecronaca.it\/index.php\/wp-json\/wp\/v2\/types\/post"}],"author":[{"embeddable":true,"href":"https:\/\/www.leccecronaca.it\/index.php\/wp-json\/wp\/v2\/users\/4"}],"replies":[{"embeddable":true,"href":"https:\/\/www.leccecronaca.it\/index.php\/wp-json\/wp\/v2\/comments?post=235950"}],"version-history":[{"count":1,"href":"https:\/\/www.leccecronaca.it\/index.php\/wp-json\/wp\/v2\/posts\/235950\/revisions"}],"predecessor-version":[{"id":235952,"href":"https:\/\/www.leccecronaca.it\/index.php\/wp-json\/wp\/v2\/posts\/235950\/revisions\/235952"}],"wp:featuredmedia":[{"embeddable":true,"href":"https:\/\/www.leccecronaca.it\/index.php\/wp-json\/wp\/v2\/media\/235951"}],"wp:attachment":[{"href":"https:\/\/www.leccecronaca.it\/index.php\/wp-json\/wp\/v2\/media?parent=235950"}],"wp:term":[{"taxonomy":"category","embeddable":true,"href":"https:\/\/www.leccecronaca.it\/index.php\/wp-json\/wp\/v2\/categories?post=235950"},{"taxonomy":"post_tag","embeddable":true,"href":"https:\/\/www.leccecronaca.it\/index.php\/wp-json\/wp\/v2\/tags?post=235950"}],"curies":[{"name":"wp","href":"https:\/\/api.w.org\/{rel}","templated":true}]}}