{"id":236159,"date":"2024-11-15T16:10:22","date_gmt":"2024-11-15T15:10:22","guid":{"rendered":"https:\/\/www.leccecronaca.it\/?p=236159"},"modified":"2024-11-15T16:21:09","modified_gmt":"2024-11-15T15:21:09","slug":"mille-voci-una-citta-la-festa-di-lecce-citta-pubblica-in-programma-per-sabato-16-e-domenica-17","status":"publish","type":"post","link":"https:\/\/www.leccecronaca.it\/index.php\/2024\/11\/15\/mille-voci-una-citta-la-festa-di-lecce-citta-pubblica-in-programma-per-sabato-16-e-domenica-17\/","title":{"rendered":"&#8220;Mille Voci, Una Citt\u00e0&#8221;, LA FESTA DI LECCE CITTA&#8217; PUBBLICA IN PROGRAMMA PER SABATO 16 E DOMENICA 17"},"content":{"rendered":"\n<p><img decoding=\"async\" loading=\"lazy\" width=\"1334\" height=\"1334\" class=\"wp-image-236160\" style=\"width: 1200px;\" src=\"https:\/\/www.leccecronaca.it\/wordpress\/wp-content\/uploads\/2024\/11\/54518759_10218492130364317_7037537638026313728_n.jpg\" alt=\"\" srcset=\"https:\/\/www.leccecronaca.it\/wordpress\/wp-content\/uploads\/2024\/11\/54518759_10218492130364317_7037537638026313728_n.jpg 1334w, https:\/\/www.leccecronaca.it\/wordpress\/wp-content\/uploads\/2024\/11\/54518759_10218492130364317_7037537638026313728_n-300x300.jpg 300w, https:\/\/www.leccecronaca.it\/wordpress\/wp-content\/uploads\/2024\/11\/54518759_10218492130364317_7037537638026313728_n-1024x1024.jpg 1024w, https:\/\/www.leccecronaca.it\/wordpress\/wp-content\/uploads\/2024\/11\/54518759_10218492130364317_7037537638026313728_n-150x150.jpg 150w, https:\/\/www.leccecronaca.it\/wordpress\/wp-content\/uploads\/2024\/11\/54518759_10218492130364317_7037537638026313728_n-768x768.jpg 768w, https:\/\/www.leccecronaca.it\/wordpress\/wp-content\/uploads\/2024\/11\/54518759_10218492130364317_7037537638026313728_n-60x60.jpg 60w\" sizes=\"(max-width: 1334px) 100vw, 1334px\" \/><\/p>\n\n\n\n<p>Riceviamo e volentieri pubblichiamo (nella nostra foto la coordinatrice di Lecce Citt\u00e0 Pubblica Silvia Miglietta) ______ Lecce, 14 novembre 2024 \u2013 Lecce Citt\u00e0 Pubblica annuncia la Festa Democratica &#8220;Mille Voci, Una Citt\u00e0&#8221; che si terr\u00e0 il 16 e 17 novembre presso il Teatrino del Convitto Palmieri, in Piazzetta Giosu\u00e8 Carducci.<\/p>\n\n\n\n<p>La Festa Democratica sar\u00e0 un\u2019occasione di incontro e dialogo aperto a tutte le cittadine e i cittadini interessati a contribuire al futuro della citt\u00e0. Due giorni dedicati al confronto, con la partecipazione di figure di spicco del panorama politico e culturale, per discutere temi di attualit\u00e0 e proposte concrete per una Lecce pi\u00f9 inclusiva e sostenibile.<\/p>\n\n\n\n<p>L&#8217;iniziativa prende il via la mattina di sabato 16 novembre, alle ore 10:30, con un intervento di apertura di Sergio della Giorgia, capogruppo di Lecce citt\u00e0 pubblica in consiglio comunale, seguito da un confronto tra Antonio Decaro e Carlo Salvemini moderato da Francesco Gioffredi, su come le citt\u00e0 possano ambire ad un dialogo con l&#8217;Europa.<\/p>\n\n\n\n<p>Nel pomeriggio, alle ore 17:00, si terr\u00e0 un dibattito sul tema \u201cEnergia Urbana: sviluppo delle rinnovabili e trasformazioni del territorio\u201d con Alessandro Delli Noci e Carlo Salvemini, moderato da Paola Ancora. Alle 18:30 seguir\u00e0 un dialogo dal titolo \u201cPi\u00f9 sicurezza? Meno diritti. Decreto sicurezza e libert\u00e0 minacciate\u201d, con Francesco Calabro, Giuseppe Fornari e Maurizia Pierri, moderato da Gabriele De Giorgi.<\/p>\n\n\n\n<p>La giornata di domenica 17 novembre prender\u00e0 il via alle ore 17:00 con \u201cAbitare la citt\u00e0. Dal diritto alla casa, agli spazi pubblici e ai luoghi della cultura\u201d dialogo a cui parteciperanno Rita Miglietta, Fabiana Cicirillo e Loredana Capone, con la moderazione di Ilaria Marinaci.<\/p>\n\n\n\n<p>Alle 18:30 segue \u201cLa citt\u00e0 di tutte e tutti e delle sfide del centrosinistra per un&#8217;alternanza politica\u201d, insieme a Silvia Miglietta, Paolo Foresio, Cosimo Carulli, Marco De Matteis e Pierpaolo Patti, con Natasha Mariano a moderare l\u2019incontro.<\/p>\n\n\n\n<p>La due giorni si concluder\u00e0 con un aperitivo presso le Officine Culturali Ergot alle ore 20:00, un momento informale per proseguire il dialogo in un\u2019atmosfera conviviale.<\/p>\n\n\n\n<p>\u201cIl nostro obiettivo \u00e8 lavorare insieme, in un percorso condiviso, per superare le sfide e valorizzare le opportunit\u00e0, affinch\u00e9 la nostra citt\u00e0 diventi un luogo in cui ciascuno si senta rappresentato e accolto. &#8211; dichiara Silvia Miglietta, coordinatrice di Lecce Citt\u00e0 Pubblica &#8211; Attraverso momenti di dibattito, confronto e partecipazione attiva, ci impegniamo a costruire una citt\u00e0 che non lasci indietro nessuno, che promuova l\u2019uguaglianza, e che sappia rispondere ai bisogni concreti dei suoi cittadini e cittadine. Invitiamo tutte e tutti a partecipare a questo appuntamento, che non \u00e8 solo un\u2019occasione di incontro ma un vero e proprio laboratorio di idee e di confronto, con l\u2019auspicio che, insieme, si possa ricostruire un&#8217;alternativa politica e dare vita ad una citt\u00e0 in cui ognuno possa sentirsi a casa.\u201d<\/p>\n\n\n\n<p>La partecipazione \u00e8 aperta a tutte e tutti. Per maggiori informazioni, \u00e8 possibile consultare i canali ufficiali di Lecce Citt\u00e0 Pubblica.<\/p>\n<fb:like href='https:\/\/www.leccecronaca.it\/index.php\/2024\/11\/15\/mille-voci-una-citta-la-festa-di-lecce-citta-pubblica-in-programma-per-sabato-16-e-domenica-17\/' send='true' layout='button_count' show_faces='true' width='450' height='65' action='recommend' colorscheme='light' font='lucida grande'><\/fb:like><span class=\"fb_share\"><fb:like href=\"https:\/\/www.leccecronaca.it\/index.php\/2024\/11\/15\/mille-voci-una-citta-la-festa-di-lecce-citta-pubblica-in-programma-per-sabato-16-e-domenica-17\/\" layout=\"button_count\"><\/fb:like><\/span>","protected":false},"excerpt":{"rendered":"<p>Riceviamo e volentieri pubblichiamo (nella nostra foto la coordinatrice di Lecce Citt\u00e0 Pubblica Silvia Miglietta) ______ Lecce, 14 novembre 2024 \u2013 Lecce Citt\u00e0 Pubblica annuncia la Festa Democratica &#8220;Mille Voci, Una Citt\u00e0&#8221; che si terr\u00e0 il 16 e 17 novembre presso il Teatrino del Convitto Palmieri, in Piazzetta Giosu\u00e8 Carducci. La Festa Democratica sar\u00e0 un\u2019occasione [&hellip;]<\/p>\n","protected":false},"author":4,"featured_media":236160,"comment_status":"open","ping_status":"closed","sticky":false,"template":"","format":"standard","meta":[],"categories":[69,75,76,36],"tags":[],"_links":{"self":[{"href":"https:\/\/www.leccecronaca.it\/index.php\/wp-json\/wp\/v2\/posts\/236159"}],"collection":[{"href":"https:\/\/www.leccecronaca.it\/index.php\/wp-json\/wp\/v2\/posts"}],"about":[{"href":"https:\/\/www.leccecronaca.it\/index.php\/wp-json\/wp\/v2\/types\/post"}],"author":[{"embeddable":true,"href":"https:\/\/www.leccecronaca.it\/index.php\/wp-json\/wp\/v2\/users\/4"}],"replies":[{"embeddable":true,"href":"https:\/\/www.leccecronaca.it\/index.php\/wp-json\/wp\/v2\/comments?post=236159"}],"version-history":[{"count":2,"href":"https:\/\/www.leccecronaca.it\/index.php\/wp-json\/wp\/v2\/posts\/236159\/revisions"}],"predecessor-version":[{"id":236162,"href":"https:\/\/www.leccecronaca.it\/index.php\/wp-json\/wp\/v2\/posts\/236159\/revisions\/236162"}],"wp:featuredmedia":[{"embeddable":true,"href":"https:\/\/www.leccecronaca.it\/index.php\/wp-json\/wp\/v2\/media\/236160"}],"wp:attachment":[{"href":"https:\/\/www.leccecronaca.it\/index.php\/wp-json\/wp\/v2\/media?parent=236159"}],"wp:term":[{"taxonomy":"category","embeddable":true,"href":"https:\/\/www.leccecronaca.it\/index.php\/wp-json\/wp\/v2\/categories?post=236159"},{"taxonomy":"post_tag","embeddable":true,"href":"https:\/\/www.leccecronaca.it\/index.php\/wp-json\/wp\/v2\/tags?post=236159"}],"curies":[{"name":"wp","href":"https:\/\/api.w.org\/{rel}","templated":true}]}}