{"id":236304,"date":"2024-11-19T14:22:41","date_gmt":"2024-11-19T13:22:41","guid":{"rendered":"https:\/\/www.leccecronaca.it\/?p=236304"},"modified":"2024-11-19T14:22:45","modified_gmt":"2024-11-19T13:22:45","slug":"la-giornata-nazionale-degli-alberi-ecco-tutti-i-benefici-apportati","status":"publish","type":"post","link":"https:\/\/www.leccecronaca.it\/index.php\/2024\/11\/19\/la-giornata-nazionale-degli-alberi-ecco-tutti-i-benefici-apportati\/","title":{"rendered":"LA GIORNATA NAZIONALE DEGLI ALBERI \/ ECCO TUTTI I BENEFICI APPORTATI"},"content":{"rendered":"\n<p><img decoding=\"async\" loading=\"lazy\" width=\"1000\" height=\"750\" class=\"wp-image-236305\" style=\"width: 1500px;\" src=\"https:\/\/www.leccecronaca.it\/wordpress\/wp-content\/uploads\/2024\/11\/sensori-orizzontale.jpg\" alt=\"\" srcset=\"https:\/\/www.leccecronaca.it\/wordpress\/wp-content\/uploads\/2024\/11\/sensori-orizzontale.jpg 1000w, https:\/\/www.leccecronaca.it\/wordpress\/wp-content\/uploads\/2024\/11\/sensori-orizzontale-300x225.jpg 300w, https:\/\/www.leccecronaca.it\/wordpress\/wp-content\/uploads\/2024\/11\/sensori-orizzontale-768x576.jpg 768w, https:\/\/www.leccecronaca.it\/wordpress\/wp-content\/uploads\/2024\/11\/sensori-orizzontale-400x300.jpg 400w\" sizes=\"(max-width: 1000px) 100vw, 1000px\" \/><\/p>\n\n\n\n<p>Riceviamo e volentieri pubblichiamo. Da Milano &#8216;Prospettiva Terra&#8217; ci manda il seguente comunicato ______<\/p>\n\n\n\n<p><strong>PROSPETTIVA TERRA: UN ITALIANO SU TRE IGNORA IL RUOLO DEGLI ALBERI CONTRO ALLUVIONI&nbsp;<\/strong><strong>E RISCALDAMENTO GLOBALE<\/strong><\/p>\n\n\n\n<p><em>In occasione della Giornata Nazionale degli Alberi (21 novembre), Prospettiva Terra &#8211; progetto non-profit creato da aziende che hanno deciso di affrontare insieme il problema del riscaldamento globale &#8211; ha condotto uno studio in cinque grandi citt\u00e0 italiane (Milano, Torino, Roma, Napoli e Palermo), per indagare il grado di conoscenza dei cittadini sul ruolo che gli alberi ricoprono nel contrastare e mitigare gli effetti del cambiamento climatico. Dall&#8217;indagine \u00e8 emerso che 3 intervistati su 10 non sanno che gli alberi nelle citt\u00e0 sono in grado di assorbire la CO<sub>2<\/sub>.<\/em><\/p>\n\n\n\n<p><em>Milano, 19 novembre 2024<\/em>&nbsp;&#8211; Nelle grandi citt\u00e0 italiane cresce il desiderio degli abitanti di avere pi\u00f9 alberi, ma quanto ne sanno dei benefici che questi apportano? Purtroppo, non abbastanza.&nbsp;<strong>Quasi 3 intervistati su 4 (73%) sanno che gli alberi abbassano la temperatura laddove sono piantati<\/strong>, limitando la formazione delle cosiddette &#8220;isole di calore\u201d<a href=\"\/Users\/m.dicicco\/OneDrive\/Desktop\/LANCIO%20PTERRA\/CS_P.%20Terra_Giornata%20naz.le%20alberi_DEF%20-%20Copia.docx#_ftn1\" target=\"_blank\" rel=\"noreferrer noopener\">[1]<\/a>.&nbsp;<strong>Quasi un italiano su 5 non sa che gli alberi sono in grado di mitigare gli effetti della pioggia intensa e limitare gli allagamenti, mentre 1 su 3 non sa che gli alberi nelle citt\u00e0 sono in grado di assorbire la CO<sub>2.&nbsp;<\/sub><\/strong>Questi sono solo alcuni dei dati emersi da un&#8217;inedita ricerca elaborata dalla divisione&nbsp;<strong>Annalect di Omnicom Media Group<a href=\"\/Users\/m.dicicco\/OneDrive\/Desktop\/LANCIO%20PTERRA\/CS_P.%20Terra_Giornata%20naz.le%20alberi_DEF%20-%20Copia.docx#_ftn2\" target=\"_blank\" rel=\"noreferrer noopener\"><strong>[2]<\/strong><\/a>&nbsp;<\/strong>per&nbsp;<strong>Prospettiva Terra<\/strong>, il progetto non-profit fondato dal prof.&nbsp;<strong>Stefano Mancuso<\/strong>, accademico e divulgatore scientifico e da&nbsp;<strong>Marco Girelli<\/strong>, CEO di Omnicom Media Group Italia &#8211; con la partecipazione di realt\u00e0 quali McDonald&#8217;s, Henkel, Ricola, Acone Associati, Publitalia&#8217;80 ed il contributo di Pnat, come partner scientifico e BAM &#8211; Biblioteca degli Alberi di Milano, come Botanical Partner &#8211; con l&#8217;obiettivo di fare rete contro la crisi ambientale grazie agli alberi. L&#8217;indagine, realizzata su un campione di 1.000 intervistati residenti in&nbsp;<strong>cinque grandi citt\u00e0 italiane<\/strong>,&nbsp;<strong>Milano, Torino, Roma, Napoli e Palermo,&nbsp;<\/strong>ha l&#8217;obiettivo di investigare il grado di conoscenza dei cittadini sul ruolo che gli alberi ricoprono nel contrastare e mitigare gli effetti del cambiamento climatico in occasione della Giornata Nazionale degli Alberi (21 novembre).<strong><sub><\/sub><\/strong><\/p>\n\n\n\n<p><strong><sub>&nbsp;<\/sub><\/strong><strong>I GIOVANI MENO PREPARATI SUI &#8220;POLMONI\u201d DEL PIANETA, LE FORESTE<\/strong><\/p>\n\n\n\n<p>Andando ad approfondire i dati della ricerca, si scopre che 6 italiani su 10 affermano che le foreste molto estese nel mondo sono in grado di assorbire grandi quantit\u00e0 di CO<sub>2<\/sub>, consapevolezza che cala &#8211; a sorpresa &#8211; sul target dei giovani 18-24enni (58%), sempre attenti ai temi ambientali, rispetto a quello dei 55-64enni (65%).<\/p>\n\n\n\n<p><em>\u00abSappiamo ancora troppo poco del nostro pianeta e questa ricerca ce lo dimostra &#8211;&nbsp;<\/em>afferma il&nbsp;<strong>professor Stefano Mancuso<\/strong><em>&nbsp;&#8211; Il disastro di Valencia o le alluvioni in Emilia-Romagna e in Sicilia, tanto per citare i gravi fatti pi\u00f9 recenti, ci impongono un&#8217;azione forte e non pi\u00f9 rimandabile. Il 2024 sar\u00e0 l&#8217;anno pi\u00f9 caldo di sempre ed il primo con una temperatura media globale di 1,5 gradi sopra i livelli preindustriali. Per questo bisogna educare le persone, fare formazione e informazione su come proteggere il nostro pianeta e limitare i danni: questo \u00e8 l&#8217;obiettivo di Prospettiva Terra, con cui stiamo costruendo un modello cooperativo e diffuso, simile alle reti vegetali, in cui delle imprese private decidono di farsi carico del futuro che ci aspetta, lavorando nell&#8217;unica direzione possibile, ossia la partecipazione diretta a progetti di innovazione scientifica\u00bb.<\/em><\/p>\n\n\n\n<p><strong>CENTRO E PERIFERIE: COME CAMBIA LA PERCEZIONE DELLA PRESENZA ARBOREA NELLE CITT\u00c0<\/strong><\/p>\n\n\n\n<p>3 abitanti su 4 dichiarano che nel proprio quartiere gli alberi sono molto o abbastanza diffusi (75%). Tuttavia, i dati sono molto diversi da citt\u00e0 a citt\u00e0:&nbsp;<strong>a Torino e a Roma la percentuale \u00e8 del 90%, a Milano dell&#8217;80%, a Palermo del 63% e a Napoli soltanto del 51%<\/strong>. In effetti, Torino ha la pi\u00f9 alta percentuale della superficie comunale occupata da aree verdi (18,2%), mentre Palermo si ferma al 4,8%<a href=\"\/Users\/m.dicicco\/OneDrive\/Desktop\/LANCIO%20PTERRA\/CS_P.%20Terra_Giornata%20naz.le%20alberi_DEF%20-%20Copia.docx#_ftn3\" target=\"_blank\" rel=\"noreferrer noopener\">[3]<\/a>. Inoltre, la&nbsp;<strong>percezione cambia anche in base alla zona della citt\u00e0 in cui si vive<\/strong>: il dato \u00e8 pi\u00f9 forte man mano che dal centro (72%) ci si avvicina al semi-centro della citt\u00e0 (75%), fino alla periferia (77%). In particolare, la percezione della forte presenza degli alberi cresce &#8211; anche fino al 30% &#8211; in periferia, mentre nelle aree centrali e semi-centrali si attesta intorno al 20%<\/p>\n\n\n\n<p>&nbsp;<strong>9 CITTADINI SU 10 DESIDEREREBBERO AVERE PI\u00d9 ALBERI, SPECIALMENTE A NAPOLI E PALERMO<\/strong><\/p>\n\n\n\n<p><strong>Non a caso, dunque, Napoli e Palermo sono le citt\u00e0 in cui gli alberi sono pi\u00f9 desiderati (rispettivamente 93% e 87%).&nbsp;<\/strong>Sebbene nelle altre citt\u00e0 gli alberi sono percepiti come pi\u00f9 presenti, le percentuali restano alte: a Torino e a Milano la percentuale di chi vorrebbe pi\u00f9 verde in citt\u00e0 si attesta intorno al 75% e a Roma al 69%. L&#8217;altro dato molto rilevante \u00e8 quello della posizione rispetto alla citt\u00e0: il desiderio di avere pi\u00f9 alberi, senza differenze sostanziali tra nord, centro e sud, \u00e8 molto pi\u00f9 sentito nel centro della citt\u00e0 (87%) rispetto al semi-centro (80%) e, soprattutto, rispetto alla periferia (68%) dove la presenza degli alberi \u00e8 tipicamente pi\u00f9 forte.<\/p>\n\n\n\n<p>&nbsp;<strong>LA QUERCIA \u00c8 L&#8217;ALBERO PI\u00d9 RICONOSCIUTO COME &#8220;AGENTE\u201d POSITIVO NEL CONTRASTARE GLI EFFETTI DEL CAMBIAMENTO CLIMATICO<\/strong><\/p>\n\n\n\n<p>Scelta da oltre 6 italiani su 10, la quercia risulta essere l&#8217;albero che pi\u00f9 di tutti, nell&#8217;immaginario collettivo, \u00e8 in grado di contrastare gli effetti del cambiamento climatico, superando nettamente l&#8217;abete (39%) ed il pino (37%). Fuori dal podio sono i tigli (25%), i cipressi (24%) e i frassini (23%).<\/p>\n\n\n\n<p><em>\u00ab<\/em><em>Le piante sono vere e proprie macchine in grado di stoccare CO<sub>2<\/sub>&nbsp;nei propri tessuti legnosi e assorbire alcuni inquinanti atmosferici, come il monossido di carbonio ed il particolato atmosferico &#8211;&nbsp;<\/em>afferma&nbsp;<strong>Camilla Pandolfi, CEO e R&amp;D Manager Pnat<\/strong><em>&nbsp;&#8211; La farnia, ovvero la quercia pi\u00f9 conosciuta (Quercus robur), \u00e8 un albero in natura molto longevo ed \u00e8 in grado di apportare numerosi benefici nell&#8217;arco della sua vita. Anche tigli e frassini sono in realt\u00e0 molto performanti per quanto riguarda la rimozione degli inquinanti, grazie a particolari caratteristiche delle foglie e dei rami che permettono alle particelle fini di depositarsi sulla loro superficie, rimuovendole cos\u00ec dall&#8217;atmosfera. Non dimentichiamoci per\u00f2 delle specie sempreverdi (abeti, pini e cipressi) che, a differenza degli alberi caducifoglie, mantengono la chioma fogliata tutto l&#8217;anno e apportano notevoli benefici ambientali anche nei mesi in cui le altre piante sono meno attive, ovvero durante la stagione invernale<\/em><em>\u00bb<\/em><em>.<\/em><\/p>\n\n\n\n<p><strong>ALBERI ALLEATI DI BENESSERE MENTALE, SERENIT\u00c0 E GIOIA<\/strong><\/p>\n\n\n\n<p>Una cosa sicuramente mette tutti d&#8217;accordo da nord a sud: l&#8217;idea che essere circondati da alberi possa donare benessere mentale, serenit\u00e0 e gioia, per la quasi totalit\u00e0 del campione (96%). Napoli, una delle due citt\u00e0 che lamentano una scarsa presenza di alberi, \u00e8 quella in cui viene associata di pi\u00f9 agli alberi l&#8217;idea di maggior aiuto per il benessere mentale e la serenit\u00e0. E quando agli italiani viene chiesto quali pensieri e stati d&#8217;animo associano agli alberi, in generale, la risposta \u00e8 un sentimento&nbsp;<strong>di serenit\u00e0 e di leggerezza<\/strong>: la prima idea, infatti, \u00e8 quella del&nbsp;<strong>relax<\/strong>&nbsp;(33%), seguita dalla&nbsp;<strong>purezza&nbsp;<\/strong>(22%) e dai concetti di&nbsp;<strong>forza&nbsp;<\/strong>(17%),&nbsp;<strong>spiritualit\u00e0<\/strong>&nbsp;(9%) e&nbsp;<strong>gioia<\/strong>&nbsp;(7%).<\/p>\n\n\n\n<p><strong>PROSPETTIVA TERRA<\/strong>\u00a0\u00e8 un progetto non profit creato da aziende che hanno deciso di affrontare insieme il problema del riscaldamento globale, attraverso progetti di innovazione scientifica e tecnologica. Info:\u00a0<a href=\"http:\/\/nonsolofax.utgnet.net\/lt.php?c=11663&amp;m=16731&amp;nl=3354&amp;s=666f2ce111f747dbf72540ac768a99ad&amp;lid=41822&amp;l=-http--www.prospettivaterra.com\/\" target=\"_blank\" rel=\"noreferrer noopener\"><strong>www.prospettivaterra.com<\/strong><\/a> ______<\/p>\n\n\n\n<p><\/p>\n\n\n\n<p>LA RICERCA nel nostro articolo del 16 novembre scorso<\/p>\n\n\n\n<figure class=\"wp-block-embed is-type-wp-embed is-provider-leccecronaca-it wp-block-embed-leccecronaca-it\"><div class=\"wp-block-embed__wrapper\">\n<blockquote class=\"wp-embedded-content\" data-secret=\"IeEXnJPSnN\"><a href=\"https:\/\/www.leccecronaca.it\/index.php\/2024\/11\/16\/per-uno-stadio-coperto-di-verde-e-di-sole-appello-al-comune-di-lecce\/\">PER UNO STADIO COPERTO DI VERDE E DI SOLE. APPELLO AL COMUNE DI LECCE<\/a><\/blockquote><iframe class=\"wp-embedded-content\" sandbox=\"allow-scripts\" security=\"restricted\" style=\"position: absolute; clip: rect(1px, 1px, 1px, 1px);\" title=\"&#8220;PER UNO STADIO COPERTO DI VERDE E DI SOLE. APPELLO AL COMUNE DI LECCE&#8221; &#8212; LecceCronaca.it\" src=\"https:\/\/www.leccecronaca.it\/index.php\/2024\/11\/16\/per-uno-stadio-coperto-di-verde-e-di-sole-appello-al-comune-di-lecce\/embed\/#?secret=HWkWdCo6X7#?secret=IeEXnJPSnN\" data-secret=\"IeEXnJPSnN\" width=\"500\" height=\"282\" frameborder=\"0\" marginwidth=\"0\" marginheight=\"0\" scrolling=\"no\"><\/iframe>\n<\/div><\/figure>\n<fb:like href='https:\/\/www.leccecronaca.it\/index.php\/2024\/11\/19\/la-giornata-nazionale-degli-alberi-ecco-tutti-i-benefici-apportati\/' send='true' layout='button_count' show_faces='true' width='450' height='65' action='recommend' colorscheme='light' font='lucida grande'><\/fb:like><span class=\"fb_share\"><fb:like href=\"https:\/\/www.leccecronaca.it\/index.php\/2024\/11\/19\/la-giornata-nazionale-degli-alberi-ecco-tutti-i-benefici-apportati\/\" layout=\"button_count\"><\/fb:like><\/span>","protected":false},"excerpt":{"rendered":"<p>Riceviamo e volentieri pubblichiamo. Da Milano &#8216;Prospettiva Terra&#8217; ci manda il seguente comunicato ______ PROSPETTIVA TERRA: UN ITALIANO SU TRE IGNORA IL RUOLO DEGLI ALBERI CONTRO ALLUVIONI&nbsp;E RISCALDAMENTO GLOBALE In occasione della Giornata Nazionale degli Alberi (21 novembre), Prospettiva Terra &#8211; progetto non-profit creato da aziende che hanno deciso di affrontare insieme il problema del [&hellip;]<\/p>\n","protected":false},"author":4,"featured_media":236305,"comment_status":"open","ping_status":"closed","sticky":false,"template":"","format":"standard","meta":[],"categories":[1,69,31,75,76,36],"tags":[],"_links":{"self":[{"href":"https:\/\/www.leccecronaca.it\/index.php\/wp-json\/wp\/v2\/posts\/236304"}],"collection":[{"href":"https:\/\/www.leccecronaca.it\/index.php\/wp-json\/wp\/v2\/posts"}],"about":[{"href":"https:\/\/www.leccecronaca.it\/index.php\/wp-json\/wp\/v2\/types\/post"}],"author":[{"embeddable":true,"href":"https:\/\/www.leccecronaca.it\/index.php\/wp-json\/wp\/v2\/users\/4"}],"replies":[{"embeddable":true,"href":"https:\/\/www.leccecronaca.it\/index.php\/wp-json\/wp\/v2\/comments?post=236304"}],"version-history":[{"count":1,"href":"https:\/\/www.leccecronaca.it\/index.php\/wp-json\/wp\/v2\/posts\/236304\/revisions"}],"predecessor-version":[{"id":236306,"href":"https:\/\/www.leccecronaca.it\/index.php\/wp-json\/wp\/v2\/posts\/236304\/revisions\/236306"}],"wp:featuredmedia":[{"embeddable":true,"href":"https:\/\/www.leccecronaca.it\/index.php\/wp-json\/wp\/v2\/media\/236305"}],"wp:attachment":[{"href":"https:\/\/www.leccecronaca.it\/index.php\/wp-json\/wp\/v2\/media?parent=236304"}],"wp:term":[{"taxonomy":"category","embeddable":true,"href":"https:\/\/www.leccecronaca.it\/index.php\/wp-json\/wp\/v2\/categories?post=236304"},{"taxonomy":"post_tag","embeddable":true,"href":"https:\/\/www.leccecronaca.it\/index.php\/wp-json\/wp\/v2\/tags?post=236304"}],"curies":[{"name":"wp","href":"https:\/\/api.w.org\/{rel}","templated":true}]}}