{"id":236405,"date":"2024-11-22T00:02:00","date_gmt":"2024-11-21T23:02:00","guid":{"rendered":"https:\/\/www.leccecronaca.it\/?p=236405"},"modified":"2024-11-21T14:37:26","modified_gmt":"2024-11-21T13:37:26","slug":"la-vendetta-e-un-libro-che-si-serve-freddo-il-nuovo-giallo-di-luigi-grilli","status":"publish","type":"post","link":"https:\/\/www.leccecronaca.it\/index.php\/2024\/11\/22\/la-vendetta-e-un-libro-che-si-serve-freddo-il-nuovo-giallo-di-luigi-grilli\/","title":{"rendered":"LA VENDETTA E&#8217; UN&#8230;LIBRO CHE SI SERVE FREDDO. IL NUOVO GIALLO DI LUIGI GRILLI"},"content":{"rendered":"\n<p><img decoding=\"async\" loading=\"lazy\" width=\"745\" height=\"624\" class=\"wp-image-236407\" style=\"width: 1200px;\" src=\"https:\/\/www.leccecronaca.it\/wordpress\/wp-content\/uploads\/2024\/11\/rose-nere_NG1.jpg\" alt=\"\" srcset=\"https:\/\/www.leccecronaca.it\/wordpress\/wp-content\/uploads\/2024\/11\/rose-nere_NG1.jpg 745w, https:\/\/www.leccecronaca.it\/wordpress\/wp-content\/uploads\/2024\/11\/rose-nere_NG1-300x251.jpg 300w\" sizes=\"(max-width: 745px) 100vw, 745px\" \/><\/p>\n\n\n\n<p>di Raffaele Polo _______ <\/p>\n\n\n\n<p>Come non ricordare &#8216;Il tulipano nero&#8217; di Alexandre Dumas dove il protagonista \u00e8 proprio questo fiore ricercatissimo e testimone di battaglie, torture, violenze e amori nella terra dei Paesi Bassi, dove i tulipani sono il simbolo e la tradizione pi\u00f9 antica? Per\u00f2, se il tulipano rarissimo di color nero pu\u00f2 essere reperibile in natura, con mille cure e attenzioni, la rosa nera no, non pu\u00f2 nascere spontaneamente, se non nella canzone di Gigliola Cinquetti&#8230;\u00a0 <\/p>\n\n\n\n<p><\/p>\n\n\n\n<p>Eppure, questo avvincente romanzo di <strong>Luigi Grilli <\/strong>(La vendetta \u00e8 mia, Delos, E-BOOK 216 pagine &#8211; 5 euro) ha per emblematica protagonista proprio questa rosa: \u00e8 la mattina di Natale quando l\u2019ingegner Calandra apre la porta e, al posto delle strenne, incontra il suo destino, segnato da un killer misterioso che deposita sul corpo tre rose: due nere e una rossa.<\/p>\n\n\n\n<p>Ed \u00e8 sempre la mattina di Natale che Zackaria Campus \u2013 Zack per gli amici \u2013 viene distolto dai suoi piani per andare sul posto in rappresentanza del quotidiano per cui lavora: una fregatura bella e buona, a sentire lui.<\/p>\n\n\n\n<p>Ma anche dai peggiori inizi di giornata a volte esce qualcosa di buono, e proprio Zack risulter\u00e0 fondamentale alla risoluzione del caso. Con i suoi metodi non proprio ortodossi\u2026 e neanche cattolici.\u00a0 <\/p>\n\n\n\n<p><\/p>\n\n\n\n<p>Ancora un romanzo del prolifico scrittore Luigi Grilli, nato il 3 marzo del 1939, si \u00e8 laureato in giurisprudenza a Bologna e nel 1965 \u00e8 entrato in magistratura, ricoprendo diversi incarichi direttivi per concludere la carriera come presidente del tribunale di Pescara. Collocato in pensione nel 2008 \u00e8 stato nominato presidente delle Commissioni tributarie di Bologna. Vive a Pescara con la moglie Milena.<\/p>\n\n\n\n<p>Negli anni ha pubblicato con le case editrici Cedam e Giuffr\u00e9 sedici libri di procedura penale e da quando \u00e8 in pensione si dedica a scrivere libri gialli nella forma del legal thriller ambientando i suoi romanzi a Pescara con l\u2019avvocato Morelli come personaggio principale.<\/p>\n\n\n\n<p>Da notare che questo titolo \u00e8 abbastanza comune nella cultura dei thriller: da Mickey Spillane a Sh\u00f4hei Imamura un po&#8217; tutti vogliono farsi vendetta&#8230;<\/p>\n\n\n\n<p><\/p>\n\n\n\n<p><img decoding=\"async\" loading=\"lazy\" width=\"350\" height=\"490\" class=\"wp-image-236406\" style=\"width: 800px;\" src=\"https:\/\/www.leccecronaca.it\/wordpress\/wp-content\/uploads\/2024\/11\/la-vendetta-e-mia.jpg\" alt=\"\" srcset=\"https:\/\/www.leccecronaca.it\/wordpress\/wp-content\/uploads\/2024\/11\/la-vendetta-e-mia.jpg 350w, https:\/\/www.leccecronaca.it\/wordpress\/wp-content\/uploads\/2024\/11\/la-vendetta-e-mia-214x300.jpg 214w\" sizes=\"(max-width: 350px) 100vw, 350px\" \/><\/p>\n<fb:like href='https:\/\/www.leccecronaca.it\/index.php\/2024\/11\/22\/la-vendetta-e-un-libro-che-si-serve-freddo-il-nuovo-giallo-di-luigi-grilli\/' send='true' layout='button_count' show_faces='true' width='450' height='65' action='recommend' colorscheme='light' font='lucida grande'><\/fb:like><span class=\"fb_share\"><fb:like href=\"https:\/\/www.leccecronaca.it\/index.php\/2024\/11\/22\/la-vendetta-e-un-libro-che-si-serve-freddo-il-nuovo-giallo-di-luigi-grilli\/\" layout=\"button_count\"><\/fb:like><\/span>","protected":false},"excerpt":{"rendered":"<p>di Raffaele Polo _______ Come non ricordare &#8216;Il tulipano nero&#8217; di Alexandre Dumas dove il protagonista \u00e8 proprio questo fiore ricercatissimo e testimone di battaglie, torture, violenze e amori nella terra dei Paesi Bassi, dove i tulipani sono il simbolo e la tradizione pi\u00f9 antica? Per\u00f2, se il tulipano rarissimo di color nero pu\u00f2 essere [&hellip;]<\/p>\n","protected":false},"author":4,"featured_media":236407,"comment_status":"open","ping_status":"closed","sticky":false,"template":"","format":"standard","meta":[],"categories":[31,57],"tags":[],"_links":{"self":[{"href":"https:\/\/www.leccecronaca.it\/index.php\/wp-json\/wp\/v2\/posts\/236405"}],"collection":[{"href":"https:\/\/www.leccecronaca.it\/index.php\/wp-json\/wp\/v2\/posts"}],"about":[{"href":"https:\/\/www.leccecronaca.it\/index.php\/wp-json\/wp\/v2\/types\/post"}],"author":[{"embeddable":true,"href":"https:\/\/www.leccecronaca.it\/index.php\/wp-json\/wp\/v2\/users\/4"}],"replies":[{"embeddable":true,"href":"https:\/\/www.leccecronaca.it\/index.php\/wp-json\/wp\/v2\/comments?post=236405"}],"version-history":[{"count":1,"href":"https:\/\/www.leccecronaca.it\/index.php\/wp-json\/wp\/v2\/posts\/236405\/revisions"}],"predecessor-version":[{"id":236408,"href":"https:\/\/www.leccecronaca.it\/index.php\/wp-json\/wp\/v2\/posts\/236405\/revisions\/236408"}],"wp:featuredmedia":[{"embeddable":true,"href":"https:\/\/www.leccecronaca.it\/index.php\/wp-json\/wp\/v2\/media\/236407"}],"wp:attachment":[{"href":"https:\/\/www.leccecronaca.it\/index.php\/wp-json\/wp\/v2\/media?parent=236405"}],"wp:term":[{"taxonomy":"category","embeddable":true,"href":"https:\/\/www.leccecronaca.it\/index.php\/wp-json\/wp\/v2\/categories?post=236405"},{"taxonomy":"post_tag","embeddable":true,"href":"https:\/\/www.leccecronaca.it\/index.php\/wp-json\/wp\/v2\/tags?post=236405"}],"curies":[{"name":"wp","href":"https:\/\/api.w.org\/{rel}","templated":true}]}}