{"id":236649,"date":"2024-11-27T15:05:32","date_gmt":"2024-11-27T14:05:32","guid":{"rendered":"https:\/\/www.leccecronaca.it\/?p=236649"},"modified":"2024-11-27T15:07:54","modified_gmt":"2024-11-27T14:07:54","slug":"236649","status":"publish","type":"post","link":"https:\/\/www.leccecronaca.it\/index.php\/2024\/11\/27\/236649\/","title":{"rendered":"CGIL E UIL SULLO SCIOPERO GENERALE DI VENERDI&#8217; 29 NOVEMBRE A LECCE"},"content":{"rendered":"\n<p><img decoding=\"async\" loading=\"lazy\" width=\"2000\" height=\"1126\" class=\"wp-image-236650\" style=\"width: 1500px;\" src=\"https:\/\/www.leccecronaca.it\/wordpress\/wp-content\/uploads\/2024\/11\/conf-stampa_0.jpeg\" alt=\"\" srcset=\"https:\/\/www.leccecronaca.it\/wordpress\/wp-content\/uploads\/2024\/11\/conf-stampa_0.jpeg 2000w, https:\/\/www.leccecronaca.it\/wordpress\/wp-content\/uploads\/2024\/11\/conf-stampa_0-300x169.jpeg 300w, https:\/\/www.leccecronaca.it\/wordpress\/wp-content\/uploads\/2024\/11\/conf-stampa_0-1024x577.jpeg 1024w, https:\/\/www.leccecronaca.it\/wordpress\/wp-content\/uploads\/2024\/11\/conf-stampa_0-768x432.jpeg 768w, https:\/\/www.leccecronaca.it\/wordpress\/wp-content\/uploads\/2024\/11\/conf-stampa_0-1536x865.jpeg 1536w\" sizes=\"(max-width: 2000px) 100vw, 2000px\" \/><\/p>\n\n\n\n<p>Riceviamo e volentieri pubblichiamo.\u00a0Le confederazioni sindacali Cgil e Uil di Lecce ci mandano il seguente comunicato congiunto di riepilogo della conferenza stampa di questa mattina (nella foto) ______<\/p>\n\n\n\n<p>Tutto pronto per lo sciopero generale di <a href=\"https:\/\/www.collettiva.it\/speciali\/sciopero-generale-2024\">venerd\u00ec 29 novembre<\/a>. Cgil e Uil hanno proclamato lo stop di otto&nbsp;ore in tutti i settori, per l\u2019intero turno di lavoro, con l\u2019obiettivo di cambiare la manovra economica del governo, considerata del tutto inadeguata a risolvere i problemi del Paese, e per rivendicare l&#8217;aumento del potere d&#8217;acquisto di salari e pensioni e il finanziamento di sanit\u00e0, istruzione, servizi pubblici e politiche industriali. I sindacati andranno in piazza in tutta Italia, ritrovandosi in tante manifestazioni territoriali. A <strong>Lecce<\/strong> il raduno \u00e8 previsto a <strong>Porta San Biagio<\/strong>, a partire dalle 9.30: dal palco, dopo l\u2019introduzione del segretario generale della CGIL Lecce, <strong>Tommaso Moscara<\/strong> e gli interventi di delegate e delegati dei vari settori, sono in programma le conclusioni del segretario generale della UILM nazionale, <strong>Rocco Palombella<\/strong>.<\/p>\n\n\n\n<p>Molte e articolate sono le ragioni dello sciopero riportate nel documento nazionale unitario e illustrate questa mattina in conferenza stampa dal segretario generale Moscara e dal coordinatore territoriale della UIL di Lecce, <strong>Mauro Fioretti.<\/strong><\/p>\n\n\n\n<p>\u201c<em>Ad oggi&nbsp;non ci sono i margini per le modifiche di questa manovra, che \u00e8 stata presentata come blindata, per questo vogliamo far sentire la nostra voce\u201d, <\/em>dicono Moscara e Fioretti. \u201c<em>Il recupero della perdita del potere d\u2019acquisto del 16% di salari e pensioni \u00e8 una priorit\u00e0. Inoltre ci sono i temi della sicurezza, del fisco, della sanit\u00e0 e delle pensioni. Nella manovra non c\u2019\u00e8 nulla sulla tassazione degli extraprofitti, nulla sulla nostra battaglia per tagliare il cuneo fiscale. Da tempo chiediamo poi che vengano inseriti provvedimenti per la sicurezza sul lavoro: gli infortuni mortali aumentano, nella nostra provincia stiamo assistendo a una vera e propria escalation nelle ultime settimane. Bisogna prevedere che si applichino, ovunque, le regole definite per gli appalti pubblici, che ci sia pi\u00f9 prevenzione e formazione e che aumenti il numero degli ispettori. C\u2019\u00e8 la necessit\u00e0 di rimettere al centro il lavoratore, la sua dignit\u00e0 e le necessarie tutele, rinnovando i contratti nazionali e per fare tutto questo serve ascolto da parte del Governo\u201d. <\/em>Per il segretario generale provinciale della Cgil e il coordinatore territoriale della Uil,<em> \u201cil lavoro in provincia di Lecce si sta impoverendo: cresce all\u2019insegna della precariet\u00e0, dell\u2019instabilit\u00e0 e di stipendi spesso troppo bassi. Siamo molto preoccupati per le continue richieste di cassa integrazione nel settore TAC, che purtroppo sta vivendo una nuova pesante crisi, per via delle tante incertezze legate alle commesse dei prodotti, complici il calo degli scambi internazionali e i rischi della geopolitica. In affanno \u00e8 anche il metalmeccanico con la transizione energetica che rischia di mettere in seria difficolt\u00e0 circa duemila lavoratori del settore automotive nella sola provincia di Lecce: il 60% dei lavoratori sono in cassa integrazione, le immatricolazioni sono ferme, il sistema rischia il crollo. Poi c\u2019\u00e8 la Sanit\u00e0, evidentemente allo sbando nella nostra regione: manca personale, abbiamo liste d\u2019attesa infinite e con il degrado delle condizioni di lavoro l\u2019emorragia di professionisti della sanit\u00e0 pubblica \u00e8 accelerata. Per noi \u00e8 evidente che non va tutto bene, siamo di fronte a una bomba sociale pronta a esplodere\u201d, <\/em>concludono<em>.<\/em><\/p>\n\n\n\n<p><strong>LE RAGIONI DELLA MOBILITAZIONE DI CGIL E UIL:<\/strong><\/p>\n\n\n\n<p>Il Governo ci infligger\u00e0 7 anni di austerit\u00e0 con:<\/p>\n\n\n\n<ul>\n<li>perdita del potere d&#8217;acquisto di lavoratori e pensionati causata da un&#8217;inflazione da profitti;<\/li>\n\n\n\n<li>crescita della precariet\u00e0 e del lavoro nero e sommerso;<\/li>\n\n\n\n<li>tagli ai servizi pubblici, a partire da Sanit\u00e0, Istruzione, Trasporto pubblico, Enti locali;<\/li>\n\n\n\n<li>rinnovi contrattuali per il pubblico impiego che coprono appena 1\/3 dell&#8217;inflazione;<\/li>\n\n\n\n<li>taglio del cuneo fiscale (con perdite per molti) pagato dagli stessi lavoratori con il maggior gettito Irpef;<\/li>\n\n\n\n<li>politiche fiscali che riducono la progressivit\u00e0 e che, attraverso condoni e concordati, favoriscono gli evasori;<\/li>\n\n\n\n<li>nessun intervento sugli extraprofitti;<\/li>\n\n\n\n<li>peggioramento della Legge Monti\/Fornero che si applicher\u00e0 al 99,9% dei lavoratori;<\/li>\n\n\n\n<li>insufficiente rivalutazione delle pensioni, con la beffa di un aumento di soli 3 euro al mese per le minime;<\/li>\n\n\n\n<li>assenza di una politica industriale e tagli agli investimenti;<\/li>\n\n\n\n<li>ritardi nell&#8217;attuazione del PNRR e nessuna strategia per il Mezzogiorno;<\/li>\n\n\n\n<li>attacco alla libert\u00e0 di manifestare il dissenso con il Disegno di Legge Sicurezza.<\/li>\n<\/ul>\n\n\n\n<p>Per queste ragioni rivendichiamo al sistema delle imprese e al governo:<\/p>\n\n\n\n<ul>\n<li>DI PRENDERE SOLDI DOVE SONO: extraprofitti, profitti, rendite, grandi ricchezze, evasione fiscale e contributiva<\/li>\n\n\n\n<li>UN FINANZIAMENTO STRAORDINARIO&nbsp;per sanit\u00e0 pubblica, servizi sociali, non autosufficienza, Istruzione e ricerca<\/li>\n\n\n\n<li>RINNOVO DEI CCNL PUBBLICI E PRIVATI&nbsp;per aumentare il potere d&#8217;acquisto, con detassazione degli aumenti<\/li>\n\n\n\n<li>PIENA RIVALUTAZIONE DELLE PENSIONI, rafforzare ed estendere la quattordicesima<\/li>\n\n\n\n<li>RIFORMA DELLE PENSIONI&nbsp;che superi la Legge Monti\/Fornero<\/li>\n\n\n\n<li>POLITICA INDUSTRIALE PER I SETTORI MANIFATTURIERI E PER I SERVIZI&nbsp;con investimenti per difendere l&#8217;occupazione &#8211; anche con il blocco dei licenziamenti \u2013 creare nuovo lavoro e costruire un modello di sviluppo sostenibile<\/li>\n\n\n\n<li>TUTELA DELLA SALUTE E SICUREZZA E CONTRASTO ALLA PRECARIET\u00c0&nbsp;cambiando la legislazione sul lavoro<\/li>\n\n\n\n<li>RITIRO DEL DISEGNO DI LEGGE SICUREZZA&nbsp;e rispetto delle libert\u00e0 costituzionali.<\/li>\n<\/ul>\n\n\n\n<p><strong>MOBILITIAMOCI PER CAMBIARE le scelte ingiuste e sbagliate del Governo<\/strong><\/p>\n<fb:like href='https:\/\/www.leccecronaca.it\/index.php\/2024\/11\/27\/236649\/' send='true' layout='button_count' show_faces='true' width='450' height='65' action='recommend' colorscheme='light' font='lucida grande'><\/fb:like><span class=\"fb_share\"><fb:like href=\"https:\/\/www.leccecronaca.it\/index.php\/2024\/11\/27\/236649\/\" layout=\"button_count\"><\/fb:like><\/span>","protected":false},"excerpt":{"rendered":"<p>Riceviamo e volentieri pubblichiamo.\u00a0Le confederazioni sindacali Cgil e Uil di Lecce ci mandano il seguente comunicato congiunto di riepilogo della conferenza stampa di questa mattina (nella foto) ______ Tutto pronto per lo sciopero generale di venerd\u00ec 29 novembre. Cgil e Uil hanno proclamato lo stop di otto&nbsp;ore in tutti i settori, per l\u2019intero turno di [&hellip;]<\/p>\n","protected":false},"author":4,"featured_media":236650,"comment_status":"open","ping_status":"closed","sticky":false,"template":"","format":"standard","meta":[],"categories":[69,76,36],"tags":[],"_links":{"self":[{"href":"https:\/\/www.leccecronaca.it\/index.php\/wp-json\/wp\/v2\/posts\/236649"}],"collection":[{"href":"https:\/\/www.leccecronaca.it\/index.php\/wp-json\/wp\/v2\/posts"}],"about":[{"href":"https:\/\/www.leccecronaca.it\/index.php\/wp-json\/wp\/v2\/types\/post"}],"author":[{"embeddable":true,"href":"https:\/\/www.leccecronaca.it\/index.php\/wp-json\/wp\/v2\/users\/4"}],"replies":[{"embeddable":true,"href":"https:\/\/www.leccecronaca.it\/index.php\/wp-json\/wp\/v2\/comments?post=236649"}],"version-history":[{"count":3,"href":"https:\/\/www.leccecronaca.it\/index.php\/wp-json\/wp\/v2\/posts\/236649\/revisions"}],"predecessor-version":[{"id":236654,"href":"https:\/\/www.leccecronaca.it\/index.php\/wp-json\/wp\/v2\/posts\/236649\/revisions\/236654"}],"wp:featuredmedia":[{"embeddable":true,"href":"https:\/\/www.leccecronaca.it\/index.php\/wp-json\/wp\/v2\/media\/236650"}],"wp:attachment":[{"href":"https:\/\/www.leccecronaca.it\/index.php\/wp-json\/wp\/v2\/media?parent=236649"}],"wp:term":[{"taxonomy":"category","embeddable":true,"href":"https:\/\/www.leccecronaca.it\/index.php\/wp-json\/wp\/v2\/categories?post=236649"},{"taxonomy":"post_tag","embeddable":true,"href":"https:\/\/www.leccecronaca.it\/index.php\/wp-json\/wp\/v2\/tags?post=236649"}],"curies":[{"name":"wp","href":"https:\/\/api.w.org\/{rel}","templated":true}]}}