{"id":237237,"date":"2024-12-11T00:02:00","date_gmt":"2024-12-10T23:02:00","guid":{"rendered":"https:\/\/www.leccecronaca.it\/?p=237237"},"modified":"2024-12-10T14:41:36","modified_gmt":"2024-12-10T13:41:36","slug":"novita-editoriali-anna-lena-polo-voleva-scrivere-un-post-su-facebook-ma-poi-si-e-dilungata","status":"publish","type":"post","link":"https:\/\/www.leccecronaca.it\/index.php\/2024\/12\/11\/novita-editoriali-anna-lena-polo-voleva-scrivere-un-post-su-facebook-ma-poi-si-e-dilungata\/","title":{"rendered":"NOVITA&#8217; EDITORIALI \/ ANNA LENA POLO VOLEVA SCRIVERE UN POST SU FACEBOOK&#8230; MA POI SI E&#8217; DILUNGATA"},"content":{"rendered":"\n<p><img decoding=\"async\" loading=\"lazy\" width=\"1344\" height=\"1344\" class=\"wp-image-237238\" style=\"width: 1500px;\" src=\"https:\/\/www.leccecronaca.it\/wordpress\/wp-content\/uploads\/2024\/12\/463726784_27173509912294800_2153875433548539529_n.jpg\" alt=\"\" srcset=\"https:\/\/www.leccecronaca.it\/wordpress\/wp-content\/uploads\/2024\/12\/463726784_27173509912294800_2153875433548539529_n.jpg 1344w, https:\/\/www.leccecronaca.it\/wordpress\/wp-content\/uploads\/2024\/12\/463726784_27173509912294800_2153875433548539529_n-300x300.jpg 300w, https:\/\/www.leccecronaca.it\/wordpress\/wp-content\/uploads\/2024\/12\/463726784_27173509912294800_2153875433548539529_n-1024x1024.jpg 1024w, https:\/\/www.leccecronaca.it\/wordpress\/wp-content\/uploads\/2024\/12\/463726784_27173509912294800_2153875433548539529_n-150x150.jpg 150w, https:\/\/www.leccecronaca.it\/wordpress\/wp-content\/uploads\/2024\/12\/463726784_27173509912294800_2153875433548539529_n-768x768.jpg 768w, https:\/\/www.leccecronaca.it\/wordpress\/wp-content\/uploads\/2024\/12\/463726784_27173509912294800_2153875433548539529_n-60x60.jpg 60w\" sizes=\"(max-width: 1344px) 100vw, 1344px\" \/><\/p>\n\n\n\n<p>di Raffaele Polo ________<\/p>\n\n\n\n<p><em>\u201cVOLEVO SCRIVERE UN POST, POI MI SONO DILUNGATA \u00e8 il racconto di mesi difficili e imprevedibili. L\u2019arrivo fulmineo della diagnosi di malattia oncologica mi ha permesso di rifugiarmi nella scrittura. Accucciata e con le braccia intorno alle ginocchia ho aspettato il ritorno del cielo sereno, ma nel frattempo ho potuto dire a Claudia che l\u2019amicizia esiste. Le sfumature di questo rapporto affascinante e complesso sono dentro ciascuno di noi e nelle persone che entrano nella nostra vita, e Claudia non l\u2019ha lasciata mai da sola, le ha telefonato ogni giorno, ha sofferto per lei e pregato per lei. Claudia sono tutte le persone che le sono state accanto, ma anche quelle che non sono riuscite a farlo. Claudia \u00e8 il suo alter ego che non posta pi\u00f9 su Facebook per accaparrarsi dei gratificanti e artificiosi &#8216;Mi piace&#8217;, ma scrive per lenire e dare un senso a quella tensione che rischiava di bruciarla.\u201d<\/em><\/p>\n\n\n\n<p>Sono argomenti attualissimi, trattati in punta di penna dall&#8217;autrice, Anna Lena Polo nata a Nard\u00f2, in provincia di Lecce, citt\u00e0 dove vive e lavora, l\u201911 luglio del 1968. Ha frequentato la facolt\u00e0 di Filosofia dell\u2019Universit\u00e0 di Lecce e insegna con entusiasmo nella Scuola Primaria da pi\u00f9 di venticinque anni. La sua passione \u00e8 inscenare le sue lezioni per guadagnarsi l\u2019attenzione del suo piccolo pubblico. Ama leggere e scrivere. <\/p>\n\n\n\n<p><\/p>\n\n\n\n<p>Questo memoir \u00e8 il suo esordio narrativo e non \u00e8 un caso che a pubblicarlo sia la casa editrice I Quaderni del Bardo di Stefano Donno (86 pagine, 10 euro), sempre attenta alle costruttive novit\u00e0. E, come presentazione e invito alla lettura, valga ci\u00f2 che scrive Livio Romano su questo lavoro: <em>\u00abL\u2019agile memoir che Anna Lena Polo ci consegna, di verve narrativa ne contiene moltissima da confinare spesso con la letterariet\u00e0, ed \u00e8 questa caratteristica che lo differenzia da un qualsiasi libro di self-help o di testimonianza di una disavventura nella quale immedesimarsi. Non che leggendo queste righe sia particolarmente difficile identificarsi con la protagonista e non si speri fino alla fine nel lieto fine cos\u00ec come tutti noi ne agogniamo uno per i nostri problemi grandi e piccoli. Tutt\u2019altro. L\u2019autrice riesce a creare suspense e tensione narrativa per infine trasmettere il messaggio di speranza che ci attendiamo. E tuttavia \u00e8 il modo in cui lo fa a risplendere in quest\u2019opera prima. Non \u00e8 facile riportare il terremoto interiore, lo sconquasso familiare, il calvario per centri diagnostici prima e di cura poi nel momento in cui la notizia che c\u2019\u00e8 un cancro contro il quale combatte piomba nella vita di un essere umano. Anna Lena Polo lo fa con grazia e usando un tocco lieve, mai vittimistico n\u00e9 lamentoso e anzi impreziosito da scintille di ironia che illuminano il racconto. E, nel dispiegarsi di episodi e situazioni che narrati da un\u2019altra penna sarebbero dei non-eventi ambientati in paradigmatici non-luoghi, fra descrizioni affettuose e benevolmente facete di pazienti accomunati dal medesimo destino ma dalle esistenze radicalmente differenti, si avverte forte un sentimento di umana solidariet\u00e0, di affetto universale che dona calore e sostanza a spazi anodini e grigi\u00bb.<\/em> <img decoding=\"async\" loading=\"lazy\" width=\"1100\" height=\"1700\" class=\"wp-image-237239\" style=\"width: 800px;\" src=\"https:\/\/www.leccecronaca.it\/wordpress\/wp-content\/uploads\/2024\/12\/Prima-di-Copertina_Anna-Lena-Polo.jpg\" alt=\"\" srcset=\"https:\/\/www.leccecronaca.it\/wordpress\/wp-content\/uploads\/2024\/12\/Prima-di-Copertina_Anna-Lena-Polo.jpg 1100w, https:\/\/www.leccecronaca.it\/wordpress\/wp-content\/uploads\/2024\/12\/Prima-di-Copertina_Anna-Lena-Polo-194x300.jpg 194w, https:\/\/www.leccecronaca.it\/wordpress\/wp-content\/uploads\/2024\/12\/Prima-di-Copertina_Anna-Lena-Polo-663x1024.jpg 663w, https:\/\/www.leccecronaca.it\/wordpress\/wp-content\/uploads\/2024\/12\/Prima-di-Copertina_Anna-Lena-Polo-768x1187.jpg 768w, https:\/\/www.leccecronaca.it\/wordpress\/wp-content\/uploads\/2024\/12\/Prima-di-Copertina_Anna-Lena-Polo-994x1536.jpg 994w\" sizes=\"(max-width: 1100px) 100vw, 1100px\" \/><\/p>\n<fb:like href='https:\/\/www.leccecronaca.it\/index.php\/2024\/12\/11\/novita-editoriali-anna-lena-polo-voleva-scrivere-un-post-su-facebook-ma-poi-si-e-dilungata\/' send='true' layout='button_count' show_faces='true' width='450' height='65' action='recommend' colorscheme='light' font='lucida grande'><\/fb:like><span class=\"fb_share\"><fb:like href=\"https:\/\/www.leccecronaca.it\/index.php\/2024\/12\/11\/novita-editoriali-anna-lena-polo-voleva-scrivere-un-post-su-facebook-ma-poi-si-e-dilungata\/\" layout=\"button_count\"><\/fb:like><\/span>","protected":false},"excerpt":{"rendered":"<p>di Raffaele Polo ________ \u201cVOLEVO SCRIVERE UN POST, POI MI SONO DILUNGATA \u00e8 il racconto di mesi difficili e imprevedibili. L\u2019arrivo fulmineo della diagnosi di malattia oncologica mi ha permesso di rifugiarmi nella scrittura. Accucciata e con le braccia intorno alle ginocchia ho aspettato il ritorno del cielo sereno, ma nel frattempo ho potuto dire [&hellip;]<\/p>\n","protected":false},"author":4,"featured_media":237238,"comment_status":"open","ping_status":"closed","sticky":false,"template":"","format":"standard","meta":[],"categories":[31,57],"tags":[],"_links":{"self":[{"href":"https:\/\/www.leccecronaca.it\/index.php\/wp-json\/wp\/v2\/posts\/237237"}],"collection":[{"href":"https:\/\/www.leccecronaca.it\/index.php\/wp-json\/wp\/v2\/posts"}],"about":[{"href":"https:\/\/www.leccecronaca.it\/index.php\/wp-json\/wp\/v2\/types\/post"}],"author":[{"embeddable":true,"href":"https:\/\/www.leccecronaca.it\/index.php\/wp-json\/wp\/v2\/users\/4"}],"replies":[{"embeddable":true,"href":"https:\/\/www.leccecronaca.it\/index.php\/wp-json\/wp\/v2\/comments?post=237237"}],"version-history":[{"count":1,"href":"https:\/\/www.leccecronaca.it\/index.php\/wp-json\/wp\/v2\/posts\/237237\/revisions"}],"predecessor-version":[{"id":237240,"href":"https:\/\/www.leccecronaca.it\/index.php\/wp-json\/wp\/v2\/posts\/237237\/revisions\/237240"}],"wp:featuredmedia":[{"embeddable":true,"href":"https:\/\/www.leccecronaca.it\/index.php\/wp-json\/wp\/v2\/media\/237238"}],"wp:attachment":[{"href":"https:\/\/www.leccecronaca.it\/index.php\/wp-json\/wp\/v2\/media?parent=237237"}],"wp:term":[{"taxonomy":"category","embeddable":true,"href":"https:\/\/www.leccecronaca.it\/index.php\/wp-json\/wp\/v2\/categories?post=237237"},{"taxonomy":"post_tag","embeddable":true,"href":"https:\/\/www.leccecronaca.it\/index.php\/wp-json\/wp\/v2\/tags?post=237237"}],"curies":[{"name":"wp","href":"https:\/\/api.w.org\/{rel}","templated":true}]}}