{"id":237555,"date":"2024-12-19T12:25:26","date_gmt":"2024-12-19T11:25:26","guid":{"rendered":"https:\/\/www.leccecronaca.it\/?p=237555"},"modified":"2024-12-19T14:11:18","modified_gmt":"2024-12-19T13:11:18","slug":"la-folle-corsa-in-centro-del-calciatore-del-lecce-andy-pelmard-la-polizia-lo-denuncia-e-gli-leva-la-patente-la-societa-lo-mette-fuori-squadra","status":"publish","type":"post","link":"https:\/\/www.leccecronaca.it\/index.php\/2024\/12\/19\/la-folle-corsa-in-centro-del-calciatore-del-lecce-andy-pelmard-la-polizia-lo-denuncia-e-gli-leva-la-patente-la-societa-lo-mette-fuori-squadra\/","title":{"rendered":"LA FOLLE CORSA IN AUTO PER LE VIE DEL CENTRO DEL CALCIATORE DEL LECCE ANDY PELMARD. LA POLIZIA LO DENUNCIA, LA SOCIETA&#8217; LO METTE FUORI SQUADRA"},"content":{"rendered":"\n<p><img decoding=\"async\" loading=\"lazy\" width=\"259\" height=\"194\" class=\"wp-image-237556\" style=\"width: 1200px;\" src=\"https:\/\/www.leccecronaca.it\/wordpress\/wp-content\/uploads\/2024\/12\/images-1.jpeg\" alt=\"\"><\/p>\n\n\n\n<p>(g.p.) _________ E&#8217; un brutto episodio di cronaca, non tanto per i fatti in s\u00e9 e per s\u00e9, quanto per le ripercussioni che sottende. Per questo non \u00e8 possibile derubricarlo a &#8216;sono ragazzi..&#8217;. I calciatori, del resto giovani fortunati e privilegiati dalla vita, sono modello di comportamento per tanti giovanissimi che li seguono per entusiasmo e devono attenersi a esempio dei valori positivi dello sport, non a responsabili di fatti di cronaca nera.<\/p>\n\n\n\n<p>Ieri sera, evidentemente, diciamo cos\u00ec, &#8216;euforici&#8217;, al termine della cena natalizia organizzata dalla societ\u00e0 nella sede di via Colonnello Costadura, quattro giocatori del Lecce hanno seminato il panico fra i passanti scorrazzando, anche contromano, a tutta velocit\u00e0 per le vie del centro, dalle parti di piazza Mazzini, a bordo di una Mercedes V8 con targa francese. <\/p>\n\n\n\n<p>La bravata \u00e8 finita quando sono arrivate le Volanti della Questura, allertate da numerose segnalazioni giunte in centrale operativa, che hanno provveduto a fermare la folle corsa, proseguita anche dopo l&#8217;ALT degli agenti, e a identificare il conducente.<\/p>\n\n\n\n<p>Era Andy Pelmard, 24 anni, di Nizza, difensore in forza alla prima squadra giallorossa, \u00e8 stato denunciato a piede libero per guida in stato di ebbrezza e resistenza a pubblico ufficiale. Gli \u00e8 stata pure ritirata la patente.<\/p>\n\n\n\n<p>Questa mattina la societ\u00e0 lo ha messo fuori squadra, annunciandolo con un duro comunicato di condanna per l&#8217;accaduto (nella foto il presidente Saverio Sticchi Damiani): <\/p>\n\n\n\n<p><strong><em>L\u2019U.S. Lecce condanna con fermezza il comportamento del proprio calciatore Andy<br>Pelmard, in quanto non conforme alle linee comportamentali dettate dalla societ\u00e0.<\/em><\/strong><\/p>\n\n\n\n<p><em><strong>L\u2019U.S. Lecce nell\u2019attesa di operare gli opportuni approfondimenti su quanto avvenuto ha disposto con effetto immediato l\u2019esclusione del calciatore dalla rosa della Prima Squadra e valuter\u00e0 il rilievo anche disciplinare delle condotte, riservandosi di adottare gli opportuni ed<br>ulteriori provvedimenti di cui verr\u00e0 data successiva comunicazione.<\/strong><\/em> ________<\/p>\n\n\n\n<p>AGGIORNAMENTO<\/p>\n\n\n\n<p>Questo pomeriggio la societ\u00e0 ha diramato un altro comunicato:<\/p>\n\n\n\n<p>\u2019U.S. Lecce comunica che nella serata di ieri, alle ore 23:15, il calciatore Andy Pelmard, mentre era alla guida del proprio autoveicolo, e dopo aver gravemente contravvenuto ad alcune prescrizioni del Codice della Strada, con superamento dei limiti di velocit\u00e0 ed accesso ad aree<br>pedonali, \u00e8 stato dapprima fermato e poi condotto presso la locale Questura per gli accertamenti di rito.<br><br>Sul luogo, al momento del fermo, sono immediatamente sopraggiunti il Presidente Saverio Sticchi Damiani ed il Direttore Sportivo Stefano Trinchera e successivamente si sono recati anch\u2019essi in Questura per avere una chiara ed esatta ricostruzione di quanto accaduto.<br><br>Il calciatore, dopo gli approfondimenti del caso, \u00e8 stato successivamente rilasciato dalla stessa.<br><br>L\u2019U.S. Lecce comunica altres\u00ec che, quando \u00e8 stato \u00e8 stato fermato dagli agenti di polizia, il calciatore era da solo alla guida della sua auto e che quindi nessun ulteriore tesserato \u00e8 stato coinvolto nell\u2019accaduto.<br><br>Il calciatore Pelmard aveva partecipato, insieme a tutta la squadra, al tradizionale scambio di auguri natalizi organizzato dalla Societ\u00e0 al quale hanno preso parte, oltre che i calciatori, anche i dirigenti, lo Staff Tecnico con famiglie e bambini.<br><br>L\u2019evento, come da programma, iniziato alle ore 20:30 si \u00e8 concluso alle ore 22:50 allorquando tutti i partecipanti hanno lasciato il locale con mezzi propri per rientrare nella proprie abitazioni.<br><br>Per quanto accaduto, il calciatore in data odierna \u00e8 stato immediatamente collocato fuori rosa con riserva di ulteriori provvedimenti a suo carico.<\/p>\n\n\n\n<figure class=\"wp-block-table\"><table><tbody><tr><td><\/td><td><\/td><td><\/td><\/tr><tr><td><\/td><td><\/td><td><\/td><\/tr><tr><td><\/td><td><\/td><td><\/td><\/tr><tr><td><\/td><td><\/td><td><\/td><\/tr><tr><td><\/td><td colspan=\"2\"><\/td><\/tr><tr><td><\/td><td><\/td><td><\/td><\/tr><tr><td><\/td><td><\/td><td><\/td><\/tr><tr><td><\/td><td><\/td><td><\/td><\/tr><tr><td><\/td><td><\/td><td><\/td><\/tr><tr><td><\/td><td><\/td><td><\/td><\/tr><tr><td><\/td><td><\/td><td><\/td><\/tr><tr><td><\/td><td colspan=\"2\"><\/td><\/tr><tr><td><\/td><td><\/td><td><\/td><\/tr><tr><td><\/td><td><\/td><td><\/td><\/tr><tr><td><\/td><td colspan=\"2\"><\/td><\/tr><tr><td><\/td><td><\/td><td><\/td><\/tr><tr><td><\/td><td><\/td><td><\/td><\/tr><\/tbody><\/table><\/figure>\n<fb:like href='https:\/\/www.leccecronaca.it\/index.php\/2024\/12\/19\/la-folle-corsa-in-centro-del-calciatore-del-lecce-andy-pelmard-la-polizia-lo-denuncia-e-gli-leva-la-patente-la-societa-lo-mette-fuori-squadra\/' send='true' layout='button_count' show_faces='true' width='450' height='65' action='recommend' colorscheme='light' font='lucida grande'><\/fb:like><span class=\"fb_share\"><fb:like href=\"https:\/\/www.leccecronaca.it\/index.php\/2024\/12\/19\/la-folle-corsa-in-centro-del-calciatore-del-lecce-andy-pelmard-la-polizia-lo-denuncia-e-gli-leva-la-patente-la-societa-lo-mette-fuori-squadra\/\" layout=\"button_count\"><\/fb:like><\/span>","protected":false},"excerpt":{"rendered":"<p>(g.p.) _________ E&#8217; un brutto episodio di cronaca, non tanto per i fatti in s\u00e9 e per s\u00e9, quanto per le ripercussioni che sottende. Per questo non \u00e8 possibile derubricarlo a &#8216;sono ragazzi..&#8217;. I calciatori, del resto giovani fortunati e privilegiati dalla vita, sono modello di comportamento per tanti giovanissimi che li seguono per entusiasmo [&hellip;]<\/p>\n","protected":false},"author":4,"featured_media":237556,"comment_status":"open","ping_status":"closed","sticky":false,"template":"","format":"standard","meta":[],"categories":[69,28],"tags":[],"_links":{"self":[{"href":"https:\/\/www.leccecronaca.it\/index.php\/wp-json\/wp\/v2\/posts\/237555"}],"collection":[{"href":"https:\/\/www.leccecronaca.it\/index.php\/wp-json\/wp\/v2\/posts"}],"about":[{"href":"https:\/\/www.leccecronaca.it\/index.php\/wp-json\/wp\/v2\/types\/post"}],"author":[{"embeddable":true,"href":"https:\/\/www.leccecronaca.it\/index.php\/wp-json\/wp\/v2\/users\/4"}],"replies":[{"embeddable":true,"href":"https:\/\/www.leccecronaca.it\/index.php\/wp-json\/wp\/v2\/comments?post=237555"}],"version-history":[{"count":7,"href":"https:\/\/www.leccecronaca.it\/index.php\/wp-json\/wp\/v2\/posts\/237555\/revisions"}],"predecessor-version":[{"id":237577,"href":"https:\/\/www.leccecronaca.it\/index.php\/wp-json\/wp\/v2\/posts\/237555\/revisions\/237577"}],"wp:featuredmedia":[{"embeddable":true,"href":"https:\/\/www.leccecronaca.it\/index.php\/wp-json\/wp\/v2\/media\/237556"}],"wp:attachment":[{"href":"https:\/\/www.leccecronaca.it\/index.php\/wp-json\/wp\/v2\/media?parent=237555"}],"wp:term":[{"taxonomy":"category","embeddable":true,"href":"https:\/\/www.leccecronaca.it\/index.php\/wp-json\/wp\/v2\/categories?post=237555"},{"taxonomy":"post_tag","embeddable":true,"href":"https:\/\/www.leccecronaca.it\/index.php\/wp-json\/wp\/v2\/tags?post=237555"}],"curies":[{"name":"wp","href":"https:\/\/api.w.org\/{rel}","templated":true}]}}