{"id":237693,"date":"2024-12-22T12:52:48","date_gmt":"2024-12-22T11:52:48","guid":{"rendered":"https:\/\/www.leccecronaca.it\/?p=237693"},"modified":"2024-12-28T18:46:38","modified_gmt":"2024-12-28T17:46:38","slug":"polvere-di-stelle-inimitabile-e-indimmenticabile-walter-chiari","status":"publish","type":"post","link":"https:\/\/www.leccecronaca.it\/index.php\/2024\/12\/22\/polvere-di-stelle-inimitabile-e-indimmenticabile-walter-chiari\/","title":{"rendered":"POLVERE DI STELLE \/ INIMITABILE E INDIMENTICABILE WALTER CHIARI"},"content":{"rendered":"\n<p><img decoding=\"async\" loading=\"lazy\" width=\"518\" height=\"325\" class=\"wp-image-237694\" style=\"width: 2500px;\" src=\"https:\/\/www.leccecronaca.it\/wordpress\/wp-content\/uploads\/2024\/12\/cover-4.jpg\" alt=\"\" srcset=\"https:\/\/www.leccecronaca.it\/wordpress\/wp-content\/uploads\/2024\/12\/cover-4.jpg 518w, https:\/\/www.leccecronaca.it\/wordpress\/wp-content\/uploads\/2024\/12\/cover-4-300x188.jpg 300w\" sizes=\"(max-width: 518px) 100vw, 518px\" \/><\/p>\n\n\n\n<p>di <strong>Elena Vada <\/strong>_______ <\/p>\n\n\n\n<p>Di lui dissero: &#8220;Solare ed espansivo come i pugliesi, matto ed esagerato come i veneti, entusiasta e generoso come i milanesi&#8221;&nbsp;<\/p>\n\n\n\n<p>l \u2019enciclopedia Treccani lo definisce &#8220;Uno dei pi\u00f9 grandi talenti del cinema e del teatro leggero italiano&#8221;.<\/p>\n\n\n\n<p>Oggi vi parlo di&nbsp; WALTER CHIARI di cui, quest&#8217; anno \u00e8 occorso il centenario dalla nascita.<\/p>\n\n\n\n<p>Erano gli anni della grande RAI. Lui ebbe la straordinaria capacit\u00e0 di entrare in contatto empatico con il pubblico, con il quale interagiva e dialogava nei suoi spettacoli, ricchi di spassosissimi monologhi in tutti i dialetti e tante caratterizzazioni.<\/p>\n\n\n\n<p>Trasformava, in chiave comica, aspetti quotidiani della nostra societ\u00e0, rappresentando i comportamenti dell\u2019italiano medio, in modo esilarante. Diverso da Sordi che pur \u00e8 maestro nel genere. Lui era pi\u00f9 macchiettista, ironico, scherzoso, spontaneo, popolare. Uno showman.<\/p>\n\n\n\n<p>&#8230; Si rideva, si rideva. Si rideva tanto, in modo semplice e genuino.<\/p>\n\n\n\n<p>Fu eccezionale nel variet\u00e0 televisivo anni sessanta. Allegro, estroso, spigliato, vivace.&nbsp;&nbsp;<\/p>\n\n\n\n<p>BELLO.&nbsp;<\/p>\n\n\n\n<p>Sciupafemmine. Ebbe flirt e storie d\u2019amore con le pi\u00f9 famose attrici e cantanti dell\u2019epoca, dopo Marisa Maresca, ballerina di cabaret, che lo lanci\u00f2: Anita Ekberg, Silvana Pampanini, Sylva Koscina, Anna Magnani, Lucia Bos\u00e9, Elsa&nbsp; Martinelli, Mina e pure Maria Gabriella di Savoia&#8230; eee Ava Gardner.&nbsp;<\/p>\n\n\n\n<p>Iva Zanicchi dice di essersi &#8216;salvata&#8217;&#8230; mah?!<\/p>\n\n\n\n<p>Era sempre in primo piano nelle cronache rosa e sui rotocalchi in bianco e nero.<\/p>\n\n\n\n<p>Famose le scazzottate con i paparazzi.<\/p>\n\n\n\n<p>L\u2019incontro con Ava avvenne a Roma, dove l&#8217; attrice aveva terminato le riprese del pi\u00f9 bel film della sua carriera, &#8216;La contessa scalza&#8217;&nbsp;di Joseph L. Mankiewicz.<\/p>\n\n\n\n<p>Fu durante il cocktail party, in occasione del lancio del film.<\/p>\n\n\n\n<p>Walter e Ava diventarono cos\u00ec&nbsp;la coppia pi\u00f9 famosa, invidiata&nbsp; e inseguita d\u2019Italia.&nbsp; Il comico,&nbsp;che in quel momento, era la&nbsp;star di&nbsp;Canzonissima,&nbsp;trov\u00f2 il tempo di&nbsp;portare la diva hollywoodiana ad Andria, in Puglia, dalla sua famiglia.<\/p>\n\n\n\n<p>Innamoratissima,&nbsp;Ava segu\u00ec Walter ovunque.&nbsp;Per oltre un anno&nbsp;girarono insieme l\u2019Italia per le repliche dello spettacolo &#8216;Il gufo e la gattina&#8217; di Bill Manhoff, regia di Chiari.<\/p>\n\n\n\n<p><\/p>\n\n\n\n<p><\/p>\n\n\n\n<p><\/p>\n\n\n\n<p><img decoding=\"async\" loading=\"lazy\" width=\"405\" height=\"546\" class=\"wp-image-237695\" style=\"width: 1200px;\" src=\"https:\/\/www.leccecronaca.it\/wordpress\/wp-content\/uploads\/2024\/12\/1000007345.png\" alt=\"\" srcset=\"https:\/\/www.leccecronaca.it\/wordpress\/wp-content\/uploads\/2024\/12\/1000007345.png 405w, https:\/\/www.leccecronaca.it\/wordpress\/wp-content\/uploads\/2024\/12\/1000007345-223x300.png 223w\" sizes=\"(max-width: 405px) 100vw, 405px\" \/><\/p>\n\n\n\n<p><\/p>\n\n\n\n<p>Questa storia d&#8217;amore, come cominci\u00f2 fin\u00ec.<\/p>\n\n\n\n<p>Non si sa bene perch\u00e9. Forse per&nbsp;l&#8217; imitazione di Walter, dell&#8217; ex marito Frank Sinatra, in una serata di &#8220;troppo alcool&#8221;.<\/p>\n\n\n\n<p>Pare che, Ava, furiosa, lasci\u00f2 il tavolo e prese il primo volo per gli Stati Uniti.&nbsp;<\/p>\n\n\n\n<p>Walter Michele Armando Annichiarico nacque a Verona, da una famiglia di origini pugliesi, l&#8217; 8 marzo 1924.<\/p>\n\n\n\n<p>Fu un ottimo sportivo, campione di: box, tennis, nuoto e pure bocce.<\/p>\n\n\n\n<p>Abbandonati gli studi, trov\u00f2 lavoro in una ditta come radiotecnico, ma fu subito licenziato per aver distrutto tre valvole&nbsp;nel tentativo di riparare un apparecchio.&nbsp;<\/p>\n\n\n\n<p>Fu assunto in una banca, ma di nuovo licenziato perch\u00e9 scoperto da un superiore mentre imitava Adolf Hitler, in piedi sulla scrivania; chiamato dal capo ufficio e invitato a ripetere lo sketch&nbsp;in sua presenza, venne&nbsp; prima applaudito, ma poi mandato via.<\/p>\n\n\n\n<p>Riprese gli studi e consegu\u00ec la maturit\u00e0 al liceo scientifico.<\/p>\n\n\n\n<p>Walter Chiari gir\u00f2 numerosi film, ma raggiunse una grandissima popolarit\u00e0 con la partecipazioni a &#8216;STUDIO UNO&#8217;, variet\u00e0 televisivo del sabato sera, regia di Antonello Falqui.<\/p>\n\n\n\n<p>Successivamente fu mattatore in &#8216;CANZONISSIMA&#8217; nel 1968 con Mina e Paolo Panelli. I suoi monologhi e barzellette conquistarono tutti gli Italiani.<\/p>\n\n\n\n<p><\/p>\n\n\n\n<p><\/p>\n\n\n\n<p><img decoding=\"async\" loading=\"lazy\" width=\"399\" height=\"401\" class=\"wp-image-237696\" style=\"width: 1200px;\" src=\"https:\/\/www.leccecronaca.it\/wordpress\/wp-content\/uploads\/2024\/12\/1000007347.png\" alt=\"\" srcset=\"https:\/\/www.leccecronaca.it\/wordpress\/wp-content\/uploads\/2024\/12\/1000007347.png 399w, https:\/\/www.leccecronaca.it\/wordpress\/wp-content\/uploads\/2024\/12\/1000007347-150x150.png 150w, https:\/\/www.leccecronaca.it\/wordpress\/wp-content\/uploads\/2024\/12\/1000007347-60x60.png 60w\" sizes=\"(max-width: 399px) 100vw, 399px\" \/><\/p>\n\n\n\n<p><\/p>\n\n\n\n<p>Quando, negli anni &#8217;60, Chiari e Campanini (sua spalla storica) dal palcoscenico dell&#8217;avanspettacolo si trasferirono in televisione, ripescarono i loro duetti pi\u00f9 apprezzati dal pubblico.&nbsp;<\/p>\n\n\n\n<p>Tra questi il famoso &#8216;I Fratelli De Rege&#8217;.<\/p>\n\n\n\n<p>Lo schema era semplice:&nbsp;Campanini (spalla) faceva il saccente e presuntuoso. L&#8217; intelligente facile all\u2019arrabbiatura che esordiva fin dall\u2019inizio, dopo una breve introduzione, con la battuta: \u201cVieni avanti cretino!&#8221;.<\/p>\n\n\n\n<p><img decoding=\"async\" loading=\"lazy\" width=\"416\" height=\"465\" class=\"wp-image-237697\" style=\"width: 1200px;\" src=\"https:\/\/www.leccecronaca.it\/wordpress\/wp-content\/uploads\/2024\/12\/1000007348.png\" alt=\"\" srcset=\"https:\/\/www.leccecronaca.it\/wordpress\/wp-content\/uploads\/2024\/12\/1000007348.png 416w, https:\/\/www.leccecronaca.it\/wordpress\/wp-content\/uploads\/2024\/12\/1000007348-268x300.png 268w\" sizes=\"(max-width: 416px) 100vw, 416px\" \/><\/p>\n\n\n\n<p>A questo punto faceva il suo ingresso Walter Chiari con la bombetta calcata fin sopra le orecchie, naso e baffi finti. Mentre il primo domandava, ordinava e perdeva la pazienza, il secondo balbettava e storpiava le parole. L&#8217;effetto era davvero esilarante.<\/p>\n\n\n\n<p>Durante le riprese del film &#8216;Sono strana gente&#8217; (1966 M. Powell) conobbe Alida&nbsp; Chelli. I due si sposarono nel 1969: Walter le telefon\u00f2 da Sydney, dove stava girando il film &#8216;Squeeze a Flower&#8217;&nbsp;e le disse &#8220;Sono vestito da frate davanti a una fontana, se accetti di sposarmi, mi ci butto dentro!&#8221;. Due giorni dopo, in una chiesa di Sidney, si sposarono.<\/p>\n\n\n\n<p><img decoding=\"async\" loading=\"lazy\" width=\"304\" height=\"311\" class=\"wp-image-237698\" style=\"width: 1200px;\" src=\"https:\/\/www.leccecronaca.it\/wordpress\/wp-content\/uploads\/2024\/12\/1000007350.png\" alt=\"\" srcset=\"https:\/\/www.leccecronaca.it\/wordpress\/wp-content\/uploads\/2024\/12\/1000007350.png 304w, https:\/\/www.leccecronaca.it\/wordpress\/wp-content\/uploads\/2024\/12\/1000007350-293x300.png 293w, https:\/\/www.leccecronaca.it\/wordpress\/wp-content\/uploads\/2024\/12\/1000007350-60x60.png 60w\" sizes=\"(max-width: 304px) 100vw, 304px\" \/><\/p>\n\n\n\n<p><\/p>\n\n\n\n<p>I due divorziarono nel 1972, dopo aver avuto un figlio Simone, che oggi lavora in televisione, come il pap\u00e0.<\/p>\n\n\n\n<p>A Genova nel 1975, durante lo spettacolo &#8220;Chiari di luna&#8221;, disse:&nbsp;<\/p>\n\n\n\n<p>&nbsp;&#8220;Quando fu appeso per i piedi a Piazzale Loreto, dalle tasche di Mussolini non cadde nemmeno una monetina. Se i nuovi reggitori d&#8217;Italia avessero subito la stessa sorte, chiss\u00e0 cosa uscirebbe dalle tasche di lor signori!&#8221;<\/p>\n\n\n\n<p>SCANDALO! Chiari scaten\u00f2 le contestazioni dei giornalisti politici e non, che su diverse testate della stampa nazionale, gli manifestarono tutto il loro sdegno e disapprovazione. Non oso pensare, cosa sarebbe accaduto se questo fatto, fosse successo ai giorni nostri.<\/p>\n\n\n\n<p>Il 20 maggio 1970, mentre si stava recando negli studi della Rai,&nbsp;venne arrestato con l&#8217;accusa di consumo e spaccio di cocaina.&nbsp;Rest\u00f2 in carcere a Regina Coeli,&nbsp;per 98 giorni, tra maggio e agosto 1970, venendo scarcerato solo dopo aver pagato una cauzione di tre milioni di lire. Successivamente&nbsp;venne prosciolto dall&#8217;accusa di spaccio e condannato con la condizionale,&nbsp;per il reato di detenzione&nbsp;di sostanze stupefacenti&nbsp;per uso personale.<\/p>\n\n\n\n<p>So a memoria la scenetta del &#8220;Sarchiapone&#8221; e ve la potrei recitare (guardatela,&nbsp; la consiglio, \u00e8 spassosissima ancora oggi).<\/p>\n\n\n\n<p>L&#8217; ho assorbita dal mio pap\u00e0 (che la ripeteva spesso) a cui quest&#8217; attore piaceva tantissimo.<\/p>\n\n\n\n<p>Ho conosciuto&nbsp; personalmente Walter Chiari nel 1988, mentre provava al teatro Carignano di Torino, il &#8216;Re Ubu&#8217; di Alfred Jarry, regia di Ugo Gregoretti.&nbsp;<\/p>\n\n\n\n<p>Me lo presentarono (Franco Gervasio regista) al ristorante macrobiotico &#8220;Erewhon&#8221; dove mangiavo abitualmente, perch\u00e9 vicino al mio luogo di lavoro e dove pure Chiari, si recava quotidianamente, giungendo a piedi dal teatro, dopo una lunghissima passeggiata, vista la distanza dal medesimo.<\/p>\n\n\n\n<p>Lui era un salutista per quanto riguarda alimentazione e preparazione fisica (cos\u00ec mi fu descritto e raccontato da Gervasio, che lo seguiva come un&#8217;ombra).<\/p>\n\n\n\n<p>Che emozione!&nbsp;<\/p>\n\n\n\n<p>Era carismatico, affascinante, simpatico, pieno di charme, intelligente, brillante e &#8230; bello.&nbsp;<\/p>\n\n\n\n<p>Sempre vestito in tuta da ginnastica, con una sciarpa al collo e niente pi\u00f9, nonostante fosse autunno inoltrato e facesse gi\u00e0 freddo, qui a Torino.&nbsp;<\/p>\n\n\n\n<p>Parlava come un torrente in piena, ma non mi stancavo mai di ascoltarlo. Non chiedetemi che disse &#8230; Era un&#8217; enciclopedia vivente.<\/p>\n\n\n\n<p>Poteva dissertare, in scioltezza, su &#8216;qualsiasi&#8217; argomento. Aveva un&#8217; enorme cultura generale non &#8216;superficiale&#8217; ma&nbsp; &#8216;coltivata&#8217; e ricca di aneddoti e particolari.<\/p>\n\n\n\n<p>Ebbi l&#8217; ardire di chiedergli: &#8220;Ma Ava Gardner?&#8221;<\/p>\n\n\n\n<p>Rispose: &#8220;Le piacevano le orecchiette&#8230;&#8221;&nbsp;<\/p>\n\n\n\n<p>e, non aggiunse altro.<\/p>\n\n\n\n<p>Lo vidi recitare nelle prove dello spettacolo&#8230; Non sapeva la parte, dimenticava le battute e rimediava imitando se stesso, nei De Rege.<\/p>\n\n\n\n<p>Che personaggio!<\/p>\n\n\n\n<p>Nel 1991, anno della sua morte, Chiari viveva nel residence Hotel Siloe, a Milano, dove la notte del 19 dicembre, rientr\u00f2 verso l&#8217; 1:30 circa.&nbsp;<\/p>\n\n\n\n<p>La mattina del 20 dicembre, non ricevendo risposte alle insistenti telefonate di amici e parenti,&nbsp; si decise di entrare in camera dove l&#8217;attore fu trovato morto, ancora vestito dalla sera prima, seduto in poltrona davanti al televisore acceso.&nbsp;<\/p>\n\n\n\n<p>Causa del decesso: infarto miocardico.&nbsp;<\/p>\n\n\n\n<p>Aveva 67 anni.<\/p>\n\n\n\n<p>Ai funerali, che si svolsero il 21 dicembre presso la chiesa di San Pietro in Sala, vicino al Teatro&nbsp; Nazionale,&nbsp;dove l&#8217;attore spesso si esibiva, parteciparono pi\u00f9 di tremila persone.<\/p>\n\n\n\n<p>Sulla sua tomba c&#8217;\u00e8 scritto: &#8220;Amici non piangete, \u00e8 soltanto sonno arretrato&#8221;.<\/p>\n\n\n\n<p>Mina, nella nota introduttiva alla biografia di Walter, dice: &#8220;Formidabile macchina da guerra, divo assoluto. La gente lo scongiurava per avere un suo sguardo. Con un&#8217;inflessione di voce faceva svenire battaglioni di donne. Lui, adorato da tutti.&#8221;<\/p>\n\n\n\n<p>Nonostante le sue grandissime capacit\u00e0 recitative, a Chiari non venne mai riconosciuto nessun merito a livello di premi.<\/p>\n\n\n\n<p>Questa \u00e8 una gravissima mancanza, per un uomo che ha dato moltissimo al cinema, al teatro, ma soprattutto al pubblico italiano, degli anni 50\/60.<\/p>\n\n\n\n<p>Ci ha lasciato in eredit\u00e0 il &#8216;sarchiapone&#8217;, che come ben sapete&#8230;. \u00e8: il sarchiapone, ovvio! <\/p>\n\n\n\n<p>______<\/p>\n\n\n\n<p>( 16 \u2013 continua )<\/p>\n\n\n\n<p><\/p>\n\n\n\n<p><\/p>\n\n\n\n<p><\/p>\n\n\n\n<p><\/p>\n\n\n\n<p><\/p>\n\n\n\n<p><\/p>\n\n\n\n<p><\/p>\n<fb:like href='https:\/\/www.leccecronaca.it\/index.php\/2024\/12\/22\/polvere-di-stelle-inimitabile-e-indimmenticabile-walter-chiari\/' send='true' layout='button_count' show_faces='true' width='450' height='65' action='recommend' colorscheme='light' font='lucida grande'><\/fb:like><span class=\"fb_share\"><fb:like href=\"https:\/\/www.leccecronaca.it\/index.php\/2024\/12\/22\/polvere-di-stelle-inimitabile-e-indimmenticabile-walter-chiari\/\" layout=\"button_count\"><\/fb:like><\/span>","protected":false},"excerpt":{"rendered":"<p>di Elena Vada _______ Di lui dissero: &#8220;Solare ed espansivo come i pugliesi, matto ed esagerato come i veneti, entusiasta e generoso come i milanesi&#8221;&nbsp; l \u2019enciclopedia Treccani lo definisce &#8220;Uno dei pi\u00f9 grandi talenti del cinema e del teatro leggero italiano&#8221;. Oggi vi parlo di&nbsp; WALTER CHIARI di cui, quest&#8217; anno \u00e8 occorso il [&hellip;]<\/p>\n","protected":false},"author":4,"featured_media":237694,"comment_status":"open","ping_status":"closed","sticky":false,"template":"","format":"standard","meta":[],"categories":[31],"tags":[],"_links":{"self":[{"href":"https:\/\/www.leccecronaca.it\/index.php\/wp-json\/wp\/v2\/posts\/237693"}],"collection":[{"href":"https:\/\/www.leccecronaca.it\/index.php\/wp-json\/wp\/v2\/posts"}],"about":[{"href":"https:\/\/www.leccecronaca.it\/index.php\/wp-json\/wp\/v2\/types\/post"}],"author":[{"embeddable":true,"href":"https:\/\/www.leccecronaca.it\/index.php\/wp-json\/wp\/v2\/users\/4"}],"replies":[{"embeddable":true,"href":"https:\/\/www.leccecronaca.it\/index.php\/wp-json\/wp\/v2\/comments?post=237693"}],"version-history":[{"count":3,"href":"https:\/\/www.leccecronaca.it\/index.php\/wp-json\/wp\/v2\/posts\/237693\/revisions"}],"predecessor-version":[{"id":237767,"href":"https:\/\/www.leccecronaca.it\/index.php\/wp-json\/wp\/v2\/posts\/237693\/revisions\/237767"}],"wp:featuredmedia":[{"embeddable":true,"href":"https:\/\/www.leccecronaca.it\/index.php\/wp-json\/wp\/v2\/media\/237694"}],"wp:attachment":[{"href":"https:\/\/www.leccecronaca.it\/index.php\/wp-json\/wp\/v2\/media?parent=237693"}],"wp:term":[{"taxonomy":"category","embeddable":true,"href":"https:\/\/www.leccecronaca.it\/index.php\/wp-json\/wp\/v2\/categories?post=237693"},{"taxonomy":"post_tag","embeddable":true,"href":"https:\/\/www.leccecronaca.it\/index.php\/wp-json\/wp\/v2\/tags?post=237693"}],"curies":[{"name":"wp","href":"https:\/\/api.w.org\/{rel}","templated":true}]}}