{"id":237823,"date":"2024-12-27T19:32:56","date_gmt":"2024-12-27T18:32:56","guid":{"rendered":"https:\/\/www.leccecronaca.it\/?p=237823"},"modified":"2024-12-27T19:37:11","modified_gmt":"2024-12-27T18:37:11","slug":"se-il-natale-in-casa-cupiello-di-eduardo-de-filippo-rifatto-da-vincenzo-salemme-diventa-attualmente-rilevante-su-facebook-sul-caso-social-del-giorno-leccecronaca-it-ha-interpellato-tre-attori-pr","status":"publish","type":"post","link":"https:\/\/www.leccecronaca.it\/index.php\/2024\/12\/27\/se-il-natale-in-casa-cupiello-di-eduardo-de-filippo-rifatto-da-vincenzo-salemme-diventa-attualmente-rilevante-su-facebook-sul-caso-social-del-giorno-leccecronaca-it-ha-interpellato-tre-attori-pr\/","title":{"rendered":"SE IL &#8216;NATALE IN CASA CUPIELLO&#8217; RIFATTO DA VINCENZO SALEMME DIVENTA &#8220;attualmente rilevante&#8221; SU FACEBOOK. SUL CASO SOCIAL DEL GIORNO, leccecronaca.it HA INTERPELLATO TRE ATTORI SALENTINI"},"content":{"rendered":"\n<p><img decoding=\"async\" loading=\"lazy\" width=\"1440\" height=\"900\" class=\"wp-image-237824\" style=\"width: 2500px;\" src=\"https:\/\/www.leccecronaca.it\/wordpress\/wp-content\/uploads\/2024\/12\/salemme-de-filippo.jpg\" alt=\"\" srcset=\"https:\/\/www.leccecronaca.it\/wordpress\/wp-content\/uploads\/2024\/12\/salemme-de-filippo.jpg 1440w, https:\/\/www.leccecronaca.it\/wordpress\/wp-content\/uploads\/2024\/12\/salemme-de-filippo-300x188.jpg 300w, https:\/\/www.leccecronaca.it\/wordpress\/wp-content\/uploads\/2024\/12\/salemme-de-filippo-1024x640.jpg 1024w, https:\/\/www.leccecronaca.it\/wordpress\/wp-content\/uploads\/2024\/12\/salemme-de-filippo-768x480.jpg 768w\" sizes=\"(max-width: 1440px) 100vw, 1440px\" \/><\/p>\n\n\n\n<p>(g.p.) ________ E&#8217; andata in onda ieri sera su Rai 2 in prima serata una rappresentazione teatrale, ripresa in diretta, dall&#8217;auditorium Domenico Scarlatti di Napoli,\u00a0per di pi\u00f9 pi\u00f9 o meno in &#8216;prima serata&#8217; e su una rete rilevante, il che \u00e8 gi\u00e0 di per s\u00e9 una cosa degna di nota. Si trattava di un classico del nostro teatro contemporaneo, il &#8220;Natale in casa Cupiello&#8221; di Eduardo De Filippo, nell&#8217;interpretazione e per la regia di uno degli attori brillanti pi\u00f9 affermati, che soprattutto il pubblico del cinema ben conosce, quale Vincenzo Salemme. Ma non \u00e8 questa la cosa degna di nota. <\/p>\n\n\n\n<p>La cosa degna di nota \u00e8 che oggi in tantissimi su Facebook &#8211; dove c&#8217;\u00e8 sempre un argomento rilevante che diventa spia del comune sentire &#8211; parlano di questo, nei loro post: di De Filippo rivisitato da Salemme, il che mi sembra un fatto straordinario. <\/p>\n\n\n\n<p>Certo, molti dei tantissimi lo fanno nello stile dei social, vale a dire da tuttologi, per l&#8217;occasione imprestati alla critica teatrale, con toni accesi, poi,  e in modo manicheo, col risultato di &#8216;dibattere&#8217; come farebbero due opposte e contrapposte tifoserie calcistiche. Va bene cos\u00ec, per\u00f2: se diventa popolare un argomento culturale, \u00e8 sempre meglio delle vuote dispute quotidiane su Giorgia Meloni, o su Elly Schlein, sul men\u00f9 del pranzo, o sui parcheggi.<\/p>\n\n\n\n<p>Ce n&#8217;era quanto bastava, insomma, per far scattare la curiosit\u00e0.<\/p>\n\n\n\n<p>Questa sera <strong>leccecronaca.it <\/strong>ha interpellato al riguardo tre attori di teatro professionisti qui nel nostro Salento.<\/p>\n\n\n\n<p>Vediamo come \u00e8 andata.<\/p>\n\n\n\n<p>Il primo, vuol mantenere l&#8217;anonimato: avr\u00e0 le sue ragioni, e noi le rispettiamo. De Filippo rifatto da Salemme non gli \u00e8 piaciuto. &#8220;E&#8217; chiaro, ogni regista di un testo teatrale pu\u00f2 fare quello che crede, se ne assume la responsabilit\u00e0 di metterlo in scena. Detto questo, De Filippo non \u00e8 il teatro di Salemme, voglio dire non \u00e8 quello a lui congeniale, e la rappresentazione ne ha risentito. Mi \u00e8 venuta meno l&#8217;atmosfera famigliare presente nel testo originario, rispetto a quello non c&#8217;erano le vere e proprie &#8216;maschere&#8217; dei personaggi creati nell&#8217;occasione dall&#8217;autore, non c&#8217;erano le espressioni interpretative, e non c&#8217;erano tante altre cose ancora&#8221;.<\/p>\n\n\n\n<p>Insomma, \u00e8 un no. E del teatro passato in televisione, cosa pensa?<\/p>\n\n\n\n<p>&#8220;Il teatro in televisione non \u00e8 teatro, il teatro si vive in teatro&#8221;.<\/p>\n\n\n\n<p>Ok, breve, conciso e compendioso: chiarissimo.<\/p>\n\n\n\n<p><\/p>\n\n\n\n<p>E&#8217; un &#8216;ni&#8217;, invece, quello di Alfredo Traversa.<\/p>\n\n\n\n<p><img decoding=\"async\" loading=\"lazy\" width=\"1365\" height=\"1365\" class=\"wp-image-237825\" style=\"width: 1200px;\" src=\"https:\/\/www.leccecronaca.it\/wordpress\/wp-content\/uploads\/2024\/12\/at.jpg\" alt=\"\" srcset=\"https:\/\/www.leccecronaca.it\/wordpress\/wp-content\/uploads\/2024\/12\/at.jpg 1365w, https:\/\/www.leccecronaca.it\/wordpress\/wp-content\/uploads\/2024\/12\/at-300x300.jpg 300w, https:\/\/www.leccecronaca.it\/wordpress\/wp-content\/uploads\/2024\/12\/at-1024x1024.jpg 1024w, https:\/\/www.leccecronaca.it\/wordpress\/wp-content\/uploads\/2024\/12\/at-150x150.jpg 150w, https:\/\/www.leccecronaca.it\/wordpress\/wp-content\/uploads\/2024\/12\/at-768x768.jpg 768w, https:\/\/www.leccecronaca.it\/wordpress\/wp-content\/uploads\/2024\/12\/at-60x60.jpg 60w\" sizes=\"(max-width: 1365px) 100vw, 1365px\" \/> <\/p>\n\n\n\n<p><\/p>\n\n\n\n<p>&#8220;A mio modo di intendere, Salemme ha cercato di essere fedele, a modo suo, ovvio, a De Filippo. Si \u00e8 caricato sulle spalle la responsabilit\u00e0 di misurarsi con un mostro sacro e si \u00e8 ispirato ai tempi e ai modi di quello. Meglio avrebbe fatto a spingere di pi\u00f9 l&#8217;acceleratore su una sua personale rivisitazione del testo&#8221;.  <\/p>\n\n\n\n<p>E del teatro passato in televisione, lei che ne pensa?<\/p>\n\n\n\n<p>&#8220;Il teatro in televisione va bene, se \u00e8 in diretta. Non registrato. La diretta lascia margini anche agli errori, o alla casualit\u00e0 del momento, per\u00f2 lo rende in maniera viva e palpabile&#8221;.<\/p>\n\n\n\n<p><\/p>\n\n\n\n<p>E un no, pure deciso, quello di  Jenny Ribezzo.<\/p>\n\n\n\n<p><img decoding=\"async\" loading=\"lazy\" width=\"956\" height=\"960\" class=\"wp-image-237826\" style=\"width: 1200px;\" src=\"https:\/\/www.leccecronaca.it\/wordpress\/wp-content\/uploads\/2024\/12\/jenny.jpg\" alt=\"\" srcset=\"https:\/\/www.leccecronaca.it\/wordpress\/wp-content\/uploads\/2024\/12\/jenny.jpg 956w, https:\/\/www.leccecronaca.it\/wordpress\/wp-content\/uploads\/2024\/12\/jenny-300x300.jpg 300w, https:\/\/www.leccecronaca.it\/wordpress\/wp-content\/uploads\/2024\/12\/jenny-150x150.jpg 150w, https:\/\/www.leccecronaca.it\/wordpress\/wp-content\/uploads\/2024\/12\/jenny-768x771.jpg 768w, https:\/\/www.leccecronaca.it\/wordpress\/wp-content\/uploads\/2024\/12\/jenny-60x60.jpg 60w\" sizes=\"(max-width: 956px) 100vw, 956px\" \/> <\/p>\n\n\n\n<p>&#8220;Inadeguato. Salemme \u00e8 venuto meno nell&#8217;interpretazione come nella regia. Pure nella scelta degli altri interpreti, nei quali ho visto tanta approssimazione amatoriale. Finanche nella scenografia: ieri sera c&#8217;era un copriletto di lusso, insomma un capo di valore, che in quella casa era assolutamente fuori posto, come tante altre cose. <\/p>\n\n\n\n<p>E poi, in ogni caso &#8216;Natale in casa Cupiello&#8217; \u00e8 un testo in cui risalta il dramma della povert\u00e0, la sofferenza, finanche la disperazione: tutte cose completamente assenti nella versione di Salemme. Non ho sentito freddo di Concetta, la moglie di Luca Cupiello&#8230;&#8221;<\/p>\n\n\n\n<p>E sulla decisione della diretta televisiva, Lei che ne pensa? <\/p>\n\n\n\n<p>&#8220;E&#8217; stata un&#8217;opportunit\u00e0 meritoria. Diamo il merito alla Rai, di avercela offerta, questa opportunit\u00e0. Il teatro ha bisogno di essere conosciuto da chi non lo conosce, soprattutto i giovani, di essere frequentato da chi abitualmente non lo frequenta&#8221;.<\/p>\n<fb:like href='https:\/\/www.leccecronaca.it\/index.php\/2024\/12\/27\/se-il-natale-in-casa-cupiello-di-eduardo-de-filippo-rifatto-da-vincenzo-salemme-diventa-attualmente-rilevante-su-facebook-sul-caso-social-del-giorno-leccecronaca-it-ha-interpellato-tre-attori-pr\/' send='true' layout='button_count' show_faces='true' width='450' height='65' action='recommend' colorscheme='light' font='lucida grande'><\/fb:like><span class=\"fb_share\"><fb:like href=\"https:\/\/www.leccecronaca.it\/index.php\/2024\/12\/27\/se-il-natale-in-casa-cupiello-di-eduardo-de-filippo-rifatto-da-vincenzo-salemme-diventa-attualmente-rilevante-su-facebook-sul-caso-social-del-giorno-leccecronaca-it-ha-interpellato-tre-attori-pr\/\" layout=\"button_count\"><\/fb:like><\/span>","protected":false},"excerpt":{"rendered":"<p>(g.p.) ________ E&#8217; andata in onda ieri sera su Rai 2 in prima serata una rappresentazione teatrale, ripresa in diretta, dall&#8217;auditorium Domenico Scarlatti di Napoli,\u00a0per di pi\u00f9 pi\u00f9 o meno in &#8216;prima serata&#8217; e su una rete rilevante, il che \u00e8 gi\u00e0 di per s\u00e9 una cosa degna di nota. Si trattava di un classico [&hellip;]<\/p>\n","protected":false},"author":4,"featured_media":237824,"comment_status":"open","ping_status":"closed","sticky":false,"template":"","format":"standard","meta":[],"categories":[1,69,31,75],"tags":[],"_links":{"self":[{"href":"https:\/\/www.leccecronaca.it\/index.php\/wp-json\/wp\/v2\/posts\/237823"}],"collection":[{"href":"https:\/\/www.leccecronaca.it\/index.php\/wp-json\/wp\/v2\/posts"}],"about":[{"href":"https:\/\/www.leccecronaca.it\/index.php\/wp-json\/wp\/v2\/types\/post"}],"author":[{"embeddable":true,"href":"https:\/\/www.leccecronaca.it\/index.php\/wp-json\/wp\/v2\/users\/4"}],"replies":[{"embeddable":true,"href":"https:\/\/www.leccecronaca.it\/index.php\/wp-json\/wp\/v2\/comments?post=237823"}],"version-history":[{"count":3,"href":"https:\/\/www.leccecronaca.it\/index.php\/wp-json\/wp\/v2\/posts\/237823\/revisions"}],"predecessor-version":[{"id":237829,"href":"https:\/\/www.leccecronaca.it\/index.php\/wp-json\/wp\/v2\/posts\/237823\/revisions\/237829"}],"wp:featuredmedia":[{"embeddable":true,"href":"https:\/\/www.leccecronaca.it\/index.php\/wp-json\/wp\/v2\/media\/237824"}],"wp:attachment":[{"href":"https:\/\/www.leccecronaca.it\/index.php\/wp-json\/wp\/v2\/media?parent=237823"}],"wp:term":[{"taxonomy":"category","embeddable":true,"href":"https:\/\/www.leccecronaca.it\/index.php\/wp-json\/wp\/v2\/categories?post=237823"},{"taxonomy":"post_tag","embeddable":true,"href":"https:\/\/www.leccecronaca.it\/index.php\/wp-json\/wp\/v2\/tags?post=237823"}],"curies":[{"name":"wp","href":"https:\/\/api.w.org\/{rel}","templated":true}]}}