{"id":237835,"date":"2024-12-28T14:47:46","date_gmt":"2024-12-28T13:47:46","guid":{"rendered":"https:\/\/www.leccecronaca.it\/?p=237835"},"modified":"2025-01-01T12:20:10","modified_gmt":"2025-01-01T11:20:10","slug":"salve-2025-si-comincia-col-jazz","status":"publish","type":"post","link":"https:\/\/www.leccecronaca.it\/index.php\/2024\/12\/28\/salve-2025-si-comincia-col-jazz\/","title":{"rendered":"SALVE, 2025! SI COMINCIA COL JAZZ"},"content":{"rendered":"\n<p><img decoding=\"async\" loading=\"lazy\" width=\"1024\" height=\"576\" class=\"wp-image-237837\" style=\"width: 1500px;\" src=\"https:\/\/www.leccecronaca.it\/wordpress\/wp-content\/uploads\/2024\/12\/maxresdefault.jpg\" alt=\"\" srcset=\"https:\/\/www.leccecronaca.it\/wordpress\/wp-content\/uploads\/2024\/12\/maxresdefault.jpg 1024w, https:\/\/www.leccecronaca.it\/wordpress\/wp-content\/uploads\/2024\/12\/maxresdefault-300x169.jpg 300w, https:\/\/www.leccecronaca.it\/wordpress\/wp-content\/uploads\/2024\/12\/maxresdefault-768x432.jpg 768w\" sizes=\"(max-width: 1024px) 100vw, 1024px\" \/><\/p>\n\n\n\n<p>L\u2019amministrazione comunale di Salve accoglie in musica il nuovo anno, aprendo le porte di Palazzo Carida Ramirez per un concerto organizzato con la direzione artistica dell\u2019associazione culturale Lampus, attiva nel Capo di Leuca da circa sette anni per la divulgazione del Jazz.<\/p>\n\n\n\n<p>L\u2019iniziativa rientra nell\u2019ambito delle azioni messe in cantiere dal Comune per la valorizzazione dei beni culturali del territorio salvese di cui Palazzo Carida Ramirez rappresenta un fiore all\u2019occhiello.<\/p>\n\n\n\n<p>Acquisito dall\u2019Amministrazione da poco pi\u00f9 di un anno dopo un tortuoso e complesso iter procedurale, il palazzo, di chiaro gusto spagnolesco, \u00e8 ubicato nella centralissima piazza Concordia. Realizzato su pi\u00f9 livelli grazie alla differenza di quota tra la piazza e la strada retrostante, presenta delle arcate all\u2019ingresso principale e una loggia finemente decorata al piano nobile. Le volte degli ambienti interni sono impreziosite da affreschi dell\u2019Ottocento e dall\u2019ampia terrazza \u00e8 possibile godere di una bellissima vista sulle campagne, a perdita d\u2019occhio fino al mare.<\/p>\n\n\n\n<p>Il concerto del primo gennaio si terr\u00e0 nella parte inferiore del palazzo, con ingresso da via Veneri, dove \u00e8 presente un ampio salone con volte a stella adibito nel tempo a conferenze, spettacoli e attivit\u00e0 culturali.<\/p>\n\n\n\n<p>Il concerto<\/p>\n\n\n\n<p>Accomunati dalla passione per i grandi songwriters del teatro di Broadway e per le armonie ed i ritmi della musica popolare&nbsp; brasiliana, il quartetto composto Serena Grittani alla voce, Bruno Montrone al pianoforte, Giuseppe Venezia al contrabbasso e Giovanni Scasciamacchia alla batteria torna, 5 anni dopo, per Lampus, a proporre I miei standard, un progetto che celebra alcuni grandi classici della tradizione jazzistica nonch\u00e9 capolavori senza tempo che affondano le radici nella cultura carioca, cubana ed argentina, senza rinunciare ad incursioni nel panorama musicale jazzistico pi\u00f9 moderno.<\/p>\n\n\n\n<p>Un&#8217;esperienza di ascolto intima ed avvolgente in cui melodia, ritmo ed armonia si fonderanno per regalare momenti indimenticabili di pura bellezza.<\/p>\n\n\n\n<p><img decoding=\"async\" loading=\"lazy\" width=\"905\" height=\"1280\" class=\"wp-image-237836\" style=\"width: 800px;\" src=\"https:\/\/www.leccecronaca.it\/wordpress\/wp-content\/uploads\/2024\/12\/LOCANDINA-GRITTANI.png\" alt=\"\" srcset=\"https:\/\/www.leccecronaca.it\/wordpress\/wp-content\/uploads\/2024\/12\/LOCANDINA-GRITTANI.png 905w, https:\/\/www.leccecronaca.it\/wordpress\/wp-content\/uploads\/2024\/12\/LOCANDINA-GRITTANI-212x300.png 212w, https:\/\/www.leccecronaca.it\/wordpress\/wp-content\/uploads\/2024\/12\/LOCANDINA-GRITTANI-724x1024.png 724w, https:\/\/www.leccecronaca.it\/wordpress\/wp-content\/uploads\/2024\/12\/LOCANDINA-GRITTANI-768x1086.png 768w\" sizes=\"(max-width: 905px) 100vw, 905px\" \/><\/p>\n\n\n\n<p>Data: 1 gennaio<\/p>\n\n\n\n<p>Inizio concerto: ore 19.00<\/p>\n\n\n\n<p>Luogo: Salve, via Veneri snc<\/p>\n\n\n\n<p>Ingresso: gratuito previa prenotazione obbligatoria via whatsapp al numero 347 5169946<\/p>\n\n\n\n<p>Contatto: Paolo Insalata: tel. 347 5169946<\/p>\n<fb:like href='https:\/\/www.leccecronaca.it\/index.php\/2024\/12\/28\/salve-2025-si-comincia-col-jazz\/' send='true' layout='button_count' show_faces='true' width='450' height='65' action='recommend' colorscheme='light' font='lucida grande'><\/fb:like><span class=\"fb_share\"><fb:like href=\"https:\/\/www.leccecronaca.it\/index.php\/2024\/12\/28\/salve-2025-si-comincia-col-jazz\/\" layout=\"button_count\"><\/fb:like><\/span>","protected":false},"excerpt":{"rendered":"<p>L\u2019amministrazione comunale di Salve accoglie in musica il nuovo anno, aprendo le porte di Palazzo Carida Ramirez per un concerto organizzato con la direzione artistica dell\u2019associazione culturale Lampus, attiva nel Capo di Leuca da circa sette anni per la divulgazione del Jazz. L\u2019iniziativa rientra nell\u2019ambito delle azioni messe in cantiere dal Comune per la valorizzazione [&hellip;]<\/p>\n","protected":false},"author":4,"featured_media":237837,"comment_status":"open","ping_status":"closed","sticky":false,"template":"","format":"standard","meta":[],"categories":[31,75],"tags":[],"_links":{"self":[{"href":"https:\/\/www.leccecronaca.it\/index.php\/wp-json\/wp\/v2\/posts\/237835"}],"collection":[{"href":"https:\/\/www.leccecronaca.it\/index.php\/wp-json\/wp\/v2\/posts"}],"about":[{"href":"https:\/\/www.leccecronaca.it\/index.php\/wp-json\/wp\/v2\/types\/post"}],"author":[{"embeddable":true,"href":"https:\/\/www.leccecronaca.it\/index.php\/wp-json\/wp\/v2\/users\/4"}],"replies":[{"embeddable":true,"href":"https:\/\/www.leccecronaca.it\/index.php\/wp-json\/wp\/v2\/comments?post=237835"}],"version-history":[{"count":1,"href":"https:\/\/www.leccecronaca.it\/index.php\/wp-json\/wp\/v2\/posts\/237835\/revisions"}],"predecessor-version":[{"id":237838,"href":"https:\/\/www.leccecronaca.it\/index.php\/wp-json\/wp\/v2\/posts\/237835\/revisions\/237838"}],"wp:featuredmedia":[{"embeddable":true,"href":"https:\/\/www.leccecronaca.it\/index.php\/wp-json\/wp\/v2\/media\/237837"}],"wp:attachment":[{"href":"https:\/\/www.leccecronaca.it\/index.php\/wp-json\/wp\/v2\/media?parent=237835"}],"wp:term":[{"taxonomy":"category","embeddable":true,"href":"https:\/\/www.leccecronaca.it\/index.php\/wp-json\/wp\/v2\/categories?post=237835"},{"taxonomy":"post_tag","embeddable":true,"href":"https:\/\/www.leccecronaca.it\/index.php\/wp-json\/wp\/v2\/tags?post=237835"}],"curies":[{"name":"wp","href":"https:\/\/api.w.org\/{rel}","templated":true}]}}