{"id":238069,"date":"2025-01-03T10:27:00","date_gmt":"2025-01-03T09:27:00","guid":{"rendered":"https:\/\/www.leccecronaca.it\/?p=238069"},"modified":"2025-01-03T13:50:56","modified_gmt":"2025-01-03T12:50:56","slug":"anziani-sempreverdi-come-gli-alberi","status":"publish","type":"post","link":"https:\/\/www.leccecronaca.it\/index.php\/2025\/01\/03\/anziani-sempreverdi-come-gli-alberi\/","title":{"rendered":"ANZIANI \u201cSempreverdi\u201d COME GLI ALBERI"},"content":{"rendered":"\n<p><img decoding=\"async\" loading=\"lazy\" width=\"259\" height=\"194\" class=\"wp-image-238071\" style=\"width: 1200px;\" src=\"https:\/\/www.leccecronaca.it\/wordpress\/wp-content\/uploads\/2025\/01\/download-2.jpeg\" alt=\"\"><\/p>\n\n\n\n<p>Riceviamo e volentieri pubblichiamo. Tiziana Colluto, presidente dell&#8217; Associazione Casa delle Agriculture Tullia e Gino di Castiglione d&#8217;Otranto, ci manda il seguente comunicato _______<\/p>\n\n\n\n<p>Gi\u00e0 nel nome contiene il senso di ci\u00f2 che vuole essere: \u201c<strong>Sempreverdi<\/strong>\u201d \u00e8 il nuovo progetto dell\u2019associazione <strong>Casa delle Agriculture Tullia e Gino<\/strong>, dedicato interamente agli anziani. Sar\u00e0 presentato domani, <strong>sabato 4 gennaio<\/strong>, presso la Community Library nel Castello di Andrano, con un\u2019edizione speciale della manifestazione \u201c<strong>Lo Spirito del Grano<\/strong>\u201d.<\/p>\n\n\n\n<p>Alle ore 17, l\u2019illustrazione delle attivit\u00e0 del progetto assieme ai partner. Seguir\u00e0 il focus sulla figura dell\u2019anziano nelle diverse culture del mondo a cura del GUS-Gruppo Umana Solidariet\u00e0 \u201cGuido Puletti\u201d. Negli spazi della nuova biblioteca sar\u00e0 allestito, inoltre, un percorso esplorativo sui cereali che vengono coltivati dalla cooperativa agricola Casa delle Agriculture nelle campagne sottratte all\u2019abbandono.<\/p>\n\n\n\n<p>A seguire, aperitivo con prodotti della terra e <strong>musica popolare<\/strong> con i musicisti Giacomo Contaldo e Salvatore Cantore.<\/p>\n\n\n\n<p>\u201cSempreverdi\u201d \u00e8 risultato vincitore \u2013 secondo in Puglia a fronte di 197 progetti presentati e 56 ammessi a finanziamento \u2013 dell\u2019Avviso pubblico per la realizzazione di progettualit\u00e0 volte alla promozione e valorizzazione dell\u2019invecchiamento attivo e della buona salute, promosso da <strong>ARESS<\/strong>, l\u2019Agenzia regionale strategica per la salute e il sociale. &nbsp;<\/p>\n\n\n\n<p>\u00c8 un progetto che non nasce all\u2019improvviso: \u00e8 il frutto di un percorso lungo dodici anni, durante i quali Casa delle Agriculture ha sempre collaborato con il nutrito gruppo di anziani dell\u2019associazione <strong>Auser Ponte Andrano-Castiglione<\/strong>, tra i partner di Sempreverdi, che conta anche sulla collaborazione di una rete ormai strutturata composta da Comune di Andrano, Consorzio per la realizzazione del sistema integrato di Welfare dell\u2019Ambito di Poggiardo, Istituto comprensivo di Andrano, Pro Loco Andrano, Gus, Lilt Lecce, Apiario didattico Corte della Regina e Allevamento apistico \u201cI Paradisi\u201d di Castiglione.&nbsp;<\/p>\n\n\n\n<p><strong>LA METAFORA DI \u201cSEMPREVERDI\u201d. <\/strong>In botanica, \u201cSempreverdi\u201d sono le piante che non lasciano cadere le&nbsp;<a href=\"https:\/\/it.wikipedia.org\/wiki\/Foglie\">foglie<\/a>&nbsp;durante la stagione avversa, che generalmente \u00e8 l&#8217;<a href=\"https:\/\/it.wikipedia.org\/wiki\/Inverno\">inverno<\/a>. \u00c8 una metafora significativa per valorizzare il ruolo delle persone anziane, anche durante quello che \u00e8 considerato generalmente il loro \u201cinverno\u201d, la terza et\u00e0: le loro foglie persistono per pi\u00f9 anni, si lasciano cadere gradualmente mentre formano altre gemme e comunque vengono rinnovate, continuando con la loro chioma a dare \u201cossigeno\u201d a chi \u00e8 intorno.<\/p>\n\n\n\n<p>\u201c<em>Per agevolare questo processo<\/em> \u2013 spiegano da Casa delle Agriculture &#8211; <em>nel progetto si \u00e8 scelto di fare ricorso ai temi pi\u00f9 prossimi al vissuto degli anziani destinatari della proposta, vale a dire quelli legati alla <strong>terra<\/strong>, alla riscoperta della ruralit\u00e0, della biodiversit\u00e0 e del cibo sano, alla pratica del \u201cfare insieme\u201d, innanzitutto implementando la rete attorno a loro e le occasioni per sviluppare relazioni e conoscenza reciproca, ma anche attingendo a linguaggi e strumenti non usuali per l\u2019anziano, quali l\u2019arte nelle sue varie forme, l\u2019attivit\u00e0 fisica outdoor e il digitale\u201d.<\/em><\/p>\n\n\n\n<p><strong>GLI OBIETTIVI E LE AZIONI DI \u201cSEMPREVERDI\u201d.<\/strong> \u201cSempreverdi\u201d \u00e8 rivolto ad un minimo di 15 di anziani e si svilupper\u00e0 in nove mesi, per culminare nella 14esima edizione della <strong>Notte Verde<\/strong> di Castiglione d\u2019Otranto. Prevede di attivare processi di cooperazione intergenerazionale, di promuovere la solidariet\u00e0 tra e verso gli anziani nonch\u00e9 la loro partecipazione attiva alla vita sociale, civile, economica e culturale della comunit\u00e0 di riferimento.<\/p>\n\n\n\n<p>Il progetto si articoler\u00e0 in sei azioni, coordinate e integrate in una proposta capace di garantire coerenza e unicit\u00e0.<\/p>\n\n\n\n<p>In particolare, le prime tre azioni rientrano nella linea \u201cSport e tempo libero\u201d: gli anziani saranno impegnati in \u201c<strong><em>Agro-escursioni<\/em><\/strong>\u201d, che coniugano l\u2019attivit\u00e0 di escursionismo leggero con quella del censimento digitale di discariche abusive presenti lungo il percorso, del riconoscimento e della raccolta di erbe eduli e del trekking someggiato con l\u2019asino. Sar\u00e0, inoltre, costituito un gruppo di cammino per le<em> \u201c<strong>Camminate di memoria nel Parco comune dei frutti minori<\/strong><\/em>\u201d, per allenare mente e corpo, in quanto le camminate lungo i sentieri di campagna si svolgeranno in modalit\u00e0 narrata, per ricostruire ricordi, aneddoti e vissuti che legano gli anziani a tali luoghi e che confluiranno nella produzione di podcast radiofonici. La terza azione, \u201c<strong><em>Fare del cibo la propria medicina<\/em><\/strong>\u201d, invece, si articoler\u00e0 in cinque incontri con esperti e medici sulla prevenzione dei tumori, le correlazioni ambiente-salute, la lettura di etichette di cibi e prodotti, la corretta alimentazione e l\u2019impiego di fitofarmaci, oltre che in cinque laboratori pratici su panificazione e lievito madre, biscotteria salutare, riconoscimento dei mieli in sostituzione dello zucchero, visite in apiario e presso il Mulino di comunit\u00e0.<\/p>\n\n\n\n<p>Le altre tre azioni rientrano nella linea \u201cPromozione sociale, del lavoro e della formazione permanente\u201d. La prima \u00e8 \u201c<strong><em>Scuola di Agriculture<\/em><\/strong>\u201d, con la redazione di consigli pratici sull\u2019agricoltura naturale raccolti nel calendario 2025 che sar\u00e0 presentato durante l\u2019evento di domani, piantumazione di alberi e residenza artistica che coniugher\u00e0 il recupero di canti rurali a laboratori pratici su pratiche antispreco alimentari durante la Notte Verde di fine agosto. &nbsp;\u201c<strong><em>Il Ponte generazionale<\/em><\/strong>\u201d prevede laboratori di cucina collettiva con i giovani, pranzi e cene di comunit\u00e0, la creazione di un \u201cinventario di comunit\u00e0\u201d interattivo per il recupero dei nomi delle campagna e gli incontri \u201csocial nonni\u201d in cui i giovani insegneranno agli over65 l\u2019approccio a social network quali Instagram e Facebook. Con \u201c<strong><em>Nonni di comunit\u00e0<\/em><\/strong>\u201d gli anziani daranno supporto educativo all\u2019unica comunit\u00e0 scolastica rimasta attiva a Castiglione d\u2019Otranto, la scuola dell\u2019infanzia, con la piantumazione dell\u2019orto assieme ai bambini; parteciperanno ai laboratori di agriludoteca e cucina per bimbi \u201c<em>The little agrichef with grandparents<\/em>\u201d; infine, per supportare l\u2019inclusione della comunit\u00e0 migrante coadiuveranno il GUS nella realizzazione degli \u201cOrti in comune\u201d, nella panificazione collettiva dei \u201cPani del Mediterraneo\u201d e parteciperanno ad incontri volti alla condivisione di rituali di convivialit\u00e0 interculturali, come il rituale arabo del t\u00e8, rituali natalizi cristiani, rituali musulmani legati al El Fitr (fine Ramadan).<\/p>\n<fb:like href='https:\/\/www.leccecronaca.it\/index.php\/2025\/01\/03\/anziani-sempreverdi-come-gli-alberi\/' send='true' layout='button_count' show_faces='true' width='450' height='65' action='recommend' colorscheme='light' font='lucida grande'><\/fb:like><span class=\"fb_share\"><fb:like href=\"https:\/\/www.leccecronaca.it\/index.php\/2025\/01\/03\/anziani-sempreverdi-come-gli-alberi\/\" layout=\"button_count\"><\/fb:like><\/span>","protected":false},"excerpt":{"rendered":"<p>Riceviamo e volentieri pubblichiamo. Tiziana Colluto, presidente dell&#8217; Associazione Casa delle Agriculture Tullia e Gino di Castiglione d&#8217;Otranto, ci manda il seguente comunicato _______ Gi\u00e0 nel nome contiene il senso di ci\u00f2 che vuole essere: \u201cSempreverdi\u201d \u00e8 il nuovo progetto dell\u2019associazione Casa delle Agriculture Tullia e Gino, dedicato interamente agli anziani. Sar\u00e0 presentato domani, sabato [&hellip;]<\/p>\n","protected":false},"author":4,"featured_media":238071,"comment_status":"open","ping_status":"closed","sticky":false,"template":"","format":"standard","meta":[],"categories":[1,69,36],"tags":[],"_links":{"self":[{"href":"https:\/\/www.leccecronaca.it\/index.php\/wp-json\/wp\/v2\/posts\/238069"}],"collection":[{"href":"https:\/\/www.leccecronaca.it\/index.php\/wp-json\/wp\/v2\/posts"}],"about":[{"href":"https:\/\/www.leccecronaca.it\/index.php\/wp-json\/wp\/v2\/types\/post"}],"author":[{"embeddable":true,"href":"https:\/\/www.leccecronaca.it\/index.php\/wp-json\/wp\/v2\/users\/4"}],"replies":[{"embeddable":true,"href":"https:\/\/www.leccecronaca.it\/index.php\/wp-json\/wp\/v2\/comments?post=238069"}],"version-history":[{"count":1,"href":"https:\/\/www.leccecronaca.it\/index.php\/wp-json\/wp\/v2\/posts\/238069\/revisions"}],"predecessor-version":[{"id":238072,"href":"https:\/\/www.leccecronaca.it\/index.php\/wp-json\/wp\/v2\/posts\/238069\/revisions\/238072"}],"wp:featuredmedia":[{"embeddable":true,"href":"https:\/\/www.leccecronaca.it\/index.php\/wp-json\/wp\/v2\/media\/238071"}],"wp:attachment":[{"href":"https:\/\/www.leccecronaca.it\/index.php\/wp-json\/wp\/v2\/media?parent=238069"}],"wp:term":[{"taxonomy":"category","embeddable":true,"href":"https:\/\/www.leccecronaca.it\/index.php\/wp-json\/wp\/v2\/categories?post=238069"},{"taxonomy":"post_tag","embeddable":true,"href":"https:\/\/www.leccecronaca.it\/index.php\/wp-json\/wp\/v2\/tags?post=238069"}],"curies":[{"name":"wp","href":"https:\/\/api.w.org\/{rel}","templated":true}]}}