{"id":238606,"date":"2025-01-20T14:04:03","date_gmt":"2025-01-20T13:04:03","guid":{"rendered":"https:\/\/www.leccecronaca.it\/?p=238606"},"modified":"2025-01-20T14:26:29","modified_gmt":"2025-01-20T13:26:29","slug":"se-trump-balla-linno-gay","status":"publish","type":"post","link":"https:\/\/www.leccecronaca.it\/index.php\/2025\/01\/20\/se-trump-balla-linno-gay\/","title":{"rendered":"SE TRUMP BALLA L&#8217;INNO DEI GAY"},"content":{"rendered":"\n<p><img decoding=\"async\" loading=\"lazy\" width=\"500\" height=\"261\" class=\"wp-image-238608\" style=\"width: 1500px;\" src=\"https:\/\/www.leccecronaca.it\/wordpress\/wp-content\/uploads\/2025\/01\/11011500929922405576.jpeg\" alt=\"\" srcset=\"https:\/\/www.leccecronaca.it\/wordpress\/wp-content\/uploads\/2025\/01\/11011500929922405576.jpeg 500w, https:\/\/www.leccecronaca.it\/wordpress\/wp-content\/uploads\/2025\/01\/11011500929922405576-300x157.jpeg 300w\" sizes=\"(max-width: 500px) 100vw, 500px\" \/><\/p>\n\n\n\n<p>di <strong>Giuseppe Puppo<\/strong>  ________ Dopo che di recente Matteo Salvini aveva cantato pubblicamente &#8216;<em>Generale<\/em>&#8216; di Francesco De Gregori con Roberto Vannacci, pensavamo di aver toccato l&#8217;apice dei paradossi suscitati negli ultimi decenni dal sempre complicato rapporto e problematico fra musica e politica.<\/p>\n\n\n\n<p>Certo, la musica non deve avere colori ideologici e certo le canzoni sono di tutti quanti. La realt\u00e0 per\u00f2 \u00e8 diversa e ha dato adito, in questo ultimo mezzo secolo, a discussioni infinite.<\/p>\n\n\n\n<p>Pensavamo di aver toccato l&#8217;apice&#8230;<\/p>\n\n\n\n<p>Ma il meglio, o il peggio, fate voi, doveva ancora venire.<\/p>\n\n\n\n<p>Viene oggi.<\/p>\n\n\n\n<p>Dopo aver ballato nei mesi scorsi per tutta la campagna elettorale sulle note di &#8220;Y.M.C.A.&#8221; sparata dagli altoparlanti prima e dopo ogni suo comizio, oggi Donald Trump ha invitato alla cerimonia dell&#8217;insediamento alla Casa Bianca i Village People.<\/p>\n\n\n\n<p>Essi, pur dibattuti al loro interno e dopo aver criticato l&#8217;uso strumentale fattone dal futuro presidente, hanno accettato di buon grado\u00a0e si dicono felici di esserci. E ti credo: una botta di popolarit\u00e0 stratosferica.<\/p>\n\n\n\n<p>Con l&#8217;occasione, hanno negato che la loro canzone sia un inno gay, hanno negato tutto, anche l&#8217;evidenza.<\/p>\n\n\n\n<p>L&#8217;evidenza dice il contrario.<\/p>\n\n\n\n<p> &#8220;Y.M.C.A.&#8221; nacque nel 1978 per i giovani dell&#8217;organizzazione giovanile cristiana statunitense, YMCA appunto e celebra le inveterate preferenze sessuali omosessuali dei giovani che si davano appuntamento negli ostelli e nelle palestre dell&#8217;organizzazione come luoghi di approccio e di  incontro.<\/p>\n\n\n\n<p>Il testo del resto \u00e8 pieno di riferimenti neppure tanto velati.<\/p>\n\n\n\n<p>A suo tempo la comunit\u00e0 LGBT+ la elesse a canzone regina, definendola  &#8220;inno gay&#8221;.<\/p>\n\n\n\n<p>Ora \u00e8 diventato l&#8217;inno musicale di Donald Trump, cio\u00e8 del campione del politicamente scorretto e dell&#8217;avversario conclamato della cos\u00ec detta cultura woke, l&#8217;ideologia estremista che si oppone alle ingiustizie sociali o razziali nei confronti delle minoranze etniche e di genere.<\/p>\n\n\n\n<p>A Washington, alla cerimonia, oggi ci sar\u00e0 fra gli altri pure Giorgia Meloni.<\/p>\n\n\n\n<p>Baller\u00e0 pure lei?<\/p>\n\n\n\n<p><\/p>\n<fb:like href='https:\/\/www.leccecronaca.it\/index.php\/2025\/01\/20\/se-trump-balla-linno-gay\/' send='true' layout='button_count' show_faces='true' width='450' height='65' action='recommend' colorscheme='light' font='lucida grande'><\/fb:like><span class=\"fb_share\"><fb:like href=\"https:\/\/www.leccecronaca.it\/index.php\/2025\/01\/20\/se-trump-balla-linno-gay\/\" layout=\"button_count\"><\/fb:like><\/span>","protected":false},"excerpt":{"rendered":"<p>di Giuseppe Puppo ________ Dopo che di recente Matteo Salvini aveva cantato pubblicamente &#8216;Generale&#8216; di Francesco De Gregori con Roberto Vannacci, pensavamo di aver toccato l&#8217;apice dei paradossi suscitati negli ultimi decenni dal sempre complicato rapporto e problematico fra musica e politica. Certo, la musica non deve avere colori ideologici e certo le canzoni sono [&hellip;]<\/p>\n","protected":false},"author":4,"featured_media":238608,"comment_status":"open","ping_status":"closed","sticky":false,"template":"","format":"standard","meta":[],"categories":[1,31],"tags":[],"_links":{"self":[{"href":"https:\/\/www.leccecronaca.it\/index.php\/wp-json\/wp\/v2\/posts\/238606"}],"collection":[{"href":"https:\/\/www.leccecronaca.it\/index.php\/wp-json\/wp\/v2\/posts"}],"about":[{"href":"https:\/\/www.leccecronaca.it\/index.php\/wp-json\/wp\/v2\/types\/post"}],"author":[{"embeddable":true,"href":"https:\/\/www.leccecronaca.it\/index.php\/wp-json\/wp\/v2\/users\/4"}],"replies":[{"embeddable":true,"href":"https:\/\/www.leccecronaca.it\/index.php\/wp-json\/wp\/v2\/comments?post=238606"}],"version-history":[{"count":4,"href":"https:\/\/www.leccecronaca.it\/index.php\/wp-json\/wp\/v2\/posts\/238606\/revisions"}],"predecessor-version":[{"id":238612,"href":"https:\/\/www.leccecronaca.it\/index.php\/wp-json\/wp\/v2\/posts\/238606\/revisions\/238612"}],"wp:featuredmedia":[{"embeddable":true,"href":"https:\/\/www.leccecronaca.it\/index.php\/wp-json\/wp\/v2\/media\/238608"}],"wp:attachment":[{"href":"https:\/\/www.leccecronaca.it\/index.php\/wp-json\/wp\/v2\/media?parent=238606"}],"wp:term":[{"taxonomy":"category","embeddable":true,"href":"https:\/\/www.leccecronaca.it\/index.php\/wp-json\/wp\/v2\/categories?post=238606"},{"taxonomy":"post_tag","embeddable":true,"href":"https:\/\/www.leccecronaca.it\/index.php\/wp-json\/wp\/v2\/tags?post=238606"}],"curies":[{"name":"wp","href":"https:\/\/api.w.org\/{rel}","templated":true}]}}