{"id":238712,"date":"2025-01-23T11:44:47","date_gmt":"2025-01-23T10:44:47","guid":{"rendered":"https:\/\/www.leccecronaca.it\/?p=238712"},"modified":"2025-01-23T11:44:51","modified_gmt":"2025-01-23T10:44:51","slug":"la-pace-in-azione-festa-a-vignacastrisi-domenica-26","status":"publish","type":"post","link":"https:\/\/www.leccecronaca.it\/index.php\/2025\/01\/23\/la-pace-in-azione-festa-a-vignacastrisi-domenica-26\/","title":{"rendered":"&#8220;La Pace in azione&#8221;, FESTA A VIGNACASTRISI DOMENICA 26"},"content":{"rendered":"\n<p><img decoding=\"async\" loading=\"lazy\" width=\"1024\" height=\"769\" class=\"wp-image-238713\" style=\"width: 1500px;\" src=\"https:\/\/www.leccecronaca.it\/wordpress\/wp-content\/uploads\/2025\/01\/Festa-della-pace-a-Zollino.jpg\" alt=\"\" srcset=\"https:\/\/www.leccecronaca.it\/wordpress\/wp-content\/uploads\/2025\/01\/Festa-della-pace-a-Zollino.jpg 1024w, https:\/\/www.leccecronaca.it\/wordpress\/wp-content\/uploads\/2025\/01\/Festa-della-pace-a-Zollino-300x225.jpg 300w, https:\/\/www.leccecronaca.it\/wordpress\/wp-content\/uploads\/2025\/01\/Festa-della-pace-a-Zollino-768x577.jpg 768w, https:\/\/www.leccecronaca.it\/wordpress\/wp-content\/uploads\/2025\/01\/Festa-della-pace-a-Zollino-400x300.jpg 400w\" sizes=\"(max-width: 1024px) 100vw, 1024px\" \/><\/p>\n\n\n\n<p>Dall&#8217;Arcidiocesi di Otranto riceviamo e volentieri pubblichiamo. Nella nostra foto, un momento dell&#8217;anno scorso _________<\/p>\n\n\n\n<p> L&#8217;Azione Cattolica dell&#8217;Arcidiocesi di Otranto \u00e8 lieta di annunciare che il prossimo 26 gennaio, a Vignacastrisi, si terr\u00e0 la tradizionale <strong>Festa della Pace diocesana<\/strong>. L&#8217;evento, intitolato quest&#8217;anno <strong>&#8220;La Pace in azione&#8221;<\/strong>, rappresenta un appuntamento fisso per adulti, giovani e ragazzi, che per tutto il mese di gennaio lavorano nelle parrocchie e a livello diocesano per promuovere una cultura di pace concreta e duratura.<\/p>\n\n\n\n<p>\u00abConosceremo diverse storie ed esperienze del nostro territorio che con un piccolo-grande ciak hanno dato vita ad un racconto di pace che riguarda le persone, la loro vita e vita del territorio in cui viviamo\u00bb racconta la <strong>presidente diocesana Cristina Alemanno<\/strong>, \u00abil nostro impegno di pace ogni giorno si arricchisce di una nuova pagina grazie alla dedizione e alla passione di tanti. Parliamo di un racconto che desideriamo diventi per tutti segno di speranza, soprattutto in questo anno giubilare, e invito concreto a diventare protagonisti di storie di Pace\u00bb.<\/p>\n\n\n\n<p><strong>Una grande partecipazione e partnership strategiche<\/strong><\/p>\n\n\n\n<p>La manifestazione, patrocinata dal <strong>Comune di Ortelle<\/strong>, \u00e8 sostenuta dall&#8217;<strong>Arcidiocesi di Otranto<\/strong> e dalla <strong>Parrocchia &#8220;Maria Ss.ma Immacolata&#8221; di Vignacastrisi<\/strong>. Quest&#8217;anno, la <strong>Caritas diocesana<\/strong> parteciper\u00e0 come partner dell&#8217;iniziativa, offrendo un segno tangibile del suo impegno verso la comunit\u00e0 locale. Sono attesi oltre <strong>1.500 partecipanti<\/strong>, provenienti da tutto il territorio diocesano.<\/p>\n\n\n\n<p><strong>Il programma della giornata. <\/strong>La giornata si aprir\u00e0 con l&#8217;accoglienza e culminer\u00e0 in momenti di riflessione, formazione e festa. In particolare, alle ore 9.30 sar\u00e0 possibile partecipare alla Celebrazione eucaristica presieduta da S.E. Padre Francesco Neri, Arcivescovo di Otranto.<\/p>\n\n\n\n<p><strong>Attivit\u00e0 tematiche per ogni fascia di et\u00e0. <\/strong>Le attivit\u00e0, pensate per valorizzare il contributo di tutti, prevedono impegni differenziati per tutti. Se i ragazzi affronteranno giochi e sfide a loro misura, i giovani, seguendo il tema della Giornata Mondiale della Pace 2025, &#8220;Rimetti a noi i nostri debiti&#8221;, hanno previsto attivit\u00e0 distinte per 14enni e giovanissimi e giovani (over 19) con il supporto di esperti, tra cui il Progetto Policoro, l\u2019associazione Abitare i Paduli e il prof. Paolo Sans\u00f2, per riflettere sui debiti intergenerazionali e trasformarli in crediti di impegno civile. Gli adulti con il Mlac rifletteranno sul documento pastorale &#8220;La speranza cristiana, tra cielo e terra&#8221; di S.E. Padre Francesco Neri. Interverranno ospiti come Simona Schiattino e Maria Carmela Spagnolo (RiamMagliamo la Speranza), Giorgia Rollo e Francesco Aprile (Associazione Io Posso).<\/p>\n\n\n\n<p><strong>Un evento per costruire la pace insieme. <\/strong>La Festa della Pace diocesana vuole essere un segno tangibile del percorso intrapreso dall&#8217;Azione Cattolica per promuovere una societ\u00e0 pi\u00f9 giusta e solidale. In questa giornata, fede, riflessione e festa si intrecceranno, coinvolgendo grandi e piccoli in un cammino di crescita spirituale e civile.<\/p>\n\n\n\n<p><strong>Per informazioni:<\/strong><br>Ufficio Comunicazione e Cultura dell&#8217;Azione Cattolica dell&#8217;Arcidiocesi di Otranto<br>Lorenzo Pellegrino &#8211; 3400887295 &#8211; <a href=\"mailto:l.pellegrino@azionecattolica.it\">l.pellegrino@azionecattolica.it<\/a><br>Rebecca Maglie &#8211; 335 870 7096 &#8211; <a href=\"mailto:rebeccamaglie@gmail.com\">rebeccamaglie@gmail.com<\/a><em><\/em><\/p>\n\n\n\n<p>Otranto, 23 gennaio 2025<\/p>\n\n\n\n<p><img decoding=\"async\" loading=\"lazy\" width=\"1018\" height=\"1440\" class=\"wp-image-238714\" style=\"width: 800px;\" src=\"https:\/\/www.leccecronaca.it\/wordpress\/wp-content\/uploads\/2025\/01\/473006655_1000928988747031_4832229399369854915_n.jpg\" alt=\"\" srcset=\"https:\/\/www.leccecronaca.it\/wordpress\/wp-content\/uploads\/2025\/01\/473006655_1000928988747031_4832229399369854915_n.jpg 1018w, https:\/\/www.leccecronaca.it\/wordpress\/wp-content\/uploads\/2025\/01\/473006655_1000928988747031_4832229399369854915_n-212x300.jpg 212w, https:\/\/www.leccecronaca.it\/wordpress\/wp-content\/uploads\/2025\/01\/473006655_1000928988747031_4832229399369854915_n-724x1024.jpg 724w, https:\/\/www.leccecronaca.it\/wordpress\/wp-content\/uploads\/2025\/01\/473006655_1000928988747031_4832229399369854915_n-768x1086.jpg 768w\" sizes=\"(max-width: 1018px) 100vw, 1018px\" \/><\/p>\n\n\n\n<p><\/p>\n<fb:like href='https:\/\/www.leccecronaca.it\/index.php\/2025\/01\/23\/la-pace-in-azione-festa-a-vignacastrisi-domenica-26\/' send='true' layout='button_count' show_faces='true' width='450' height='65' action='recommend' colorscheme='light' font='lucida grande'><\/fb:like><span class=\"fb_share\"><fb:like href=\"https:\/\/www.leccecronaca.it\/index.php\/2025\/01\/23\/la-pace-in-azione-festa-a-vignacastrisi-domenica-26\/\" layout=\"button_count\"><\/fb:like><\/span>","protected":false},"excerpt":{"rendered":"<p>Dall&#8217;Arcidiocesi di Otranto riceviamo e volentieri pubblichiamo. Nella nostra foto, un momento dell&#8217;anno scorso _________ L&#8217;Azione Cattolica dell&#8217;Arcidiocesi di Otranto \u00e8 lieta di annunciare che il prossimo 26 gennaio, a Vignacastrisi, si terr\u00e0 la tradizionale Festa della Pace diocesana. L&#8217;evento, intitolato quest&#8217;anno &#8220;La Pace in azione&#8221;, rappresenta un appuntamento fisso per adulti, giovani e ragazzi, [&hellip;]<\/p>\n","protected":false},"author":4,"featured_media":238713,"comment_status":"open","ping_status":"closed","sticky":false,"template":"","format":"standard","meta":[],"categories":[69,31,75,36],"tags":[],"_links":{"self":[{"href":"https:\/\/www.leccecronaca.it\/index.php\/wp-json\/wp\/v2\/posts\/238712"}],"collection":[{"href":"https:\/\/www.leccecronaca.it\/index.php\/wp-json\/wp\/v2\/posts"}],"about":[{"href":"https:\/\/www.leccecronaca.it\/index.php\/wp-json\/wp\/v2\/types\/post"}],"author":[{"embeddable":true,"href":"https:\/\/www.leccecronaca.it\/index.php\/wp-json\/wp\/v2\/users\/4"}],"replies":[{"embeddable":true,"href":"https:\/\/www.leccecronaca.it\/index.php\/wp-json\/wp\/v2\/comments?post=238712"}],"version-history":[{"count":1,"href":"https:\/\/www.leccecronaca.it\/index.php\/wp-json\/wp\/v2\/posts\/238712\/revisions"}],"predecessor-version":[{"id":238715,"href":"https:\/\/www.leccecronaca.it\/index.php\/wp-json\/wp\/v2\/posts\/238712\/revisions\/238715"}],"wp:featuredmedia":[{"embeddable":true,"href":"https:\/\/www.leccecronaca.it\/index.php\/wp-json\/wp\/v2\/media\/238713"}],"wp:attachment":[{"href":"https:\/\/www.leccecronaca.it\/index.php\/wp-json\/wp\/v2\/media?parent=238712"}],"wp:term":[{"taxonomy":"category","embeddable":true,"href":"https:\/\/www.leccecronaca.it\/index.php\/wp-json\/wp\/v2\/categories?post=238712"},{"taxonomy":"post_tag","embeddable":true,"href":"https:\/\/www.leccecronaca.it\/index.php\/wp-json\/wp\/v2\/tags?post=238712"}],"curies":[{"name":"wp","href":"https:\/\/api.w.org\/{rel}","templated":true}]}}