{"id":238799,"date":"2025-01-25T13:51:51","date_gmt":"2025-01-25T12:51:51","guid":{"rendered":"https:\/\/www.leccecronaca.it\/?p=238799"},"modified":"2025-01-25T14:13:21","modified_gmt":"2025-01-25T13:13:21","slug":"al-via-del-mare-arriva-linter-stellare","status":"publish","type":"post","link":"https:\/\/www.leccecronaca.it\/index.php\/2025\/01\/25\/al-via-del-mare-arriva-linter-stellare\/","title":{"rendered":"AL VIA DEL MARE ARRIVA L&#8217;INTER STELLARE. SI GIOCA DOMENICA 26 ORE 18"},"content":{"rendered":"\n<p><img decoding=\"async\" loading=\"lazy\" width=\"829\" height=\"552\" class=\"wp-image-238800\" style=\"width: 2500px;\" src=\"https:\/\/www.leccecronaca.it\/wordpress\/wp-content\/uploads\/2025\/01\/IMG_8278.jpg\" alt=\"\" srcset=\"https:\/\/www.leccecronaca.it\/wordpress\/wp-content\/uploads\/2025\/01\/IMG_8278.jpg 829w, https:\/\/www.leccecronaca.it\/wordpress\/wp-content\/uploads\/2025\/01\/IMG_8278-300x200.jpg 300w, https:\/\/www.leccecronaca.it\/wordpress\/wp-content\/uploads\/2025\/01\/IMG_8278-768x511.jpg 768w\" sizes=\"(max-width: 829px) 100vw, 829px\" \/><\/p>\n\n\n\n<p>(Rdl) __________ C&#8217;\u00e8 il rientrante Gallo, che permetter\u00e0 di impiegare in fase pi\u00f9 offensiva Dorgu; amesso che l&#8217;allenatore decida di farlo giocare, stante la perdurante situazione di calcio mercato in bilico; non c&#8217;\u00e8, ancora indisponibile, Berisha. Questa la lista dei convocati dal tecnico Marco Giampaolo, la cui consueta conferenza stampa della vigilia \u00e8 stata fissata questa volta alle 17.00 presso l\u2019Hotel Risorgimento, come appena resa nota dal sempre efficiente ufficio stampa dell&#8217;U.S. Lecce:<\/p>\n\n\n\n<p><strong>PORTIERI<\/strong><br>98. Borbei<br>30. Falcone<br>&nbsp;&nbsp;1. Fr\u00fcchtl<br>32. Samooja<\/p>\n\n\n\n<p><strong>DIFENSORI<\/strong><br>&nbsp;&nbsp;6. Baschirotto<br>21. Bonifazi<br>25. Gallo<br>12. Guilbert<br>19. Jean<\/p>\n\n\n\n<p><strong>CENTROCAMPISTI<\/strong><br>29. Coulibaly<br>14. Helgason<br>77. Kaba<br>27. McJannet<br>75. Pierret<br>20. Ramadani<\/p>\n\n\n\n<p><strong>ATTACCANTI<\/strong><br>23. Burnete<br>13. Dorgu<br>37. Karlsson<br>&nbsp;&nbsp;9. Krstovi\u0107<br>&nbsp;&nbsp;7. Morente<br>50. Pierotti<\/p>\n\n\n\n<p><\/p>\n\n\n\n<p>Intanto ieri sera, in appuntamento promosso dall\u2019Ordine dei Dottori commercialisti e degli Esperti contabili di Lecce,&nbsp;a Saverio Sticchi Damiani \u00e8 stato consegnato il premio \u201cEquilibrio di Bilancio\u201d (nella foto). <\/p>\n\n\n\n<p><em>\u201cQuesto riconoscimento ci riempie di orgoglio. \u00c8 qui al mio fianco la dottoressa  Chiara Carrozzo, che fa parte di un gruppo straordinario di collaboratori. \u00c8 emozionante essere premiati per aver messo al primo posto il bilancio e l\u2019etica. Abbiamo la responsabilit\u00e0 gigantesca di rappresentare la nostra terra e dal giorno 1, tra mille difficolt\u00e0, abbiamo dimostrato rigore ed etica nelle dinamiche del club\u201d<\/em> &#8211; ha commentato il presidente, prendendo la parola nella cerimonia.<\/p>\n\n\n\n<p>Il vero premio per tutti, la storica terza salvezza consecutiva in serie A, arriver\u00e0 a primavera?<\/p>\n\n\n\n<p>Il traguardo passa non solo dalle tante tappe di scontri fra dirette concorrenti, ma pure dalla loro capacit\u00e0 di compiere qualche impresa contro le big del campionato.<\/p>\n\n\n\n<p>E&#8217; chiaro, sulla carta quella di domani \u00e8 una partita proibitiva, stante il grosso divario di tecnica e di mezzi fra le due societ\u00e0, per\u00f2&#8230;. Il calcio a volte regala soprese&#8230;.<\/p>\n\n\n\n<p>Domani Simone Inzaghi mander\u00e0 in campo una formazione ritoccata dal turn over, senza che ci\u00f2 ne cambi il potenziale stellare.<\/p>\n\n\n\n<p>Marco Giampaolo invece dovr\u00e0 fare di necessit\u00e0 virt\u00f9, per quel che passa il convento.<\/p>\n\n\n\n<p>A proposito, ad una settimana dalla fine del calcio mercato invernale ancora non si sono visti i due &#8211; tre rinforzi di cui per unanime considerazione la squadra ha bisogno. E&#8217; stato ceduto invece Oudin, che per quanto poco impiegato finora, poteva comunque venire buono.<\/p>\n\n\n\n<p>Ma lasciamo fare il suo lavoro a Pantaleo Corvino, vedremo nei prossimi giorni. Vedremo anche come andr\u00e0 a finire la telenovela Patrick Dorgu, con la speranza che le tensioni cui il calciatore \u00e8 sottoposto in queste ore non incidano sulla sua prestazione sul campo, ripetiamo, ammesso che scenda in campo.<\/p>\n\n\n\n<p>Grande attesa per domani, domenica 26 gennaio. Il Via del Mare sar\u00e0 gremito, per una serata che si annuncia nuvolosa, ma senza pioggia, con venti moderati e temperatura mite.<\/p>\n\n\n\n<p>Fischio di inizio del signor Livio Marinelli di Tivoli alle 18.00. ________<\/p>\n\n\n\n<p>LA RICERCA nel nostro articolo del 23 gennaio scorso, contenente gli aggiornamenti successivi<\/p>\n\n\n\n<figure class=\"wp-block-embed is-type-wp-embed is-provider-leccecronaca-it wp-block-embed-leccecronaca-it\"><div class=\"wp-block-embed__wrapper\">\n<blockquote class=\"wp-embedded-content\" data-secret=\"6PrDu1N8AS\"><a href=\"https:\/\/www.leccecronaca.it\/index.php\/2025\/01\/23\/telenovela-dorgu-sussurri-e-grida\/\">TELENOVELA DORGU, SUSSURRI E GRIDA<\/a><\/blockquote><iframe class=\"wp-embedded-content\" sandbox=\"allow-scripts\" security=\"restricted\" style=\"position: absolute; clip: rect(1px, 1px, 1px, 1px);\" title=\"&#8220;TELENOVELA DORGU, SUSSURRI E GRIDA&#8221; &#8212; LecceCronaca.it\" src=\"https:\/\/www.leccecronaca.it\/index.php\/2025\/01\/23\/telenovela-dorgu-sussurri-e-grida\/embed\/#?secret=OPKTZR3Zeh#?secret=6PrDu1N8AS\" data-secret=\"6PrDu1N8AS\" width=\"500\" height=\"282\" frameborder=\"0\" marginwidth=\"0\" marginheight=\"0\" scrolling=\"no\"><\/iframe>\n<\/div><\/figure>\n\n\n\n<p><\/p>\n<fb:like href='https:\/\/www.leccecronaca.it\/index.php\/2025\/01\/25\/al-via-del-mare-arriva-linter-stellare\/' send='true' layout='button_count' show_faces='true' width='450' height='65' action='recommend' colorscheme='light' font='lucida grande'><\/fb:like><span class=\"fb_share\"><fb:like href=\"https:\/\/www.leccecronaca.it\/index.php\/2025\/01\/25\/al-via-del-mare-arriva-linter-stellare\/\" layout=\"button_count\"><\/fb:like><\/span>","protected":false},"excerpt":{"rendered":"<p>(Rdl) __________ C&#8217;\u00e8 il rientrante Gallo, che permetter\u00e0 di impiegare in fase pi\u00f9 offensiva Dorgu; amesso che l&#8217;allenatore decida di farlo giocare, stante la perdurante situazione di calcio mercato in bilico; non c&#8217;\u00e8, ancora indisponibile, Berisha. Questa la lista dei convocati dal tecnico Marco Giampaolo, la cui consueta conferenza stampa della vigilia \u00e8 stata fissata [&hellip;]<\/p>\n","protected":false},"author":4,"featured_media":238800,"comment_status":"open","ping_status":"closed","sticky":false,"template":"","format":"standard","meta":[],"categories":[28],"tags":[],"_links":{"self":[{"href":"https:\/\/www.leccecronaca.it\/index.php\/wp-json\/wp\/v2\/posts\/238799"}],"collection":[{"href":"https:\/\/www.leccecronaca.it\/index.php\/wp-json\/wp\/v2\/posts"}],"about":[{"href":"https:\/\/www.leccecronaca.it\/index.php\/wp-json\/wp\/v2\/types\/post"}],"author":[{"embeddable":true,"href":"https:\/\/www.leccecronaca.it\/index.php\/wp-json\/wp\/v2\/users\/4"}],"replies":[{"embeddable":true,"href":"https:\/\/www.leccecronaca.it\/index.php\/wp-json\/wp\/v2\/comments?post=238799"}],"version-history":[{"count":5,"href":"https:\/\/www.leccecronaca.it\/index.php\/wp-json\/wp\/v2\/posts\/238799\/revisions"}],"predecessor-version":[{"id":238808,"href":"https:\/\/www.leccecronaca.it\/index.php\/wp-json\/wp\/v2\/posts\/238799\/revisions\/238808"}],"wp:featuredmedia":[{"embeddable":true,"href":"https:\/\/www.leccecronaca.it\/index.php\/wp-json\/wp\/v2\/media\/238800"}],"wp:attachment":[{"href":"https:\/\/www.leccecronaca.it\/index.php\/wp-json\/wp\/v2\/media?parent=238799"}],"wp:term":[{"taxonomy":"category","embeddable":true,"href":"https:\/\/www.leccecronaca.it\/index.php\/wp-json\/wp\/v2\/categories?post=238799"},{"taxonomy":"post_tag","embeddable":true,"href":"https:\/\/www.leccecronaca.it\/index.php\/wp-json\/wp\/v2\/tags?post=238799"}],"curies":[{"name":"wp","href":"https:\/\/api.w.org\/{rel}","templated":true}]}}