{"id":238911,"date":"2025-01-29T09:49:49","date_gmt":"2025-01-29T08:49:49","guid":{"rendered":"https:\/\/www.leccecronaca.it\/?p=238911"},"modified":"2025-01-29T14:45:38","modified_gmt":"2025-01-29T13:45:38","slug":"allombra-di-auschwitz-questa-sera-a-copertino","status":"publish","type":"post","link":"https:\/\/www.leccecronaca.it\/index.php\/2025\/01\/29\/allombra-di-auschwitz-questa-sera-a-copertino\/","title":{"rendered":"&#8220;All&#8217;ombra di Auschwitz&#8221; QUESTA SERA A COPERTINO CON &#8216;SCENA MUTA&#8217;"},"content":{"rendered":"\n<p>(Rdl) __________Questa sera a Copertino presso la chiesa delle Clarisse, la compagnia teatrale Scena Muta di Ivan Raganato porta in scena il suggestivo spettacolo teatrale &#8220;All&#8217;ombra di Auschwitz&#8221;.<\/p>\n\n\n<figure class=\"wp-block-post-featured-image\"><img width=\"2048\" height=\"2048\" src=\"https:\/\/www.leccecronaca.it\/wordpress\/wp-content\/uploads\/2025\/01\/IMG-20250127-WA0023.jpg\" class=\"attachment-post-thumbnail size-post-thumbnail wp-post-image\" alt=\"\" decoding=\"async\" loading=\"lazy\" srcset=\"https:\/\/www.leccecronaca.it\/wordpress\/wp-content\/uploads\/2025\/01\/IMG-20250127-WA0023.jpg 2048w, https:\/\/www.leccecronaca.it\/wordpress\/wp-content\/uploads\/2025\/01\/IMG-20250127-WA0023-300x300.jpg 300w, https:\/\/www.leccecronaca.it\/wordpress\/wp-content\/uploads\/2025\/01\/IMG-20250127-WA0023-1024x1024.jpg 1024w, https:\/\/www.leccecronaca.it\/wordpress\/wp-content\/uploads\/2025\/01\/IMG-20250127-WA0023-150x150.jpg 150w, https:\/\/www.leccecronaca.it\/wordpress\/wp-content\/uploads\/2025\/01\/IMG-20250127-WA0023-768x768.jpg 768w, https:\/\/www.leccecronaca.it\/wordpress\/wp-content\/uploads\/2025\/01\/IMG-20250127-WA0023-1536x1536.jpg 1536w, https:\/\/www.leccecronaca.it\/wordpress\/wp-content\/uploads\/2025\/01\/IMG-20250127-WA0023-60x60.jpg 60w\" sizes=\"(max-width: 2048px) 100vw, 2048px\" \/><\/figure>\n\n\n<p>Il testo scritto e interpretato da Ivan Raganato e Maria Antonietta Vacca ha gi\u00e0 riscosso consensi al Museo della Memoria e dell&#8217;Accoglienza a Santa Maria al Bagno di Nard\u00f2, al teatro comunale di Leverano e in matin\u00e8e per  l&#8217;istituto superiore Bachelet di Copertino. <\/p>\n\n\n\n<p>In scena anche Dalila Grandioso, Alisia Mariano e i piccoli attori del corso di teatro di Scena Muta. <\/p>\n\n\n\n<p>La maestra Sophie Guida danza in suggestive coreografie che fanno da sfondo ad uno spettacolo profondo e toccante.<\/p>\n\n\n\n<figure class=\"wp-block-gallery has-nested-images columns-default is-cropped wp-block-gallery-1 is-layout-flex\">\n<figure class=\"wp-block-image size-large\"><img decoding=\"async\" loading=\"lazy\" width=\"1024\" height=\"724\" data-id=\"238912\"  src=\"https:\/\/www.leccecronaca.it\/wordpress\/wp-content\/uploads\/2025\/01\/IMG-20250127-WA0053-1024x724.jpg\" alt=\"\" class=\"wp-image-238912\" srcset=\"https:\/\/www.leccecronaca.it\/wordpress\/wp-content\/uploads\/2025\/01\/IMG-20250127-WA0053-1024x724.jpg 1024w, https:\/\/www.leccecronaca.it\/wordpress\/wp-content\/uploads\/2025\/01\/IMG-20250127-WA0053-300x212.jpg 300w, https:\/\/www.leccecronaca.it\/wordpress\/wp-content\/uploads\/2025\/01\/IMG-20250127-WA0053-768x543.jpg 768w, https:\/\/www.leccecronaca.it\/wordpress\/wp-content\/uploads\/2025\/01\/IMG-20250127-WA0053-1536x1086.jpg 1536w, https:\/\/www.leccecronaca.it\/wordpress\/wp-content\/uploads\/2025\/01\/IMG-20250127-WA0053.jpg 2048w\" sizes=\"(max-width: 1024px) 100vw, 1024px\" \/><\/figure>\n<\/figure>\n\n\n\n<p>&#8220;Se come attore, \u00e8 sempre comunque una sfida enorme mantenere il controllo sull\u2019emozione, in questo &#8216;esperimento&#8217;, ogni parola, ogni gesto ti attraversa l\u2019anima, e non \u00e8 per niente facile trovare l\u2019equilibrio tra vivere il dolore e trasformarlo in qualcosa che arrivi al pubblico, senza mai sopraffarlo&#8221; &#8211; ha dichiarato Ivan Raganato a proposito di questo spettacolo &#8211; &#8220;Portare in scena queste storie \u00e8 un &#8216;privilegio&#8217; e una responsabilit\u00e0: attraverso il teatro, diamo voce a chi non pu\u00f2 pi\u00f9 raccontare, perch\u00e9 il ricordo resti vivo in ognuno di noi.&#8221;<\/p>\n<fb:like href='https:\/\/www.leccecronaca.it\/index.php\/2025\/01\/29\/allombra-di-auschwitz-questa-sera-a-copertino\/' send='true' layout='button_count' show_faces='true' width='450' height='65' action='recommend' colorscheme='light' font='lucida grande'><\/fb:like><span class=\"fb_share\"><fb:like href=\"https:\/\/www.leccecronaca.it\/index.php\/2025\/01\/29\/allombra-di-auschwitz-questa-sera-a-copertino\/\" layout=\"button_count\"><\/fb:like><\/span>","protected":false},"excerpt":{"rendered":"<p>(Rdl) __________Questa sera a Copertino presso la chiesa delle Clarisse, la compagnia teatrale Scena Muta di Ivan Raganato porta in scena il suggestivo spettacolo teatrale &#8220;All&#8217;ombra di Auschwitz&#8221;. Il testo scritto e interpretato da Ivan Raganato e Maria Antonietta Vacca ha gi\u00e0 riscosso consensi al Museo della Memoria e dell&#8217;Accoglienza a Santa Maria al Bagno [&hellip;]<\/p>\n","protected":false},"author":4,"featured_media":238913,"comment_status":"open","ping_status":"closed","sticky":false,"template":"","format":"standard","meta":[],"categories":[31,75],"tags":[],"_links":{"self":[{"href":"https:\/\/www.leccecronaca.it\/index.php\/wp-json\/wp\/v2\/posts\/238911"}],"collection":[{"href":"https:\/\/www.leccecronaca.it\/index.php\/wp-json\/wp\/v2\/posts"}],"about":[{"href":"https:\/\/www.leccecronaca.it\/index.php\/wp-json\/wp\/v2\/types\/post"}],"author":[{"embeddable":true,"href":"https:\/\/www.leccecronaca.it\/index.php\/wp-json\/wp\/v2\/users\/4"}],"replies":[{"embeddable":true,"href":"https:\/\/www.leccecronaca.it\/index.php\/wp-json\/wp\/v2\/comments?post=238911"}],"version-history":[{"count":7,"href":"https:\/\/www.leccecronaca.it\/index.php\/wp-json\/wp\/v2\/posts\/238911\/revisions"}],"predecessor-version":[{"id":238947,"href":"https:\/\/www.leccecronaca.it\/index.php\/wp-json\/wp\/v2\/posts\/238911\/revisions\/238947"}],"wp:featuredmedia":[{"embeddable":true,"href":"https:\/\/www.leccecronaca.it\/index.php\/wp-json\/wp\/v2\/media\/238913"}],"wp:attachment":[{"href":"https:\/\/www.leccecronaca.it\/index.php\/wp-json\/wp\/v2\/media?parent=238911"}],"wp:term":[{"taxonomy":"category","embeddable":true,"href":"https:\/\/www.leccecronaca.it\/index.php\/wp-json\/wp\/v2\/categories?post=238911"},{"taxonomy":"post_tag","embeddable":true,"href":"https:\/\/www.leccecronaca.it\/index.php\/wp-json\/wp\/v2\/tags?post=238911"}],"curies":[{"name":"wp","href":"https:\/\/api.w.org\/{rel}","templated":true}]}}