{"id":238963,"date":"2025-01-30T14:38:45","date_gmt":"2025-01-30T13:38:45","guid":{"rendered":"https:\/\/www.leccecronaca.it\/?p=238963"},"modified":"2025-01-30T14:38:48","modified_gmt":"2025-01-30T13:38:48","slug":"incidente-sul-lavoro-a-fasano-muore-operaio-di-48-anni","status":"publish","type":"post","link":"https:\/\/www.leccecronaca.it\/index.php\/2025\/01\/30\/incidente-sul-lavoro-a-fasano-muore-operaio-di-48-anni\/","title":{"rendered":"INCIDENTE SUL LAVORO A FASANO, MUORE OPERAIO DI 48 ANNI"},"content":{"rendered":"\n<p><\/p>\n\n\n\n<p><img decoding=\"async\" loading=\"lazy\" width=\"800\" height=\"514\" class=\"wp-image-238984\" style=\"width: 1200px;\" src=\"https:\/\/www.leccecronaca.it\/wordpress\/wp-content\/uploads\/2025\/01\/ambulanza-118-brindisi.jpg\" alt=\"\" srcset=\"https:\/\/www.leccecronaca.it\/wordpress\/wp-content\/uploads\/2025\/01\/ambulanza-118-brindisi.jpg 800w, https:\/\/www.leccecronaca.it\/wordpress\/wp-content\/uploads\/2025\/01\/ambulanza-118-brindisi-300x193.jpg 300w, https:\/\/www.leccecronaca.it\/wordpress\/wp-content\/uploads\/2025\/01\/ambulanza-118-brindisi-768x493.jpg 768w\" sizes=\"(max-width: 800px) 100vw, 800px\" \/><\/p>\n\n\n\n<p>(e.l.) _________ Drammatico incidente mortale sul lavoro ieri pomeriggio a Fasano. La vittima \u00e8  Cosimo Demola,\u00a048 anni, di Fasano, operaio. E&#8217; morto travolto da uno dei macchinari per il trasporto del letame usati nell&#8217;azienda, la Nuova Pollipoli, che produce uova e concime.<\/p>\n\n\n\n<p>La tragedia sotto gli occhi dei colleghi, che hanno immediatamente allertato i soccorsi. All&#8217;arrivo dei sanitari del 118, per\u00f2, per l&#8217;operaio non c&#8217;era pi\u00f9 niente da fare, a causa della gravit\u00e0 delle lesioni riportate.<\/p>\n\n\n\n<p>La Procura della Repubblica di Brindisi ha aperto un&#8217;indagine, per stabilire le cause di quanto accaduto ed accertare eventuali responsabilit\u00e0.<\/p>\n\n\n\n<p>Indagini dei Carabinieri in corso di svolgimento.<\/p>\n<fb:like href='https:\/\/www.leccecronaca.it\/index.php\/2025\/01\/30\/incidente-sul-lavoro-a-fasano-muore-operaio-di-48-anni\/' send='true' layout='button_count' show_faces='true' width='450' height='65' action='recommend' colorscheme='light' font='lucida grande'><\/fb:like><span class=\"fb_share\"><fb:like href=\"https:\/\/www.leccecronaca.it\/index.php\/2025\/01\/30\/incidente-sul-lavoro-a-fasano-muore-operaio-di-48-anni\/\" layout=\"button_count\"><\/fb:like><\/span>","protected":false},"excerpt":{"rendered":"<p>(e.l.) _________ Drammatico incidente mortale sul lavoro ieri pomeriggio a Fasano. La vittima \u00e8 Cosimo Demola,\u00a048 anni, di Fasano, operaio. E&#8217; morto travolto da uno dei macchinari per il trasporto del letame usati nell&#8217;azienda, la Nuova Pollipoli, che produce uova e concime. La tragedia sotto gli occhi dei colleghi, che hanno immediatamente allertato i soccorsi. [&hellip;]<\/p>\n","protected":false},"author":4,"featured_media":238984,"comment_status":"open","ping_status":"closed","sticky":false,"template":"","format":"standard","meta":[],"categories":[69],"tags":[],"_links":{"self":[{"href":"https:\/\/www.leccecronaca.it\/index.php\/wp-json\/wp\/v2\/posts\/238963"}],"collection":[{"href":"https:\/\/www.leccecronaca.it\/index.php\/wp-json\/wp\/v2\/posts"}],"about":[{"href":"https:\/\/www.leccecronaca.it\/index.php\/wp-json\/wp\/v2\/types\/post"}],"author":[{"embeddable":true,"href":"https:\/\/www.leccecronaca.it\/index.php\/wp-json\/wp\/v2\/users\/4"}],"replies":[{"embeddable":true,"href":"https:\/\/www.leccecronaca.it\/index.php\/wp-json\/wp\/v2\/comments?post=238963"}],"version-history":[{"count":2,"href":"https:\/\/www.leccecronaca.it\/index.php\/wp-json\/wp\/v2\/posts\/238963\/revisions"}],"predecessor-version":[{"id":238985,"href":"https:\/\/www.leccecronaca.it\/index.php\/wp-json\/wp\/v2\/posts\/238963\/revisions\/238985"}],"wp:featuredmedia":[{"embeddable":true,"href":"https:\/\/www.leccecronaca.it\/index.php\/wp-json\/wp\/v2\/media\/238984"}],"wp:attachment":[{"href":"https:\/\/www.leccecronaca.it\/index.php\/wp-json\/wp\/v2\/media?parent=238963"}],"wp:term":[{"taxonomy":"category","embeddable":true,"href":"https:\/\/www.leccecronaca.it\/index.php\/wp-json\/wp\/v2\/categories?post=238963"},{"taxonomy":"post_tag","embeddable":true,"href":"https:\/\/www.leccecronaca.it\/index.php\/wp-json\/wp\/v2\/tags?post=238963"}],"curies":[{"name":"wp","href":"https:\/\/api.w.org\/{rel}","templated":true}]}}