{"id":239231,"date":"2025-02-11T00:04:00","date_gmt":"2025-02-10T23:04:00","guid":{"rendered":"https:\/\/www.leccecronaca.it\/?p=239231"},"modified":"2025-02-10T14:10:51","modified_gmt":"2025-02-10T13:10:51","slug":"con-il-sole-dentro-e-poi-il-bio-romanzo-di-maria-valentina-ronzino-a-lecce-mercoledi-12","status":"publish","type":"post","link":"https:\/\/www.leccecronaca.it\/index.php\/2025\/02\/11\/con-il-sole-dentro-e-poi-il-bio-romanzo-di-maria-valentina-ronzino-a-lecce-mercoledi-12\/","title":{"rendered":"\u201cCon il sole dentro e poi\u201d, IL &#8220;bio romanzo&#8221; DI  MARIA VALENTINA RONZINO A LECCE MERCOLEDI&#8217; 12"},"content":{"rendered":"\n<p><img decoding=\"async\" loading=\"lazy\" width=\"200\" height=\"200\" class=\"wp-image-239233\" style=\"width: 1200px;\" src=\"https:\/\/www.leccecronaca.it\/wordpress\/wp-content\/uploads\/2025\/02\/458814854_944487564362464_2099257702248480272_n.jpg\" alt=\"\" srcset=\"https:\/\/www.leccecronaca.it\/wordpress\/wp-content\/uploads\/2025\/02\/458814854_944487564362464_2099257702248480272_n.jpg 200w, https:\/\/www.leccecronaca.it\/wordpress\/wp-content\/uploads\/2025\/02\/458814854_944487564362464_2099257702248480272_n-150x150.jpg 150w, https:\/\/www.leccecronaca.it\/wordpress\/wp-content\/uploads\/2025\/02\/458814854_944487564362464_2099257702248480272_n-60x60.jpg 60w\" sizes=\"(max-width: 200px) 100vw, 200px\" \/><\/p>\n\n\n\n<p>(g.p.) __________ Che significa &#8216;bio romanzo&#8217;?<\/p>\n\n\n\n<p>Cos\u00ec viene definito nelle note editoriali delle Edizioni Esperidi questo<em><strong> \u201cCon il sole dentro e poi\u201d<\/strong><\/em> (160 pagg. 15 euro) di <strong>Maria Valentina Ronzino<\/strong> (nella foto).<\/p>\n\n\n\n<p>Ogni romanzo contiente una dose pi\u00f9 o meno rilevante di elementi autobiografici, e ogni autobiografia, una di elementi romanzati.<\/p>\n\n\n\n<p><\/p>\n\n\n\n<p>Comunque sia, ce ne sar\u00e0 la presentazione  mercoled\u00ec 12 febbraio alle 18.00 a Lecce, alla biblioteca Bernardini in piazzetta Carducci: dialogher\u00e0 con l\u2019autrice la giornalista Anna Rita Favale, sar\u00e0 presente l\u2019editore Claudio Martino, intermezzo musicale a cura di Carla Petrachi.<\/p>\n\n\n\n<p><\/p>\n\n\n\n<p>Si tratta, fra l&#8217;altro, del sequel, dopo otto anni, del romanzo di esordio  \u201cCon il sole dentro e poi\u201d e  Maria Valentina Ronzino vi ha riposto rinnovate ambizioni: &#8220;E&#8217; stato un barlume nelle mie notti e ordine nella mia vita disordinata, \u00e8 stato vento, gioia, sole e sofferenza. Amicizia amore e musica. \u00c8 stato Casa e ricordi, Angeli veri, che Dio solo sa se lo sono stati\u2026&#8221;.<\/p>\n\n\n\n<p>Dice, nella prefazione, nell&#8217;apprezzabile sforzo interpretativo di allargare il dato personale, Maria Pina Solazzo:<em> &#8220;Questo racconto offre spunti di riflessione ad ognuno di noi e che, al di l\u00e0 di episodi contestualizzati e precisi e di oggettivi limiti fisici, pu\u00f2 essere vissuto come il percorso di conoscenza di ognuno di noi\u201d.<\/em><\/p>\n\n\n\n<p>Sar\u00e0 cos\u00ec?<\/p>\n\n\n\n<p><\/p>\n\n\n\n<p><img decoding=\"async\" loading=\"lazy\" width=\"1540\" height=\"2502\" class=\"wp-image-239232\" style=\"width: 600px;\" src=\"https:\/\/www.leccecronaca.it\/wordpress\/wp-content\/uploads\/2025\/02\/Copertina_ConIlSoleDentroePoi_RonzinoValentina.jpg\" alt=\"\" srcset=\"https:\/\/www.leccecronaca.it\/wordpress\/wp-content\/uploads\/2025\/02\/Copertina_ConIlSoleDentroePoi_RonzinoValentina.jpg 1540w, https:\/\/www.leccecronaca.it\/wordpress\/wp-content\/uploads\/2025\/02\/Copertina_ConIlSoleDentroePoi_RonzinoValentina-185x300.jpg 185w, https:\/\/www.leccecronaca.it\/wordpress\/wp-content\/uploads\/2025\/02\/Copertina_ConIlSoleDentroePoi_RonzinoValentina-630x1024.jpg 630w, https:\/\/www.leccecronaca.it\/wordpress\/wp-content\/uploads\/2025\/02\/Copertina_ConIlSoleDentroePoi_RonzinoValentina-768x1248.jpg 768w, https:\/\/www.leccecronaca.it\/wordpress\/wp-content\/uploads\/2025\/02\/Copertina_ConIlSoleDentroePoi_RonzinoValentina-945x1536.jpg 945w, https:\/\/www.leccecronaca.it\/wordpress\/wp-content\/uploads\/2025\/02\/Copertina_ConIlSoleDentroePoi_RonzinoValentina-1261x2048.jpg 1261w\" sizes=\"(max-width: 1540px) 100vw, 1540px\" \/><\/p>\n<fb:like href='https:\/\/www.leccecronaca.it\/index.php\/2025\/02\/11\/con-il-sole-dentro-e-poi-il-bio-romanzo-di-maria-valentina-ronzino-a-lecce-mercoledi-12\/' send='true' layout='button_count' show_faces='true' width='450' height='65' action='recommend' colorscheme='light' font='lucida grande'><\/fb:like><span class=\"fb_share\"><fb:like href=\"https:\/\/www.leccecronaca.it\/index.php\/2025\/02\/11\/con-il-sole-dentro-e-poi-il-bio-romanzo-di-maria-valentina-ronzino-a-lecce-mercoledi-12\/\" layout=\"button_count\"><\/fb:like><\/span>","protected":false},"excerpt":{"rendered":"<p>(g.p.) __________ Che significa &#8216;bio romanzo&#8217;? Cos\u00ec viene definito nelle note editoriali delle Edizioni Esperidi questo \u201cCon il sole dentro e poi\u201d (160 pagg. 15 euro) di Maria Valentina Ronzino (nella foto). Ogni romanzo contiente una dose pi\u00f9 o meno rilevante di elementi autobiografici, e ogni autobiografia, una di elementi romanzati. Comunque sia, ce ne [&hellip;]<\/p>\n","protected":false},"author":4,"featured_media":239233,"comment_status":"open","ping_status":"closed","sticky":false,"template":"","format":"standard","meta":[],"categories":[31,75,57],"tags":[],"_links":{"self":[{"href":"https:\/\/www.leccecronaca.it\/index.php\/wp-json\/wp\/v2\/posts\/239231"}],"collection":[{"href":"https:\/\/www.leccecronaca.it\/index.php\/wp-json\/wp\/v2\/posts"}],"about":[{"href":"https:\/\/www.leccecronaca.it\/index.php\/wp-json\/wp\/v2\/types\/post"}],"author":[{"embeddable":true,"href":"https:\/\/www.leccecronaca.it\/index.php\/wp-json\/wp\/v2\/users\/4"}],"replies":[{"embeddable":true,"href":"https:\/\/www.leccecronaca.it\/index.php\/wp-json\/wp\/v2\/comments?post=239231"}],"version-history":[{"count":1,"href":"https:\/\/www.leccecronaca.it\/index.php\/wp-json\/wp\/v2\/posts\/239231\/revisions"}],"predecessor-version":[{"id":239234,"href":"https:\/\/www.leccecronaca.it\/index.php\/wp-json\/wp\/v2\/posts\/239231\/revisions\/239234"}],"wp:featuredmedia":[{"embeddable":true,"href":"https:\/\/www.leccecronaca.it\/index.php\/wp-json\/wp\/v2\/media\/239233"}],"wp:attachment":[{"href":"https:\/\/www.leccecronaca.it\/index.php\/wp-json\/wp\/v2\/media?parent=239231"}],"wp:term":[{"taxonomy":"category","embeddable":true,"href":"https:\/\/www.leccecronaca.it\/index.php\/wp-json\/wp\/v2\/categories?post=239231"},{"taxonomy":"post_tag","embeddable":true,"href":"https:\/\/www.leccecronaca.it\/index.php\/wp-json\/wp\/v2\/tags?post=239231"}],"curies":[{"name":"wp","href":"https:\/\/api.w.org\/{rel}","templated":true}]}}