{"id":239399,"date":"2025-02-12T09:54:50","date_gmt":"2025-02-12T08:54:50","guid":{"rendered":"https:\/\/www.leccecronaca.it\/?p=239399"},"modified":"2025-02-12T10:32:13","modified_gmt":"2025-02-12T09:32:13","slug":"vada-a-sanremo-le-canzoni-sono-la-nostra-storia","status":"publish","type":"post","link":"https:\/\/www.leccecronaca.it\/index.php\/2025\/02\/12\/vada-a-sanremo-le-canzoni-sono-la-nostra-storia\/","title":{"rendered":"VADA A SANREMO \/ LE CANZONI SONO LA NOSTRA STORIA"},"content":{"rendered":"\n<p><img decoding=\"async\" loading=\"lazy\" width=\"419\" height=\"242\" class=\"wp-image-239401\" style=\"width: 1500px;\" src=\"https:\/\/www.leccecronaca.it\/wordpress\/wp-content\/uploads\/2025\/02\/1000007682.png\" alt=\"\" srcset=\"https:\/\/www.leccecronaca.it\/wordpress\/wp-content\/uploads\/2025\/02\/1000007682.png 419w, https:\/\/www.leccecronaca.it\/wordpress\/wp-content\/uploads\/2025\/02\/1000007682-300x173.png 300w\" sizes=\"(max-width: 419px) 100vw, 419px\" \/><\/p>\n\n\n\n<p>di <strong>Elena Vada<\/strong> __________<\/p>\n\n\n\n<p>Carlo Conti, conduttore e direttore artistico del Festival, scende la celebre scalinata del Teatro Ariston dando il benvenuto al pubblico: &#8220;I &#8216;conti&#8217; tornano e sono tornato a Sanremo!&#8221;<\/p>\n\n\n\n<p>Ringraziamenti ai precedenti conduttori.<\/p>\n\n\n\n<p>Carlo veste abiti dello stilista fiorentino Stefano Ricci: \u00e8 elegantissimo!&nbsp;<\/p>\n\n\n\n<p>Inizia la gara canora:<\/p>\n\n\n\n<p>1. Gaia: Chiamo io chiami tu\u00a1<\/p>\n\n\n\n<p>2. Francesco Gabbani: Viva la vita<\/p>\n\n\n\n<p>Entra Gerry Scotti che&nbsp; \u00e8 il primo co-conduttore del Festival di Sanremo:<\/p>\n\n\n\n<p>Dice Conti: &#8220;Accettando hai fatto un regalo all&#8217;Italia&#8221;.&nbsp;<\/p>\n\n\n\n<p>Risponde Gerry: &#8220;Grazie perch\u00e9 con la tua persona, con tutto il personale, mi avete fatto sentire importante&#8221;.<\/p>\n\n\n\n<p>Elegante e sobrio, non so se griffato. Con la cravatta, che raramente indossa.&nbsp;<\/p>\n\n\n\n<p>\u00c8 lo zio d&#8217;Italia.<\/p>\n\n\n\n<p>3. Noemi: Se ti innamori muori (scritta da Mahmood, Blanco e Michelangelo).&nbsp;<\/p>\n\n\n\n<p>&#8220;Sembra uscita da una fiaba&#8221;, commenta Gerry Scotti.<\/p>\n\n\n\n<p>4. Rkomi: Il ritmo delle cose<\/p>\n\n\n\n<p>Gerry Scotti e Carlo Conti si mettono gli occhiali scuri &#8220;da saldatore&#8221; per non essere abbagliati ed accogliere Antonella Clerici in abito color grigio argento luccicante.<\/p>\n\n\n\n<p>Conti: &#8220;E&#8217; da tanti anni che ti conosco ma non ti ho mai visto cosi&#8217; sexy&#8221;&nbsp; e lei scherza: &#8220;Sono le ultime cartucce&#8221;.<\/p>\n\n\n\n<p>Antonella Clerici \u00e8, come sempre, allegra, frizzante, serena, gioviale, ma si commuove sul palco, quando viene intonato un motivo che richiama il ricordo del compianto Fabrizio Frizzi.<\/p>\n\n\n\n<p>&#8220;Se fosse ancora con noi, ci sarebbe un quarto grande amico&#8221;. E le lacrime sono sincere, ascoltando &#8220;Un amico in me&#8221;.<\/p>\n\n\n\n<p>La signora Clerici \u00e8 vestita da &#8216;gran sera&#8217; stilista Jacopo Tonelli, (Minerva Hub) con abiti fascianti e ricamati, molto diva hollywoodiana anni &#8217;30.<\/p>\n\n\n\n<p>5. Irama: Lentamente&nbsp;<\/p>\n\n\n\n<p>6. Coma_Cosa: Cuoricini<\/p>\n\n\n\n<p>7. Simone Cristicchi: Quando sarai piccola (standing ovation).. Mi ha emozionato, avevo gi\u00e0 le lacrime. Quando si parla della mamma!<\/p>\n\n\n\n<p>8. Marcella Bella: Pelle diamante&nbsp;<\/p>\n\n\n\n<p>9. Achille Lauro: Incoscienti giovani (elegantissimo come sempre, dice: &#8220;Cari giornalisti, le canzoni a volte non sono solo semplici canzoni. Sono la nostra storia&#8221;)<\/p>\n\n\n\n<p>Sembra il personaggio di un film, con un impeccabile frac con guanti bianchi, creazione di Dolce&amp;Gabbana, spilla in oro bianco con diamanti e cammeo, gemelli e orecchini in oro bianco con diamanti Damiani. Capelli tiratissimi con la brillantina. Un look in contrasto, alla canzone e al personaggio, per questo riuscitissimo.<\/p>\n\n\n\n<p>Il messaggio di Papa Francesco:<\/p>\n\n\n\n<p>&#8220;La musica aiuta la convivenza che raggiunge il cuore di tutti, per aprirlo all\u2019armonia e alla gioia dello stare insieme, per un mondo pi\u00f9 giusto e fraterno&#8230;&#8221;.<\/p>\n\n\n\n<p>Perch\u00e9 non \u00e8 andato sul palco? Mi permetto un giudizio personale: forse non era il caso di fare &#8220;petrosino (prezzemolo) ogni minestra!&#8221;<\/p>\n\n\n\n<p>L&#8217;ho trovato inopportuno, fuori luogo in questo contesto.<\/p>\n\n\n\n<p>\u00c8 il momento di Noa e Mira Awad<\/p>\n\n\n\n<p>Le due artiste, Mira palestinese, Noa israeliana, che nel 2009 rappresentarono insieme Israele all&#8217;Eurovision, tornano a esibirsi insieme a Sanremo, con &#8216;Imagine&#8217; di John Lennon, portando un messaggio di pace.<\/p>\n\n\n\n<p>10. Giorgia: La cura per me (standing ovation) Cosa commentare? Sempre immensa. Esibizione perfetta. (in Dior).<\/p>\n\n\n\n<p>11. Willy Peyote: Grazie ma no grazie<\/p>\n\n\n\n<p>12. Rose Villain: Fuorilegge<\/p>\n\n\n\n<p>Lorenzo Cherubini, in arte Jovanotti, (completo gold, di Dior), ha esordito con &#8220;L&#8217;ombelico del mondo&#8221;, prima di entrare nel foyer dell&#8217;Ariston, accompagnato da 10 ballerini di Bollywood. E qui si balla con &#8220;Il pi\u00f9 grande spettacolo dopo il Big Bang&#8221;, in un&nbsp;teatro letteralmente in visibilio, tra abbracci e selfie del pubblico in sala.<\/p>\n\n\n\n<p>L&#8217;esibizione di Jovanotti ha un ospite speciale:&nbsp;Gianmarco Tamberi, campione olimpico di salto in alto e&nbsp;amico personale di Lorenzo.<\/p>\n\n\n\n<p>Dice: &#8220;Dopo Parigi sono stati dei mesi molto duri perch\u00e9 quando si prova con tutto&nbsp;se stesso&nbsp;a rincorrere un sogno e poi lo sfiori con un dito e il destino ti leva la terra sotto i piedi \u00e8 difficile, perdi il coraggio di rimetterti in gioco perch\u00e9 \u00e8 stato quel gioco a farti star male.&nbsp;Ho tantissima paura ma ho voglia di riprovarci&#8221; e d\u00e0&nbsp;appuntamento alle olimpiadi americane del 2028.&nbsp;<\/p>\n\n\n\n<p>Sono commossa e ammirata, come voi tutti credo. &#8220;Un vero campione!&#8221; (veste Armani).<\/p>\n\n\n\n<p>Ci vedremo a Los Angeles&#8230; contateci, noi ci saremo!<\/p>\n\n\n\n<p>13. Elodie: Dimenticarsi alle 7&nbsp;<\/p>\n\n\n\n<p>Faceva la &#8216;cubista&#8217; nelle discoteche di&nbsp; Lecce.<\/p>\n\n\n\n<p>(prender\u00e0 un sacco di voti per aver dichiarato che &#8220;Piuttosto che votare Meloni, si taglia le mani&#8221;&#8230; Opportuno?&#8221;). Bellissimo vestito Prada. Pezzo un po&#8217; debole.<\/p>\n\n\n\n<p>14. Olly: Balorda Nostalgia<\/p>\n\n\n\n<p>15. Shablo: La mia parola<\/p>\n\n\n\n<p>16. Ranieri: Tra le mani il cuore. Da questo grande artista ci si aspetta sempre tanto, ma gli anni sono passati&#8230;<\/p>\n\n\n\n<p>&#8230; e qui mi permetto una piccola polemica: &#8221; Perch\u00e9 Ranieri partecipa al Festival e&nbsp; Al Bano no? Possibile abbia presentato tre canzoni cos\u00ec brutte, non adatte? (Ci teneva a partecipare l&#8217; ultima volta)&#8230; Mah, Boh!??<\/p>\n\n\n\n<p>Carlo Conti porta un fiore alla moglie, seduta in sala in completo pantaloni gessato scintillante.<\/p>\n\n\n\n<p>Poi raggiunge il Suzuki Stage allestito in Piazza Colombo per presentare Raf. L&#8217;artista propone uno dei suoi pi\u00f9 grandi successi: Self Control (per ne \u00e8 ora di ballare).<\/p>\n\n\n\n<p>17. Tony Effe: Damme &#8216;na mano<\/p>\n\n\n\n<p>A sorpresa: elegantissimo in bianco, da bravo ragazzo. Immagine ripulita (senza tatuaggi) propone un omaggio alla sua Roma con uno stornello. Un Tony Effe che i fans non si aspettano, forse non riconoscono. Gradevole.<\/p>\n\n\n\n<p>18. Serena Brancale: Anema e core (in dialetto barese). La cantante jazz talentuosa e innovativa d\u00e0 una sferzata di energia alla competizione, dove prevalgono le ballad.<\/p>\n\n\n\n<p>19. Brunori Sas: L&#8217; albero delle noci.&nbsp;<\/p>\n\n\n\n<p>E chi se l&#8217; aspettava un pezzo cosi! Ricorda molti cantautori del passato. Dolce nostalgia.<\/p>\n\n\n\n<p>La canzone \u00e8 da riascoltare&#8230; nel tempo.<\/p>\n\n\n\n<p>20. Mod\u00e0: Non ti dimentico<\/p>\n\n\n\n<p>21. Clara: Febbre<\/p>\n\n\n\n<p>22. Lucio Corsi: Volevo essere un duro<\/p>\n\n\n\n<p>Strano, ma emozionante, naif, sincero, vero. Una riflessione, sull\u2019accettazione dei propri limiti. Abbigliato in &#8216;costume&#8217;. Personalmente mi \u00e8 piaciuto tanto.<\/p>\n\n\n\n<p>23. Fedez: Battito (attesissimo, secondo me, non ha deluso)<\/p>\n\n\n\n<p>24. Bresh: La tana del granchio<\/p>\n\n\n\n<p>25. Sara Toscano: Amarcord (\u00e8 la pi\u00f9 giovane partecipante con soli 18 anni)<\/p>\n\n\n\n<p>26. Joan Thiele: Eco<\/p>\n\n\n\n<p>27. Rocco Hant: Mille volte ancora<\/p>\n\n\n\n<p>28&nbsp; Francesca Michielin: Fango in Paradiso<\/p>\n\n\n\n<p>29. The Colors: Tu con chi fai l&#8217; amore<\/p>\n\n\n\n<p>La classifica provvisoria:<\/p>\n\n\n\n<ul>\n<li>Brunori Sas<\/li>\n\n\n\n<li>Giorgia<\/li>\n\n\n\n<li>Lucio Corsi<\/li>\n\n\n\n<li>Simone Cristicchi<\/li>\n\n\n\n<li>Achille Lauro<\/li>\n<\/ul>\n\n\n\n<p>Una manifestazione, uno spettacolo, un po&#8217; opaco. Forse mancava la verve di Fiorello, o, non so&#8230;<\/p>\n\n\n\n<p>Anche i cantanti erano tutti vestiti &#8216;a modo&#8217;, nessuna estrosit\u00e0, come in una riunione di ex-allievi. (a parte Irama che indossava un &#8216;coraggioso&#8217; enorme cappotto, &#8216;Napoleonico&#8217; Balmain).<\/p>\n\n\n\n<p>Nel complesso&#8230; speriamo meglio.<\/p>\n\n\n\n<p>A domani.<\/p>\n<fb:like href='https:\/\/www.leccecronaca.it\/index.php\/2025\/02\/12\/vada-a-sanremo-le-canzoni-sono-la-nostra-storia\/' send='true' layout='button_count' show_faces='true' width='450' height='65' action='recommend' colorscheme='light' font='lucida grande'><\/fb:like><span class=\"fb_share\"><fb:like href=\"https:\/\/www.leccecronaca.it\/index.php\/2025\/02\/12\/vada-a-sanremo-le-canzoni-sono-la-nostra-storia\/\" layout=\"button_count\"><\/fb:like><\/span>","protected":false},"excerpt":{"rendered":"<p>di Elena Vada __________ Carlo Conti, conduttore e direttore artistico del Festival, scende la celebre scalinata del Teatro Ariston dando il benvenuto al pubblico: &#8220;I &#8216;conti&#8217; tornano e sono tornato a Sanremo!&#8221; Ringraziamenti ai precedenti conduttori. Carlo veste abiti dello stilista fiorentino Stefano Ricci: \u00e8 elegantissimo!&nbsp; Inizia la gara canora: 1. Gaia: Chiamo io chiami [&hellip;]<\/p>\n","protected":false},"author":4,"featured_media":239401,"comment_status":"open","ping_status":"closed","sticky":false,"template":"","format":"standard","meta":[],"categories":[1,69,31,75],"tags":[],"_links":{"self":[{"href":"https:\/\/www.leccecronaca.it\/index.php\/wp-json\/wp\/v2\/posts\/239399"}],"collection":[{"href":"https:\/\/www.leccecronaca.it\/index.php\/wp-json\/wp\/v2\/posts"}],"about":[{"href":"https:\/\/www.leccecronaca.it\/index.php\/wp-json\/wp\/v2\/types\/post"}],"author":[{"embeddable":true,"href":"https:\/\/www.leccecronaca.it\/index.php\/wp-json\/wp\/v2\/users\/4"}],"replies":[{"embeddable":true,"href":"https:\/\/www.leccecronaca.it\/index.php\/wp-json\/wp\/v2\/comments?post=239399"}],"version-history":[{"count":2,"href":"https:\/\/www.leccecronaca.it\/index.php\/wp-json\/wp\/v2\/posts\/239399\/revisions"}],"predecessor-version":[{"id":239406,"href":"https:\/\/www.leccecronaca.it\/index.php\/wp-json\/wp\/v2\/posts\/239399\/revisions\/239406"}],"wp:featuredmedia":[{"embeddable":true,"href":"https:\/\/www.leccecronaca.it\/index.php\/wp-json\/wp\/v2\/media\/239401"}],"wp:attachment":[{"href":"https:\/\/www.leccecronaca.it\/index.php\/wp-json\/wp\/v2\/media?parent=239399"}],"wp:term":[{"taxonomy":"category","embeddable":true,"href":"https:\/\/www.leccecronaca.it\/index.php\/wp-json\/wp\/v2\/categories?post=239399"},{"taxonomy":"post_tag","embeddable":true,"href":"https:\/\/www.leccecronaca.it\/index.php\/wp-json\/wp\/v2\/tags?post=239399"}],"curies":[{"name":"wp","href":"https:\/\/api.w.org\/{rel}","templated":true}]}}