{"id":239747,"date":"2025-02-19T17:49:36","date_gmt":"2025-02-19T16:49:36","guid":{"rendered":"https:\/\/www.leccecronaca.it\/?p=239747"},"modified":"2025-02-19T18:23:28","modified_gmt":"2025-02-19T17:23:28","slug":"aikido-il-dojo-il-cavaliere-compie-40-anni","status":"publish","type":"post","link":"https:\/\/www.leccecronaca.it\/index.php\/2025\/02\/19\/aikido-il-dojo-il-cavaliere-compie-40-anni\/","title":{"rendered":"AIKIDO IL DOJO &#8220;IL CAVALIERE&#8221; COMPIE 40 ANNI"},"content":{"rendered":"\n<p><img decoding=\"async\" loading=\"lazy\" width=\"2048\" height=\"1573\" class=\"wp-image-239760\" style=\"width: 900px;\" src=\"https:\/\/www.leccecronaca.it\/wordpress\/wp-content\/uploads\/2025\/02\/aikido-aikikai-hosokawa-casale-ruta-lani-linciano-melcore-il-cavaliere-1-1.jpg\" alt=\"\" srcset=\"https:\/\/www.leccecronaca.it\/wordpress\/wp-content\/uploads\/2025\/02\/aikido-aikikai-hosokawa-casale-ruta-lani-linciano-melcore-il-cavaliere-1-1.jpg 2048w, https:\/\/www.leccecronaca.it\/wordpress\/wp-content\/uploads\/2025\/02\/aikido-aikikai-hosokawa-casale-ruta-lani-linciano-melcore-il-cavaliere-1-1-300x230.jpg 300w, https:\/\/www.leccecronaca.it\/wordpress\/wp-content\/uploads\/2025\/02\/aikido-aikikai-hosokawa-casale-ruta-lani-linciano-melcore-il-cavaliere-1-1-1024x787.jpg 1024w, https:\/\/www.leccecronaca.it\/wordpress\/wp-content\/uploads\/2025\/02\/aikido-aikikai-hosokawa-casale-ruta-lani-linciano-melcore-il-cavaliere-1-1-768x590.jpg 768w, https:\/\/www.leccecronaca.it\/wordpress\/wp-content\/uploads\/2025\/02\/aikido-aikikai-hosokawa-casale-ruta-lani-linciano-melcore-il-cavaliere-1-1-1536x1180.jpg 1536w\" sizes=\"(max-width: 2048px) 100vw, 2048px\" \/>Valerio Melcore_______San Valentino \u00e8 una ricorrenza molto &#8220;amata&#8221;, io la festeggio in modo particolare perch\u00e9 oltre a tutto il resto \u00e8 anche il mio compleanno, in ragione di ci\u00f2 ho ricevuto tanti auguri e anche alcuni regali.<\/p>\n\n\n\n<p>Gli auguri mi sono giunti dalla Redazione di questo giornale, dagli amici con i quali ci si vede al bar e da quelli con cui ci si vede una tantum e gli amici di Facebook. Ci sono stati i collaboratori dall\u2019agenzia di comunicazione che dirigo e poi gli amici con cui da giovanissimo ho condiviso battaglie di libert\u00e0 e di impegno sociale, gli auguri sono giunti pure dagli amici&nbsp;dell\u2019Associazione Il Cavaliere. Poi sono arrivati anche i regali, che anche quando sono inutili, sono sempre graditissimi. Ma il regalo che mi ha fatto pi\u00f9 piacere in assoluto \u00e8 quello che mi ha fatto Mimmo Casale.<\/p>\n\n\n\n<p>Con Mimmo, condividiamo la passione per Aikido, un\u2019Arte marziale che predica e pratica, l\u2019armonia con se stessi, con le persone con cui ci relazioniamo, l\u2019armonia con la natura e con l\u2019universo. Viviamo in due citt\u00e0 differenti e pu\u00f2 capitare che non ci si veda per anni, ma questo non toglie nulla all&#8217;affetto e alla stima che provo per lui.<br>Quest\u2019anno contavo di fare un salto a Bari per partecipare ad uno stage da lui organizzato per poterlo incontrare, ma non mi \u00e8 stato possibile, per cui complice facebook, mi ha fatto gli auguri e tramite whatsapp mi ha inviato una vecchia foto che credo risalga al 1988.&nbsp;<\/p>\n\n\n\n<p>La foto era accompagnata da due frasi: \u201c Ti ho beccato su Facebook , buon compleanno\u201d , una foto e poi ancora: \u201cGiovani e belli\u201d e una faccina sorridente.<br>Sul \u201dgiovani \u201c&nbsp; non v\u2019\u00e8 dubbio, sul \u201cbelli\u201d, non vi so dire, soprattutto con quelle facce sofferenti dopo tre ore di allenamenti e le barbe di due giorni, per non parlare dei petti villosi che si intravedono sotto le (uwagi) giacche dei keikogi<\/p>\n\n\n\n<p>La foto \u00e8 stata scattata in occasione dello stage che il Maestro Hideki Hosokawa, Vicedirettore didattico dell\u2019Aikikai d\u2019Italia ed erede di una nobile famiglia di Samurai, tenne a Bari.<\/p>\n\n\n\n<p>Il Maestro lo conobbi quell\u2019anno, durante un raduno estivo di due settimane, che il Direttore didattico il Maestro Hiroshi Tada tenne a Coverciano, lo stesso centro sportivo dove si allenava la Nazionale di calcio italiana.&nbsp;<\/p>\n\n\n\n<p>In quell\u2019occasione, dopo due anni di pratica,&nbsp; sostenni il mio primo esame col Maestro Hosokawa;&nbsp; questi essendo la prima volta che mi vedeva mi chiese di dove fossi ed espresse il desiderio di venirci a trovare per conoscere il nostro dojo; cos\u00ec organizzammo uno stage che si tenne presso la palestra della scuola elementare di Cavallino.<\/p>\n\n\n\n<p>Il giorno dopo il Maestro tenne altre due lezioni a Bari presso la vecchia palestra gestita da Mimmo Casale, Fabrizio Ruta e se non ricordo male anche da Roberto Nuovo.<\/p>\n\n\n\n<p>E fu in questa sede, alla fine dello stage, che posammo per questa \u201cstorica\u201d foto.<\/p>\n\n\n\n<p>Oggi qualcuno non c\u2019\u00e8 pi\u00f9. Antonio Lani, il nostro insegnante, il primo responsabile del dojo Il Cavaliere, ci ha lasciato qualche anno fa e anche il Maestro Hideki Hosokawa \u00e8 venuto a mancare tre anni fa.<br>Gli altri sono diventati dei bravissimi artisti marziali, alcuni di essi sono dei Maestri tra i pi\u00f9 bravi in Italia, ci sono quinti, sesti e settimi dan.<\/p>\n\n\n\n<p>I Maestri: Domenico Casale, Fabrizio Ruta, Roberto Nuovo, sono tutti responsabili di dojo nella citt\u00e0 di Bari, molto frequentati e dove si pratica ad altissimi livelli; della dinamicissima Francesca Polizio e di Gigi Lopez, non ho notizie, mentre il Maestro Antonio Lomonte ha il suo dojo ad Acquaviva delle Fonti.&nbsp;<\/p>\n\n\n\n<p>A Lecce, il Maestro Piero Linciano dopo aver insegnato in diverse strutture sta per aprire un suo dojo \u201cTerra dei Messapi&#8221; a Cavallino, mentre io continuo ad insegnare nel dojo il Cavaliere.<\/p>\n\n\n\n<p>In quella foto ci sono le radici di quelle piante che sono&nbsp; cresciute forti e poderose a Bari, dove, come gi\u00e0 detto la pratica dell&#8217;Aikido ha raggiunto un notevole livello, ma anche a Lecce nel nostro piccolo abbiamo cresciuto tanti allievi che oggi sono insegnanti di prim\u2019ordine e bravissime cinture nere a cominciare dal Maestro Maurizio Martina responsabile dello Jenki dojo, che a sua volta ha portato tanti giovani alla cintura nera, ad Antonio Cannone, Massimo Montinaro, Giuseppe Miglietta, Piero Zilli, Mario De Blasi, Giuliano Melcore e tanti altri ancora che sarebbe troppo lungo elencare.<\/p>\n\n\n\n<p>Quel bambino, che si vede nella foto, oggi e un uomo fatto, un professionista affermato nel suo campo, che pratic\u00f2 per pochi mesi, cos\u00ec come l&#8217;amico Lino Caricato nella cui cantina cominci\u00f2 la nostra avventura.<br>Insomma il mio amico Mimmo Casale con quella foto mi ha catapultato in un passato colmo di avvenimenti entusiasmanti, ricordandomi che quest\u2019anno sono 40 anni che pratico Aikido.<\/p>\n<fb:like href='https:\/\/www.leccecronaca.it\/index.php\/2025\/02\/19\/aikido-il-dojo-il-cavaliere-compie-40-anni\/' send='true' layout='button_count' show_faces='true' width='450' height='65' action='recommend' colorscheme='light' font='lucida grande'><\/fb:like><span class=\"fb_share\"><fb:like href=\"https:\/\/www.leccecronaca.it\/index.php\/2025\/02\/19\/aikido-il-dojo-il-cavaliere-compie-40-anni\/\" layout=\"button_count\"><\/fb:like><\/span>","protected":false},"excerpt":{"rendered":"<p>Valerio Melcore_______San Valentino \u00e8 una ricorrenza molto &#8220;amata&#8221;, io la festeggio in modo particolare perch\u00e9 oltre a tutto il resto \u00e8 anche il mio compleanno, in ragione di ci\u00f2 ho ricevuto tanti auguri e anche alcuni regali. Gli auguri mi sono giunti dalla Redazione di questo giornale, dagli amici con i quali ci si vede [&hellip;]<\/p>\n","protected":false},"author":4,"featured_media":0,"comment_status":"open","ping_status":"closed","sticky":false,"template":"","format":"standard","meta":[],"categories":[1],"tags":[],"_links":{"self":[{"href":"https:\/\/www.leccecronaca.it\/index.php\/wp-json\/wp\/v2\/posts\/239747"}],"collection":[{"href":"https:\/\/www.leccecronaca.it\/index.php\/wp-json\/wp\/v2\/posts"}],"about":[{"href":"https:\/\/www.leccecronaca.it\/index.php\/wp-json\/wp\/v2\/types\/post"}],"author":[{"embeddable":true,"href":"https:\/\/www.leccecronaca.it\/index.php\/wp-json\/wp\/v2\/users\/4"}],"replies":[{"embeddable":true,"href":"https:\/\/www.leccecronaca.it\/index.php\/wp-json\/wp\/v2\/comments?post=239747"}],"version-history":[{"count":7,"href":"https:\/\/www.leccecronaca.it\/index.php\/wp-json\/wp\/v2\/posts\/239747\/revisions"}],"predecessor-version":[{"id":239761,"href":"https:\/\/www.leccecronaca.it\/index.php\/wp-json\/wp\/v2\/posts\/239747\/revisions\/239761"}],"wp:attachment":[{"href":"https:\/\/www.leccecronaca.it\/index.php\/wp-json\/wp\/v2\/media?parent=239747"}],"wp:term":[{"taxonomy":"category","embeddable":true,"href":"https:\/\/www.leccecronaca.it\/index.php\/wp-json\/wp\/v2\/categories?post=239747"},{"taxonomy":"post_tag","embeddable":true,"href":"https:\/\/www.leccecronaca.it\/index.php\/wp-json\/wp\/v2\/tags?post=239747"}],"curies":[{"name":"wp","href":"https:\/\/api.w.org\/{rel}","templated":true}]}}