{"id":24038,"date":"2014-02-01T12:21:28","date_gmt":"2014-02-01T12:21:28","guid":{"rendered":"http:\/\/www.leccecronaca.it\/?p=24038"},"modified":"2014-02-01T12:24:20","modified_gmt":"2014-02-01T12:24:20","slug":"il-libro-lanima-gemella","status":"publish","type":"post","link":"https:\/\/www.leccecronaca.it\/index.php\/2014\/02\/01\/il-libro-lanima-gemella\/","title":{"rendered":"IL LIBRO, L&#8217;ANIMA GEMELLA."},"content":{"rendered":"<p><a href=\"https:\/\/www.leccecronaca.it\/wordpress\/wp-content\/uploads\/2014\/02\/SchedaLibro_AnimaGemella-1.jpg\"><img decoding=\"async\" loading=\"lazy\" src=\"https:\/\/www.leccecronaca.it\/wordpress\/wp-content\/uploads\/2014\/02\/SchedaLibro_AnimaGemella-1-150x150.jpg\" alt=\"\" width=\"150\" height=\"150\" class=\"alignleft size-thumbnail wp-image-24044\" \/><\/a>Si svolger\u00e0 <strong>domenica 2 febbraio 2013<\/strong>, h <strong>18,3<\/strong><strong>0<\/strong>, a Manduria (Ta), presso il <strong>pub letterario Orwell<\/strong>, la <strong>presentazione del romanzo<\/strong> <strong>\u201cL\u2019anima gemella\u201d <\/strong>di <strong>Carmen Campa<\/strong>.<\/p>\n<p>&nbsp;<\/p>\n<p>Dialoga con l\u2019autrice: <strong>Erika Basci\u00e0<\/strong><\/p>\n<p>Sar\u00e0 presente l\u2019editore<strong> Claudio Martino<\/strong><\/p>\n<p><strong>\u00a0<\/strong><\/p>\n<p><strong>IL ROMANZO<\/strong>. Un originale inizio d\u00e0 il via ad una storia d\u2019amore che nasce nell\u2019aldil\u00e0, un azzurro spazio siderale, da cui due luminose particelle di energia partono per giungere nel nostro mondo e, separate nel tempo e nello spazio, vivere l\u2019avventura umana. Due storie e due vite si estendono nella ricerca, consapevole di s\u00e9 e dell\u2019altro, di quell\u2019Amore Grande che trascende le umane miserie perch\u00e9 non \u00e8 solo passione, sentimento o possesso, essendosi liberato dalle zavorre dell&#8217;egoismo umano. Nella sfumata cornice di un rivisitato ma sempiterno mito platonico delle due met\u00e0, in una societ\u00e0 reale che d\u00e8stina ai margini alcuni sentimenti, i protagonisti eseguono con imperitura emozione un passo a due sinuoso e delicato che ribadisce con tenacia che le differenze uniscono, non separano, \u201crealizzando l\u2019unit\u00e0 nella diversit\u00e0\u201d.<\/p>\n<p>&nbsp;<\/p>\n<p><strong>L&#8217;AUTRICE<\/strong>: Carmen Campa, architetto, divide la sua casa di campagna nel Salento con il marito e alcuni animali che tanto ama. Adora tuffarsi con la fantasia nella realt\u00e0 attingendo alle essenze e ai colori dei sentimenti e della natura tutta, per acquerellare luoghi e personaggi delle sue storie. \u201cL\u2019anima gemella\u201d \u00e8 il suo primo romanzo.<\/p>\n<fb:like href='https:\/\/www.leccecronaca.it\/index.php\/2014\/02\/01\/il-libro-lanima-gemella\/' send='true' layout='button_count' show_faces='true' width='450' height='65' action='recommend' colorscheme='light' font='lucida grande'><\/fb:like><span class=\"fb_share\"><fb:like href=\"https:\/\/www.leccecronaca.it\/index.php\/2014\/02\/01\/il-libro-lanima-gemella\/\" layout=\"button_count\"><\/fb:like><\/span>","protected":false},"excerpt":{"rendered":"<p>Si svolger\u00e0 domenica 2 febbraio 2013, h 18,30, a Manduria (Ta), presso il pub letterario Orwell, la presentazione del romanzo \u201cL\u2019anima gemella\u201d di Carmen Campa. &nbsp; Dialoga con l\u2019autrice: Erika Basci\u00e0 Sar\u00e0 presente l\u2019editore Claudio Martino \u00a0 IL ROMANZO. Un originale inizio d\u00e0 il via ad una storia d\u2019amore che nasce nell\u2019aldil\u00e0, un azzurro spazio [&hellip;]<\/p>\n","protected":false},"author":4,"featured_media":24044,"comment_status":"open","ping_status":"closed","sticky":false,"template":"","format":"standard","meta":[],"categories":[57],"tags":[],"_links":{"self":[{"href":"https:\/\/www.leccecronaca.it\/index.php\/wp-json\/wp\/v2\/posts\/24038"}],"collection":[{"href":"https:\/\/www.leccecronaca.it\/index.php\/wp-json\/wp\/v2\/posts"}],"about":[{"href":"https:\/\/www.leccecronaca.it\/index.php\/wp-json\/wp\/v2\/types\/post"}],"author":[{"embeddable":true,"href":"https:\/\/www.leccecronaca.it\/index.php\/wp-json\/wp\/v2\/users\/4"}],"replies":[{"embeddable":true,"href":"https:\/\/www.leccecronaca.it\/index.php\/wp-json\/wp\/v2\/comments?post=24038"}],"version-history":[{"count":5,"href":"https:\/\/www.leccecronaca.it\/index.php\/wp-json\/wp\/v2\/posts\/24038\/revisions"}],"predecessor-version":[{"id":24043,"href":"https:\/\/www.leccecronaca.it\/index.php\/wp-json\/wp\/v2\/posts\/24038\/revisions\/24043"}],"wp:featuredmedia":[{"embeddable":true,"href":"https:\/\/www.leccecronaca.it\/index.php\/wp-json\/wp\/v2\/media\/24044"}],"wp:attachment":[{"href":"https:\/\/www.leccecronaca.it\/index.php\/wp-json\/wp\/v2\/media?parent=24038"}],"wp:term":[{"taxonomy":"category","embeddable":true,"href":"https:\/\/www.leccecronaca.it\/index.php\/wp-json\/wp\/v2\/categories?post=24038"},{"taxonomy":"post_tag","embeddable":true,"href":"https:\/\/www.leccecronaca.it\/index.php\/wp-json\/wp\/v2\/tags?post=24038"}],"curies":[{"name":"wp","href":"https:\/\/api.w.org\/{rel}","templated":true}]}}