{"id":240591,"date":"2025-03-13T10:54:31","date_gmt":"2025-03-13T09:54:31","guid":{"rendered":"https:\/\/www.leccecronaca.it\/?p=240591"},"modified":"2025-03-19T15:25:21","modified_gmt":"2025-03-19T14:25:21","slug":"poi-tocco-ad-altri-otto-sui-viali","status":"publish","type":"post","link":"https:\/\/www.leccecronaca.it\/index.php\/2025\/03\/13\/poi-tocco-ad-altri-otto-sui-viali\/","title":{"rendered":"E POI TOCCO&#8217; AD ALTRI OTTO SUI VIALI"},"content":{"rendered":"\n<p><img decoding=\"async\" loading=\"lazy\" width=\"2560\" height=\"1239\" class=\"wp-image-240592\" style=\"width: 2500px;\" src=\"https:\/\/www.leccecronaca.it\/wordpress\/wp-content\/uploads\/2025\/03\/covera-scaled.jpg\" alt=\"\" srcset=\"https:\/\/www.leccecronaca.it\/wordpress\/wp-content\/uploads\/2025\/03\/covera-scaled.jpg 2560w, https:\/\/www.leccecronaca.it\/wordpress\/wp-content\/uploads\/2025\/03\/covera-300x145.jpg 300w, https:\/\/www.leccecronaca.it\/wordpress\/wp-content\/uploads\/2025\/03\/covera-1024x496.jpg 1024w, https:\/\/www.leccecronaca.it\/wordpress\/wp-content\/uploads\/2025\/03\/covera-768x372.jpg 768w, https:\/\/www.leccecronaca.it\/wordpress\/wp-content\/uploads\/2025\/03\/covera-1536x743.jpg 1536w, https:\/\/www.leccecronaca.it\/wordpress\/wp-content\/uploads\/2025\/03\/covera-2048x991.jpg 2048w\" sizes=\"(max-width: 2560px) 100vw, 2560px\" \/><\/p>\n\n\n\n<p>di <strong>Giuseppe Calzolaro<\/strong> ________ (* coordinamento associazioni Verde Urbano &#8211; reportage per leccecronaca.it) _________<\/p>\n\n\n\n<p>Ieri, mercoled\u00ec 12 marzo 2025, \u00e8 ripresa l&#8217;ennesima opera di abbattimento di otto pini adulti, tutti in buono stato di salute, da parte della ditta &#8216;Ambiente e Verde&#8217; di Lequile, incaricata dall&#8217;Amministrazione del Comune di Lecce.<\/p>\n\n\n\n<p>Con l&#8217;intento di portare a termine un progetto, gi\u00e0 approvato dalla vecchia amministrazione, inerente la mitigazione del rischio idrogeologico.<\/p>\n\n\n\n<p>Tale progetto determin\u00f2 gi\u00e0 l&#8217;abbattimento di altri dodici pini (tra ottobre e novembre 2022) nel tratto di Viale Leopardi, tra il sottopasso di Via del Mare e la rotatoria del Centrum, su Viale Papa Giovanni Paolo II.<\/p>\n\n\n\n<p>La nefasta azione di ieri, in perfetta continuit\u00e0 &#8216;ecosistemica amministrativa&#8217;, \u00e8 avvenuta invece sulla stessa Circonvallazione, nel tratto di Viale Japigia, all&#8217;altezza del sottopasso di Via del Mare, di fronte al supermercato Conad.<\/p>\n\n\n\n<p><img decoding=\"async\" loading=\"lazy\" width=\"1152\" height=\"2560\" class=\"wp-image-240593\" style=\"width: 1200px;\" src=\"https:\/\/www.leccecronaca.it\/wordpress\/wp-content\/uploads\/2025\/03\/mezzoaaf-scaled.jpg\" alt=\"\" srcset=\"https:\/\/www.leccecronaca.it\/wordpress\/wp-content\/uploads\/2025\/03\/mezzoaaf-scaled.jpg 1152w, https:\/\/www.leccecronaca.it\/wordpress\/wp-content\/uploads\/2025\/03\/mezzoaaf-135x300.jpg 135w, https:\/\/www.leccecronaca.it\/wordpress\/wp-content\/uploads\/2025\/03\/mezzoaaf-461x1024.jpg 461w, https:\/\/www.leccecronaca.it\/wordpress\/wp-content\/uploads\/2025\/03\/mezzoaaf-768x1707.jpg 768w, https:\/\/www.leccecronaca.it\/wordpress\/wp-content\/uploads\/2025\/03\/mezzoaaf-691x1536.jpg 691w, https:\/\/www.leccecronaca.it\/wordpress\/wp-content\/uploads\/2025\/03\/mezzoaaf-922x2048.jpg 922w\" sizes=\"(max-width: 1152px) 100vw, 1152px\" \/><\/p>\n\n\n\n<p>L&#8217;ennesimo atto di violenza, dunque, contro il Verde urbano e la Salute pubblica di tutta la comunit\u00e0 leccese (forse, ancora una volta, un tantino distratta) per portare a termine, il pi\u00f9 rapidamente possibile, i lavori sul ring cittadino.<\/p>\n\n\n\n<p>Grazie al Giro d&#8217;Italia &#8211; che la maggioranza di Palazzo Carafa ha deciso di ospitare (nonostante la non proprio rosea situazione delle casse comunali) &#8211; a tecnici e maestranze \u00e8 stato ordinato di far presto.<\/p>\n\n\n\n<p>Sul posto erano presenti attivisti, cittadine e cittadini, rappresentanti di varie associazioni ecologiste e non solo.&nbsp;<\/p>\n\n\n\n<p>Membri del Coordinamento per gli Alberi e il Verde Urbano di Lecce hanno provveduto a raggiungere telefonicamente l&#8217;Assessore ai Lavori Pubblici, gi\u00e0 vice sindaco, Roberto Giordano Anguilla, al fine di proporre, ancora una volta, una mediazione pi\u00f9 equa, che ripensasse l&#8217;area interessata, con rifacimento del piano stradale, senza abbattere alcun albero. Cos\u00ec come era stato gi\u00e0 proposto allo stesso, in un precedente incontro e tramite PEC.&nbsp;<\/p>\n\n\n\n<p>Nessun ripensamento \u00e8 seguito. Dell\u2019Assessore nemmeno l\u2019ombra, pur avendolo invitato a raggiungere i manifestanti. E gi\u00f9 i primi quattro pini.<\/p>\n\n\n\n<p>Lecce, da un po&#8217; di tempo, \u00e8 una citt\u00e0 sempre pi\u00f9 povera di verde pubblico e continua &#8211; indipendentemente dalle cordate che la guidano &#8211; a depauperare il proprio patrimonio ecosistemico e a consumare suolo prezioso. Come se nulla fosse.&nbsp;<\/p>\n\n\n\n<p>Dimentica, come se non bastasse, di una serie di pesanti interventi gi\u00e0 perpetrati, negli ultimi anni: gli ingenti abbattimenti intorno allo Stadio comunale, nel 2019 (circa duecento esemplari tra pini e altre alberature); la pessima gestione dei carrubi in Via Bormida, nel 2023 (una quarantina, di cui solo la met\u00e0 ripiantati altrove); dulcis in fundo, la guerra totale dichiarata, dall&#8217;Assise cittadina, nei riguardi di tutti i pini della citt\u00e0 e di molte altre specie abbandonate a se stesse, pur dopo averle ripiantate. Solo per fare qualche esempio.<\/p>\n\n\n\n<p>Una perfetta continuit\u00e0 con un bilancio negativo, pertanto, sul fronte del Verde pubblico, tra destra e sinistra cittadine, grazie alle azioni congiunte degli Assessorati di Lavori Pubblici e Ambiente.&nbsp;<\/p>\n\n\n\n<p>I cui primi dirigenti, guarda caso, sono stati di fresco riconfermati.<\/p>\n\n\n\n<p>Intanto, se avesse senso ricordarlo a qualcuno, la Citt\u00e0 capoluogo NON ha ancora fatta sua la Legge 10 del lontano 2013, che chiedeva di dotarsi di un Piano del Verde, di un Regolamento e di un Censimento completo e aggiornato.&nbsp;<\/p>\n\n\n\n<p>Ad oggi, tutto questo manca e si vede.&nbsp;<\/p>\n\n\n\n<p>Il danno che gli amministratori locali, insieme ad una classe dirigente miope, stanno consegnando in dote alle prossime generazioni \u00e8 devastante.&nbsp;<\/p>\n\n\n\n<p>Tranquilli, il Giro d&#8217;Italia si avvicina. I lavori di rigenerazione \u2018ecologica\u2019 procedono a ritmo sostenuto e la popolazione leccese non ha molto di che dolersi.&nbsp;<\/p>\n\n\n\n<p>Ai Leccesi, ospiti e residenti, baster\u00e0 installare nuovi e sempre pi\u00f9 performanti impianti di climatizzazione in ognuna delle proprie abitazioni, nei b &amp; b e nelle case vacanze.&nbsp;<\/p>\n\n\n\n<p>Il modo pi\u00f9 rapido e, soprattutto, ecologico di mitigare la calda stagione ormai alle porte.<\/p>\n\n\n\n<p><img decoding=\"async\" loading=\"lazy\" width=\"2560\" height=\"1152\" class=\"wp-image-240594\" style=\"width: 1200px;\" src=\"https:\/\/www.leccecronaca.it\/wordpress\/wp-content\/uploads\/2025\/03\/mezzoa-scaled.jpg\" alt=\"\" srcset=\"https:\/\/www.leccecronaca.it\/wordpress\/wp-content\/uploads\/2025\/03\/mezzoa-scaled.jpg 2560w, https:\/\/www.leccecronaca.it\/wordpress\/wp-content\/uploads\/2025\/03\/mezzoa-300x135.jpg 300w, https:\/\/www.leccecronaca.it\/wordpress\/wp-content\/uploads\/2025\/03\/mezzoa-1024x461.jpg 1024w, https:\/\/www.leccecronaca.it\/wordpress\/wp-content\/uploads\/2025\/03\/mezzoa-768x346.jpg 768w, https:\/\/www.leccecronaca.it\/wordpress\/wp-content\/uploads\/2025\/03\/mezzoa-1536x691.jpg 1536w, https:\/\/www.leccecronaca.it\/wordpress\/wp-content\/uploads\/2025\/03\/mezzoa-2048x922.jpg 2048w\" sizes=\"(max-width: 2560px) 100vw, 2560px\" \/><\/p>\n\n\n\n<p>__________<\/p>\n\n\n\n<p><\/p>\n\n\n\n<p>L&#8217;APPROFONDIMENTO nel nostro articolo del 6 marzo scorso<\/p>\n\n\n\n<figure class=\"wp-block-embed is-type-wp-embed is-provider-leccecronaca-it wp-block-embed-leccecronaca-it\"><div class=\"wp-block-embed__wrapper\">\n<blockquote class=\"wp-embedded-content\" data-secret=\"o9bSnX0NmK\"><a href=\"https:\/\/www.leccecronaca.it\/index.php\/2025\/03\/06\/240388\/\">L&#8217;INCONTRO DEL COMITATO VERDE PUBBLICO DI LECCE SULLA SALUTE DEI CITTADINI. ECCO CHI C&#8217;ERA E COSA HANNO DETTO. ED ECCO PURE CHI NON C&#8217;ERA&#8230;<\/a><\/blockquote><iframe class=\"wp-embedded-content\" sandbox=\"allow-scripts\" security=\"restricted\" style=\"position: absolute; clip: rect(1px, 1px, 1px, 1px);\" title=\"&#8220;L&#8217;INCONTRO DEL COMITATO VERDE PUBBLICO DI LECCE SULLA SALUTE DEI CITTADINI. ECCO CHI C&#8217;ERA E COSA HANNO DETTO. ED ECCO PURE CHI NON C&#8217;ERA&#8230;&#8221; &#8212; LecceCronaca.it\" src=\"https:\/\/www.leccecronaca.it\/index.php\/2025\/03\/06\/240388\/embed\/#?secret=YzKHhkhnwo#?secret=o9bSnX0NmK\" data-secret=\"o9bSnX0NmK\" width=\"500\" height=\"282\" frameborder=\"0\" marginwidth=\"0\" marginheight=\"0\" scrolling=\"no\"><\/iframe>\n<\/div><\/figure>\n<fb:like href='https:\/\/www.leccecronaca.it\/index.php\/2025\/03\/13\/poi-tocco-ad-altri-otto-sui-viali\/' send='true' layout='button_count' show_faces='true' width='450' height='65' action='recommend' colorscheme='light' font='lucida grande'><\/fb:like><span class=\"fb_share\"><fb:like href=\"https:\/\/www.leccecronaca.it\/index.php\/2025\/03\/13\/poi-tocco-ad-altri-otto-sui-viali\/\" layout=\"button_count\"><\/fb:like><\/span>","protected":false},"excerpt":{"rendered":"<p>di Giuseppe Calzolaro ________ (* coordinamento associazioni Verde Urbano &#8211; reportage per leccecronaca.it) _________ Ieri, mercoled\u00ec 12 marzo 2025, \u00e8 ripresa l&#8217;ennesima opera di abbattimento di otto pini adulti, tutti in buono stato di salute, da parte della ditta &#8216;Ambiente e Verde&#8217; di Lequile, incaricata dall&#8217;Amministrazione del Comune di Lecce. Con l&#8217;intento di portare a [&hellip;]<\/p>\n","protected":false},"author":4,"featured_media":240592,"comment_status":"open","ping_status":"closed","sticky":false,"template":"","format":"standard","meta":[],"categories":[1,69,76,77],"tags":[],"_links":{"self":[{"href":"https:\/\/www.leccecronaca.it\/index.php\/wp-json\/wp\/v2\/posts\/240591"}],"collection":[{"href":"https:\/\/www.leccecronaca.it\/index.php\/wp-json\/wp\/v2\/posts"}],"about":[{"href":"https:\/\/www.leccecronaca.it\/index.php\/wp-json\/wp\/v2\/types\/post"}],"author":[{"embeddable":true,"href":"https:\/\/www.leccecronaca.it\/index.php\/wp-json\/wp\/v2\/users\/4"}],"replies":[{"embeddable":true,"href":"https:\/\/www.leccecronaca.it\/index.php\/wp-json\/wp\/v2\/comments?post=240591"}],"version-history":[{"count":3,"href":"https:\/\/www.leccecronaca.it\/index.php\/wp-json\/wp\/v2\/posts\/240591\/revisions"}],"predecessor-version":[{"id":240622,"href":"https:\/\/www.leccecronaca.it\/index.php\/wp-json\/wp\/v2\/posts\/240591\/revisions\/240622"}],"wp:featuredmedia":[{"embeddable":true,"href":"https:\/\/www.leccecronaca.it\/index.php\/wp-json\/wp\/v2\/media\/240592"}],"wp:attachment":[{"href":"https:\/\/www.leccecronaca.it\/index.php\/wp-json\/wp\/v2\/media?parent=240591"}],"wp:term":[{"taxonomy":"category","embeddable":true,"href":"https:\/\/www.leccecronaca.it\/index.php\/wp-json\/wp\/v2\/categories?post=240591"},{"taxonomy":"post_tag","embeddable":true,"href":"https:\/\/www.leccecronaca.it\/index.php\/wp-json\/wp\/v2\/tags?post=240591"}],"curies":[{"name":"wp","href":"https:\/\/api.w.org\/{rel}","templated":true}]}}