{"id":240813,"date":"2025-03-18T12:32:17","date_gmt":"2025-03-18T11:32:17","guid":{"rendered":"https:\/\/www.leccecronaca.it\/?p=240813"},"modified":"2025-03-18T12:32:20","modified_gmt":"2025-03-18T11:32:20","slug":"oggi-la-giornata-mondiale-del-riciclo-lappello-dellassociazione-codici-a-lavorare-insieme-per-un-futuro-piu-verde-e-sostenibile-ecco-quello-che-ciascuno-di-noi-puo-fare","status":"publish","type":"post","link":"https:\/\/www.leccecronaca.it\/index.php\/2025\/03\/18\/oggi-la-giornata-mondiale-del-riciclo-lappello-dellassociazione-codici-a-lavorare-insieme-per-un-futuro-piu-verde-e-sostenibile-ecco-quello-che-ciascuno-di-noi-puo-fare\/","title":{"rendered":"OGGI LA &#8216;GIORNATA MONDIALE DEL RICICLO&#8217;, L&#8217;APPELLO DELL&#8217;ASSOCIAZIONE &#8216;CODICI&#8217; A LAVORARE INSIEME PER UN FUTURO PIU&#8217; VERDE E SOSTENIBILE. ECCO QUELLO CHE CIASCUNO DI NOI PUO&#8217; FARE"},"content":{"rendered":"\n<p><img decoding=\"async\" loading=\"lazy\" width=\"720\" height=\"960\" class=\"wp-image-240814\" style=\"width: 1500px;\" src=\"https:\/\/www.leccecronaca.it\/wordpress\/wp-content\/uploads\/2025\/03\/SOTTORIU.jpg\" alt=\"\" srcset=\"https:\/\/www.leccecronaca.it\/wordpress\/wp-content\/uploads\/2025\/03\/SOTTORIU.jpg 720w, https:\/\/www.leccecronaca.it\/wordpress\/wp-content\/uploads\/2025\/03\/SOTTORIU-225x300.jpg 225w\" sizes=\"(max-width: 720px) 100vw, 720px\" \/><\/p>\n\n\n\n<p><\/p>\n\n\n\n<p>Riceviamo e volentieri pubblichiamo. Da Roma l\u2019Associazione dei Consumatori Codici ci manda il seguente comunicato ___________\u00a0<\/p>\n\n\n\n<p><strong>Codici: il ruolo cruciale dei consumatori nella Giornata Mondiale del Riciclo<\/strong><\/p>\n\n\n\n<p>Il 18 marzo si celebra la Giornata Mondiale del Riciclo. Si tratta di un\u2019iniziativa che punta a sensibilizzare i cittadini sull\u2019importanza del riciclo e dell\u2019utilizzo consapevole delle risorse, promuovendo pratiche che riducono l\u2019uso di energia, migliorano la qualit\u00e0 dell\u2019acqua e dell\u2019aria che respiriamo e contrastano il cambiamento climatico. L\u2019associazione Codici sottolinea l\u2019importanza di questa ricorrenza e, in particolare, del ruolo attivo dei consumatori nella costruzione di un\u2019economia circolare sostenibile.<\/p>\n\n\n\n<p>Il riciclo rappresenta uno dei pilastri fondamentali nella gestione responsabile dei rifiuti e nella lotta al cambiamento climatico. I consumatori rappresentano l\u2019anello di congiunzione indispensabile tra produzione e recupero dei materiali. Le loro decisioni d\u2019acquisto, l\u2019attenzione alla separazione dei rifiuti e la consapevolezza del ciclo di vita dei prodotti sono elementi determinanti per il successo delle strategie di economia circolare.<\/p>\n\n\n\n<p>I dati pi\u00f9 recenti indicano che una corretta differenziazione domestica pu\u00f2 aumentare fino al 30% l\u2019efficienza dei processi di riciclo industriale. Inoltre, la domanda di prodotti realizzati con materiali riciclati stimola il mercato verso soluzioni pi\u00f9 sostenibili.<\/p>\n\n\n\n<p>Cosa possono fare i consumatori? Ecco alcuni consigli:<\/p>\n\n\n\n<p>\u00b7&nbsp;Educazione al riciclo \u2013 Conoscere quali materiali possono essere riciclati e come smaltirli correttamente \u00e8 il primo passo per un\u2019azione efficace;<\/p>\n\n\n\n<p>\u00b7&nbsp;Acquisto responsabile \u2013 Preferire prodotti con imballaggi riciclabili o ridotti al minimo aiuta a diminuire la produzione di rifiuti e stimola le aziende a investire in soluzioni pi\u00f9 sostenibili;<\/p>\n\n\n\n<p>\u00b7&nbsp;Riparazione e riutilizzo \u2013 Prima di gettare via un oggetto, chiediamoci se pu\u00f2 essere riparato, riutilizzato o donato. Questo non solo riduce i rifiuti, ma incoraggia anche una mentalit\u00e0 di economia circolare;<\/p>\n\n\n\n<p>\u00b7&nbsp;Supporto alle aziende sostenibili \u2013 I consumatori possono orientare il mercato premendo per scelte aziendali pi\u00f9 ecologiche, come l\u2019uso di materiali riciclabili o la progettazione di prodotti con una lunga vita utile.<\/p>\n\n\n\n<p>La Giornata Mondiale del Riciclo 2025 rappresenta un\u2019opportunit\u00e0 per riflettere sul potere delle scelte individuali e sull\u2019impatto collettivo che queste possono generare per un futuro pi\u00f9 sostenibile. Oggi pi\u00f9 che mai, i consumatori sono il motore di un cambiamento che pu\u00f2 ridurre l\u2019impatto ambientale e promuovere un\u2019economia circolare. Ogni consumatore ha la possibilit\u00e0 di fare la differenza, partendo dalle proprie azioni quotidiane. Siamo tutti parte di un sistema globale che ha bisogno del nostro impegno per essere sostenibile. Da qui l\u2019invito che l\u2019associazione Codici rivolge ai consumatori: lavorare insieme per un futuro pi\u00f9 verde e sostenibile.<\/p>\n\n\n\n<p><img decoding=\"async\" loading=\"lazy\" width=\"720\" height=\"960\" class=\"wp-image-240815\" style=\"width: 800px;\" src=\"https:\/\/www.leccecronaca.it\/wordpress\/wp-content\/uploads\/2025\/03\/COVERRIU.jpg\" alt=\"\" srcset=\"https:\/\/www.leccecronaca.it\/wordpress\/wp-content\/uploads\/2025\/03\/COVERRIU.jpg 720w, https:\/\/www.leccecronaca.it\/wordpress\/wp-content\/uploads\/2025\/03\/COVERRIU-225x300.jpg 225w\" sizes=\"(max-width: 720px) 100vw, 720px\" \/><\/p>\n\n\n\n<p><\/p>\n\n\n\n<p>___________<\/p>\n\n\n\n<p>LARICERCA nel nostro articolo del 10 marzo scorso<\/p>\n\n\n\n<figure class=\"wp-block-embed is-type-wp-embed is-provider-leccecronaca-it wp-block-embed-leccecronaca-it\"><div class=\"wp-block-embed__wrapper\">\n<blockquote class=\"wp-embedded-content\" data-secret=\"6FjVthEWae\"><a href=\"https:\/\/www.leccecronaca.it\/index.php\/2025\/03\/11\/ecco-quelli-che-ciascuno-di-noi-puo-fare-per-salvare-la-biodiversita\/\">ECCO QUELLO CHE CIASCUNO DI NOI PUO&#8217; FARE PER SALVARE LA BIODIVERSITA&#8217;<\/a><\/blockquote><iframe class=\"wp-embedded-content\" sandbox=\"allow-scripts\" security=\"restricted\" style=\"position: absolute; clip: rect(1px, 1px, 1px, 1px);\" title=\"&#8220;ECCO QUELLO CHE CIASCUNO DI NOI PUO&#8217; FARE PER SALVARE LA BIODIVERSITA&#8217;&#8221; &#8212; LecceCronaca.it\" src=\"https:\/\/www.leccecronaca.it\/index.php\/2025\/03\/11\/ecco-quelli-che-ciascuno-di-noi-puo-fare-per-salvare-la-biodiversita\/embed\/#?secret=wN3u3D5yC8#?secret=6FjVthEWae\" data-secret=\"6FjVthEWae\" width=\"500\" height=\"282\" frameborder=\"0\" marginwidth=\"0\" marginheight=\"0\" scrolling=\"no\"><\/iframe>\n<\/div><\/figure>\n<fb:like href='https:\/\/www.leccecronaca.it\/index.php\/2025\/03\/18\/oggi-la-giornata-mondiale-del-riciclo-lappello-dellassociazione-codici-a-lavorare-insieme-per-un-futuro-piu-verde-e-sostenibile-ecco-quello-che-ciascuno-di-noi-puo-fare\/' send='true' layout='button_count' show_faces='true' width='450' height='65' action='recommend' colorscheme='light' font='lucida grande'><\/fb:like><span class=\"fb_share\"><fb:like href=\"https:\/\/www.leccecronaca.it\/index.php\/2025\/03\/18\/oggi-la-giornata-mondiale-del-riciclo-lappello-dellassociazione-codici-a-lavorare-insieme-per-un-futuro-piu-verde-e-sostenibile-ecco-quello-che-ciascuno-di-noi-puo-fare\/\" layout=\"button_count\"><\/fb:like><\/span>","protected":false},"excerpt":{"rendered":"<p>Riceviamo e volentieri pubblichiamo. Da Roma l\u2019Associazione dei Consumatori Codici ci manda il seguente comunicato ___________\u00a0 Codici: il ruolo cruciale dei consumatori nella Giornata Mondiale del Riciclo Il 18 marzo si celebra la Giornata Mondiale del Riciclo. Si tratta di un\u2019iniziativa che punta a sensibilizzare i cittadini sull\u2019importanza del riciclo e dell\u2019utilizzo consapevole delle risorse, [&hellip;]<\/p>\n","protected":false},"author":4,"featured_media":240814,"comment_status":"open","ping_status":"closed","sticky":false,"template":"","format":"standard","meta":[],"categories":[1,36],"tags":[],"_links":{"self":[{"href":"https:\/\/www.leccecronaca.it\/index.php\/wp-json\/wp\/v2\/posts\/240813"}],"collection":[{"href":"https:\/\/www.leccecronaca.it\/index.php\/wp-json\/wp\/v2\/posts"}],"about":[{"href":"https:\/\/www.leccecronaca.it\/index.php\/wp-json\/wp\/v2\/types\/post"}],"author":[{"embeddable":true,"href":"https:\/\/www.leccecronaca.it\/index.php\/wp-json\/wp\/v2\/users\/4"}],"replies":[{"embeddable":true,"href":"https:\/\/www.leccecronaca.it\/index.php\/wp-json\/wp\/v2\/comments?post=240813"}],"version-history":[{"count":1,"href":"https:\/\/www.leccecronaca.it\/index.php\/wp-json\/wp\/v2\/posts\/240813\/revisions"}],"predecessor-version":[{"id":240816,"href":"https:\/\/www.leccecronaca.it\/index.php\/wp-json\/wp\/v2\/posts\/240813\/revisions\/240816"}],"wp:featuredmedia":[{"embeddable":true,"href":"https:\/\/www.leccecronaca.it\/index.php\/wp-json\/wp\/v2\/media\/240814"}],"wp:attachment":[{"href":"https:\/\/www.leccecronaca.it\/index.php\/wp-json\/wp\/v2\/media?parent=240813"}],"wp:term":[{"taxonomy":"category","embeddable":true,"href":"https:\/\/www.leccecronaca.it\/index.php\/wp-json\/wp\/v2\/categories?post=240813"},{"taxonomy":"post_tag","embeddable":true,"href":"https:\/\/www.leccecronaca.it\/index.php\/wp-json\/wp\/v2\/tags?post=240813"}],"curies":[{"name":"wp","href":"https:\/\/api.w.org\/{rel}","templated":true}]}}