{"id":240908,"date":"2025-03-20T19:51:44","date_gmt":"2025-03-20T18:51:44","guid":{"rendered":"https:\/\/www.leccecronaca.it\/?p=240908"},"modified":"2025-03-27T16:51:45","modified_gmt":"2025-03-27T15:51:45","slug":"la-reticenza-in-maglia-rosa-sul-passaggio-a-lecce-del-giro-ditalia-manca-la-chiarezza-degli-organizzatori-ecco-tutto-quello-che-fino-ad-adessonon-sappiamo","status":"publish","type":"post","link":"https:\/\/www.leccecronaca.it\/index.php\/2025\/03\/20\/la-reticenza-in-maglia-rosa-sul-passaggio-a-lecce-del-giro-ditalia-manca-la-chiarezza-degli-organizzatori-ecco-tutto-quello-che-fino-ad-adessonon-sappiamo\/","title":{"rendered":"LA RETICENZA IN MAGLIA ROSA. SUL  PASSAGGIO A LECCE DEL GIRO D&#8217;ITALIA MANCA LA CHIAREZZA DEGLI ORGANIZZATORI. ECCO TUTTO QUELLO CHE FINO AD ADESSO (NON) SAPPIAMO"},"content":{"rendered":"\n<p><img decoding=\"async\" loading=\"lazy\" width=\"700\" height=\"700\" class=\"wp-image-240917\" style=\"width: 2500px;\" src=\"https:\/\/www.leccecronaca.it\/wordpress\/wp-content\/uploads\/2025\/03\/orglecce.png\" alt=\"\" srcset=\"https:\/\/www.leccecronaca.it\/wordpress\/wp-content\/uploads\/2025\/03\/orglecce.png 700w, https:\/\/www.leccecronaca.it\/wordpress\/wp-content\/uploads\/2025\/03\/orglecce-300x300.png 300w, https:\/\/www.leccecronaca.it\/wordpress\/wp-content\/uploads\/2025\/03\/orglecce-150x150.png 150w, https:\/\/www.leccecronaca.it\/wordpress\/wp-content\/uploads\/2025\/03\/orglecce-60x60.png 60w\" sizes=\"(max-width: 700px) 100vw, 700px\" \/><\/p>\n\n\n\n<p>di  <strong>Giuseppe Puppo  <\/strong>____________<\/p>\n\n\n\n<p>&#8220;Ben venga il giro d&#8217;Italia almeno ogni dieci anni perch\u00e8 ci d\u00e0 la possibilit\u00e0 di ringentilire la citt\u00e0, aggiornarla un pochettino a quelle che sono le norme tecniche anche di previsione per un giro d&#8217;Italia&#8221;. &#8216;Ringentilire&#8217; \u00e8 un, diciamo cos\u00ec, neologismo che starebbe per ingentilire di nuovo, e ingentilire  significa &#8216;rendere pi\u00f9 gentile, affinare, incivilire&#8217;.<\/p>\n\n\n\n<p><\/p>\n\n\n\n<p>Incalzato &#8211; inseguito, per restare nel gergo ciclistico &#8211;  da &#8216;Fregadolce&#8217;, come lei stessa si definisce, Erica Fiore nel programma di Telerama &#8220;Pomeriggio in famiglia&#8221; lo scorso 4 marzo, Salvatore detto Tot\u00f2 Bianco (a sinistra nella foto di copertina), considerato deus ex machina della tappa leccese <\/p>\n\n\n\n<p>(&#8220;la abbiamo avuta finalmente anche grazie ad un mio intervento sull&#8217;organizzatore Mauro Vegni che \u00e8 un carissimo amico con il quale da cinquant&#8217;anni dividiamo manifestazioni di un certo livello&#8221;)<\/p>\n\n\n\n<p>a dare qualche anteprima e a dire &#8220;qualcosa che ancora non si sa&#8221;, non si \u00e8 fatto fregare:<\/p>\n\n\n\n<p>&#8220;&#8230;Vediamo cosa possiamo dire&#8230;&#8221;<\/p>\n\n\n\n<p>&#8220;&#8230;Le cose che non si sanno \u00e8 meglio che non si sappiano&#8221;<\/p>\n\n\n\n<p>In concreto infatti non \u00e8 andato oltre i mantra della &#8220;grossa occasione&#8221;, della &#8220;promozione del territorio&#8221;, del &#8220;richiamo turistico&#8221; e cos\u00ec via.<\/p>\n\n\n\n<p>Rare, confuse  e reticenti le sue parole su quelli che sono gli aspetti pi\u00f9 interessanti della questione:<\/p>\n\n\n\n<p>&#8220;ogni cosa che riguarda il Giro d&#8217;Italia ha dei costi altissimi con i quali ci dobbiamo confrontare&#8221;<\/p>\n\n\n\n<p> &#8220;gli amministratori del Comune di Lecce ci stanno dando una mano per sistemare un pochettino le difficolt\u00e0 che purtroppo stiamo incontrando, che stanno incontrando, incontrando giorno per giorno per quanto riguarda la sistemazione delle strade, le alberature perch\u00e9 &#8230;con &#8230;le riprese aeree si deve far vedere qualcosa e dobbiamo fare un pochettino di confronti a livello di difficoltoso&#8221;<\/p>\n\n\n\n<p><\/p>\n\n\n\n<p>&#8220;A livello di difficoltoso&#8221;, cosa sappiamo finora?<\/p>\n\n\n\n<p>Quello che ha detto il sindaco Adriana Poli Bortone, nella conferenza stampa di presentazione il 15 gennaio scorso:<\/p>\n\n\n\n<p>&#8220;\u00c8&nbsp;un impegno notevole da parte dell&#8217;amministrazione comunale, che ha previsto un investimento di duecentomila euro, risorse che saranno agevolmente ricompensate dagli effetti economici e turistici che produrr\u00e0 l&#8217;evento, benefici che ricadranno non soltanto sulla citt\u00e0, ma sulla provincia e sull&#8217;intera regione&#8221;<\/p>\n\n\n\n<p><\/p>\n\n\n\n<p>e poi quello che ha detto sempre il sindaco in Consiglio Comunale lo scorso 13 marzo:<\/p>\n\n\n\n<p><\/p>\n\n\n\n<p>\u201c<strong>Non c\u2019\u00e8 nessuna invenzione sui numeri:<\/strong>&nbsp;le somme necessarie per l\u2019adeguamento delle strade derivano da computi ufficiali redatti dagli uffici comunali.&nbsp;<strong>Inizialmente si parlava di 3,5 milioni di euro, poi una stima successiva ha ridotto la cifra a circa 2,6 milioni.<\/strong>&nbsp;Ma voglio essere chiara:&nbsp;<strong>l\u2019unico intervento obbligatorio, previsto dalla convenzione con la Federazione Ciclistica, riguarda il rifacimento di un chilometro e mezzo di percorso<\/strong>&nbsp;\u2014 tra viale De Pietro, viale Calasso e via San Francesco d\u2019Assisi \u2014 per un costo di&nbsp;<strong>600mila euro<\/strong>. Viale De Pietro, inoltre, \u00e8 gi\u00e0 in rifacimento con fondi PNRR&#8221;.<\/p>\n\n\n\n<p><strong><a href=\"https:\/\/www.corrierepl.it\/newspl\/wp-content\/uploads\/2025\/03\/483752628_1197043658459030_3532855570793700160_n.jpg\"><\/a><\/strong><\/p>\n\n\n\n<p>Insomma, non \u00e8 chiaro niente, le cifre ballano, non si sa quale sia l&#8217;esborso effettivo a carico dell&#8217;Amministrazione Comunale, cio\u00e8 di tutti i cittadini leccesi per le opere richieste dagli organizzatori.<\/p>\n\n\n\n<p>Non si conoscono nemmeno i costi di eradicazoni e potature &#8211; estreme, vere e proprie amputazioni &#8211; degli alberi cittadini tanto contestate negli ultimi mesi dalle associazioni ambientaliste (&#8220;Dobbiamo intervenire su 1800 alberi sul nostro territorio comunale in vista del Giro d&#8217;Italia. E non \u00e8 per nulla semplice&#8221;, dichiarava lo scorso 23 febbraio l&#8217;assessore all&#8217;Ambiente Severo detto Rino Martini).<\/p>\n\n\n\n<p>Non si conosce infine neppure il contributo della Citt\u00e0 di Lecce agli organizzatori, quello che ogni sede di tappa deve versare al Giro d&#8217;Italia.<\/p>\n\n\n\n<p>Secondo il quaotidiano Il Sole XXIV ore, articolo del 10 maggio 2019, Il giro d\u2019affari del Giro d\u2019Italia: costi e business della corsa pi\u00f9 amata<\/p>\n\n\n\n<p>&#8220;i costi che sostengono gli enti locali per ospitare una sede di tappa sono variabili: nel 2019 si aggiravano dai 70 000 ai 100 000 \u20ac per una partenza e&nbsp;<strong>fino a 200 000 \u20ac<\/strong>&nbsp;per un arrivo&#8221;<\/p>\n\n\n\n<p>e questo dato \u00e8 l&#8217;unico reperibile su internet in proposito.<\/p>\n\n\n\n<p><\/p>\n\n\n\n<p>Senza con ci\u00f2 voler sminuire l&#8217;importanza, cio\u00e8 il prestigio dell&#8217;evento sportivo e le indubbie ricadute socio-economiche che esso comporta, di cui comunque non ci sono dati certi, per quanto mi sembri un tantino esagerata l&#8217;enfasi con cui l&#8217;evento \u00e8 stato presentato, come se Lecce dovesse essere &#8220;ringentilita&#8221;, cio\u00e8 incivilita, come se fosse un oscuro e sperduto paesino di montagna, tutto ci\u00f2 concesso, sarebbe doveroso avere un quadro chiaro dei costi a carico dei Leccesi per mezza giornata di soggiorno della carovana, soprattutto di tutto quello che ci\u00f2 comporta in termini socio-economici.<\/p>\n\n\n\n<p>Ma la chiarezza al momento \u00e8 latitante.<\/p>\n\n\n\n<p>In primis da parte degli organizzatori.<\/p>\n\n\n\n<p><\/p>\n\n\n\n<p><\/p>\n\n\n\n<p>Il Giro d&#8217;Italia \u00e8 organizzato da un apposito comitato che fa capo al quotidiano La Gazzetta dello Sport. A sua volta la Gazzetta dello Sport fa parte del gruppo editoriale <strong>Rizzoli-Corriere della Sera Media Group S.p.A.<\/strong>, societ\u00e0 privata quotata in Borsa, 57 milioni di euro di utile netto nel 2023, principale azionista e presidente l&#8217;imprenditore Urbano Cairo.<\/p>\n\n\n\n<p>leccecronaca.it ha inoltrato ai responsabili le seguenti domande:<\/p>\n\n\n\n<p><\/p>\n\n\n\n<p>Vorrei che qualcuno di voi in qualit\u00e0 di responsabile del comitato organizzatore mi rispondesse alle seguenti domande:<\/p>\n\n\n\n<p>1) siete al corrente di quanto sta avvenendo a Lecce, agli alberi di Lecce, con la motivazione, oppure il pretesto &#8211; questo non lo so, ve lo chiedo appunto &#8211; del passaggio del Giro d&#8217;Italia?<\/p>\n\n\n\n<p>2) Avete dato voi disposizioni in tal senso?<\/p>\n\n\n\n<p>3) Quali sono le condizioni che avete posto all&#8217;amministrazione comunale di Lecce, o gli accordi intercorsi in generale, per portare il Giro a Lecce?<\/p>\n\n\n\n<p><\/p>\n\n\n\n<p>Ho provato per dieci giorni tramite telefono e tramite mail, anche ad personam, ma nessuno ha risposto a queste domande per iscritto e tutti si sono negati alle telefonate, fermatesi regolarmente al centralino.<\/p>\n\n\n\n<p>So per antica scuola che le interviste si chiedono gentilmente, come credo di aver fatto io, e pure che non bisogna importunare il destinatario: egli ha il diritto di non rispondere e di non essare sollecitato pi\u00f9 d tanto.<\/p>\n\n\n\n<p>Poi, \u00e8 chiaro, chi tace non dice niente, non dice niente e basta.<\/p>\n\n\n\n<p>Per\u00f2 pure il silenzio a volte, come in questo caso, parla in maniera significativa.<\/p>\n<fb:like href='https:\/\/www.leccecronaca.it\/index.php\/2025\/03\/20\/la-reticenza-in-maglia-rosa-sul-passaggio-a-lecce-del-giro-ditalia-manca-la-chiarezza-degli-organizzatori-ecco-tutto-quello-che-fino-ad-adessonon-sappiamo\/' send='true' layout='button_count' show_faces='true' width='450' height='65' action='recommend' colorscheme='light' font='lucida grande'><\/fb:like><span class=\"fb_share\"><fb:like href=\"https:\/\/www.leccecronaca.it\/index.php\/2025\/03\/20\/la-reticenza-in-maglia-rosa-sul-passaggio-a-lecce-del-giro-ditalia-manca-la-chiarezza-degli-organizzatori-ecco-tutto-quello-che-fino-ad-adessonon-sappiamo\/\" layout=\"button_count\"><\/fb:like><\/span>","protected":false},"excerpt":{"rendered":"<p>di Giuseppe Puppo ____________ &#8220;Ben venga il giro d&#8217;Italia almeno ogni dieci anni perch\u00e8 ci d\u00e0 la possibilit\u00e0 di ringentilire la citt\u00e0, aggiornarla un pochettino a quelle che sono le norme tecniche anche di previsione per un giro d&#8217;Italia&#8221;. &#8216;Ringentilire&#8217; \u00e8 un, diciamo cos\u00ec, neologismo che starebbe per ingentilire di nuovo, e ingentilire significa &#8216;rendere [&hellip;]<\/p>\n","protected":false},"author":4,"featured_media":240917,"comment_status":"open","ping_status":"closed","sticky":false,"template":"","format":"standard","meta":[],"categories":[1,69,31,75,76,28],"tags":[],"_links":{"self":[{"href":"https:\/\/www.leccecronaca.it\/index.php\/wp-json\/wp\/v2\/posts\/240908"}],"collection":[{"href":"https:\/\/www.leccecronaca.it\/index.php\/wp-json\/wp\/v2\/posts"}],"about":[{"href":"https:\/\/www.leccecronaca.it\/index.php\/wp-json\/wp\/v2\/types\/post"}],"author":[{"embeddable":true,"href":"https:\/\/www.leccecronaca.it\/index.php\/wp-json\/wp\/v2\/users\/4"}],"replies":[{"embeddable":true,"href":"https:\/\/www.leccecronaca.it\/index.php\/wp-json\/wp\/v2\/comments?post=240908"}],"version-history":[{"count":7,"href":"https:\/\/www.leccecronaca.it\/index.php\/wp-json\/wp\/v2\/posts\/240908\/revisions"}],"predecessor-version":[{"id":240924,"href":"https:\/\/www.leccecronaca.it\/index.php\/wp-json\/wp\/v2\/posts\/240908\/revisions\/240924"}],"wp:featuredmedia":[{"embeddable":true,"href":"https:\/\/www.leccecronaca.it\/index.php\/wp-json\/wp\/v2\/media\/240917"}],"wp:attachment":[{"href":"https:\/\/www.leccecronaca.it\/index.php\/wp-json\/wp\/v2\/media?parent=240908"}],"wp:term":[{"taxonomy":"category","embeddable":true,"href":"https:\/\/www.leccecronaca.it\/index.php\/wp-json\/wp\/v2\/categories?post=240908"},{"taxonomy":"post_tag","embeddable":true,"href":"https:\/\/www.leccecronaca.it\/index.php\/wp-json\/wp\/v2\/tags?post=240908"}],"curies":[{"name":"wp","href":"https:\/\/api.w.org\/{rel}","templated":true}]}}