{"id":241710,"date":"2025-04-09T10:25:28","date_gmt":"2025-04-09T08:25:28","guid":{"rendered":"https:\/\/www.leccecronaca.it\/?p=241710"},"modified":"2025-04-09T12:34:29","modified_gmt":"2025-04-09T10:34:29","slug":"la-presidente-dellanpi-la-comunista-de-tommasi-incapace-di-confrontarsi-democraticamente-con-gli-studenti","status":"publish","type":"post","link":"https:\/\/www.leccecronaca.it\/index.php\/2025\/04\/09\/la-presidente-dellanpi-la-comunista-de-tommasi-incapace-di-confrontarsi-democraticamente-con-gli-studenti\/","title":{"rendered":"LA PRESIDENTE DELL&#8217;ANPI, LA COMUNISTA DE TOMMASI,  VORREBBE PRENDERE A SBERLE GLI STUDENTI DISSENZIENTI. MENTRE LA DESTRA STA A GUARDARE."},"content":{"rendered":"\n<p><img decoding=\"async\" loading=\"lazy\" width=\"5100\" height=\"2880\" class=\"wp-image-241706\" style=\"width: 900px;\" src=\"https:\/\/www.leccecronaca.it\/wordpress\/wp-content\/uploads\/2025\/04\/ANPI.png\" alt=\"\" srcset=\"https:\/\/www.leccecronaca.it\/wordpress\/wp-content\/uploads\/2025\/04\/ANPI.png 5100w, https:\/\/www.leccecronaca.it\/wordpress\/wp-content\/uploads\/2025\/04\/ANPI-300x169.png 300w, https:\/\/www.leccecronaca.it\/wordpress\/wp-content\/uploads\/2025\/04\/ANPI-1024x578.png 1024w, https:\/\/www.leccecronaca.it\/wordpress\/wp-content\/uploads\/2025\/04\/ANPI-768x434.png 768w, https:\/\/www.leccecronaca.it\/wordpress\/wp-content\/uploads\/2025\/04\/ANPI-1536x867.png 1536w, https:\/\/www.leccecronaca.it\/wordpress\/wp-content\/uploads\/2025\/04\/ANPI-2048x1157.png 2048w\" sizes=\"(max-width: 5100px) 100vw, 5100px\" \/>mv_______Ancora una volta L&#8217;ANPI Associazione Nazionale Partigiani Italiani, mostra il suo volto fazioso, intollerante. L&#8217;ultimo episodio che sta facendo scalpore e quello che \u00e8 avvenuto nel comune di Luino due giorni fa.<br>La Presidente dell&#8217;Anpi Provinciale Ester Maria De Tomasi, durante un incontro\u00a0promosso\u00a0nell\u2019ambito delle celebrazioni per 80\u00b0 anniversario della Resistenza, a Palazzo Verbania a Luino, rivolto ad uno studente, gli ha detto testualmente &#8220;Ti prenderei a sberle&#8221;. L&#8217;incapacit\u00e0 da parte di questi dirigenti dell&#8217;Anpi di confrontarsi, non dico con degli storici seri, ma neppure con dei ragazzini, la dice lunga su un&#8217;organizzazione che da decenni viene lautamente finanziate dalle istituzioni. Oramai l\u2019intolleranza dei cosiddetti democratici nei confronti di chi osa dissentire non ha limiti, sia che si tratti di esponenti di destra, giornalisti non allineati.\u00a0 Romano Prodi tira i capelli dell\u2019inviata di Mediaset, solo perch\u00e8 gli chiede cosa ne pensa del Manifesto di Ventotene, Fausto Bertinotti che vorrebbe colpire con un oggetto la Presidente del Consiglio, ora le minacce della presidente dell&#8217;Anpi di Varese ad uno studente.<br>Ma analizziamo quali sono state le parole che il ragazzo ha pronunciato e che hanno scatenato la violenta reazione della dirigente dell&#8217;Anpi. Lo studente ha<strong>\u00a0<\/strong>sostenuto che l&#8217;associazione rappresenta una sola parte politica ed ha affermato che: &#8221; Nella storia sono esistite <strong>pi\u00f9 Resistenze<\/strong>, tra le quali quella comunista che mirava a sostituire una dittatura con un\u2019altra dittatura&#8221;.\u00a0La presidente De Tomasi \u00e8 intervenuta, inizialmente rispondendo nel merito, ma alla fine ha chiuso il suo intervento con questa frase:<strong>\u00a0\u201cTi prenderei a sberle\u201d<\/strong>.\u00a0<br>Ora che l&#8217;Anpi sia un&#8217;associazione politica, tanto \u00e8 vero che  interviene costantemente su tutti i temi di attualit\u00e0, che nulla hanno a che fare con i Partigiani, con la Resistenza o con la storia, \u00e8 un dato assodato. Tanto per capirci l&#8217;Anpi \u00e8 quell&#8217;associazione che poche settimane fa nella nostra citt\u00e0 ha organizzato un presidio,  affinch\u00e9 fosse impedita la commemorazione dei ragazzi assassinati dai comunisti  il 7 gennaio del 1978, passata alla storia come la strage di Acca Larentia.  Franco Bigonzetti e Francesco Ciavatta, assassinati davanti alla sede del Movimento Sociale Italiani, in via Acca Larenzia, nel quartiere Tuscolano. Un altro giovane, Stefano Recchioni, verr\u00e0 anch&#8217;esso assassinato poche ore dopo, solo perch\u00e8 si era recato su luogo del misfatto per protestare contro uno Stato che lasciava che i comunisti, potessero impunemente uccidere a piacimento, potendo godere dell&#8217;impunit\u00e0 che veniva loro garantita. Il tutto naturalmente giustificato con la solita retorica antifascista. <br>Quello che lascia perplessi e che la destra al governo, dalla Lega a Forza Italia, ma sopratutto da Fratelli d&#8217;Italia, non si rendano conto di cosa l&#8217;ANPI e chiedano al Presidente nazionale di allontanare la Presidente dell&#8217;Anpi di Varese per i suoi comportamenti antidemocratici. Ma state bene? Ma dove vivete? Non sapete cosa sia l&#8217;Anpi, la sua storia e sopratutto quello che combina giornalmente con comunicati e manifestazioni contro il governo? Site scemi o cosa?<br>Per quanto riguarda l&#8217;Anpi, c&#8217;\u00e8 un all&#8217;articolo:&#8221; Pi\u00f9 comunisti che partigiani. Per una storia dell\u2019Anpi &#8221; che vi consigliamo di leggere.<\/p>\n\n\n\n<p>Noi ne pubblichiamo uno stralcio a dimostrazione che quel ragazzo minacciato dalla dirigente comunista due giorni fa, aveva ragione da vendere. I comunisti erano al servizio di un potenza nemica l&#8217;Unione Sovietica guidata da un macellaio di popoli che rispondeva al nome di Giuseppe Stalin.<\/p>\n\n\n\n<p>Ecco cosa scrive nella prima parte del suo articolo P. Romeo di Colleredo-Mels:<\/p>\n\n\n\n<p>&#8220;Da Togliatti a Longo, Secchia, Barontini, Vidali, i leader comunisti erano tutti legati al GRU (il servizio di informazioni militare sovietico) ed alle purghe contro anarchici e trotzkijsti nella Spagna del 1937. Su quest\u2019argomento abbiamo scritto altrove: ma \u00e8 importante sottolineare il legame di totale subordinazione del Pci e della sua classe dirigente al Pcus ed al governo sovietico prima, durante e soprattutto dopo il conflitto mondiale. Ci\u00f2 riguardava tutto l\u2019associazionismo di Botteghe Oscure, dall\u2019<em>Unione<\/em>&nbsp;<em>Donne<\/em>&nbsp;<em>Italiane<\/em>, al&nbsp;<em>Fronte della Giovent\u00f9<\/em>&nbsp;(poi&nbsp;<em>Federazione Giovanile Comunista<\/em>, niente a che vedere con l\u2019omonimo e pi\u00f9 tardo FdG missino) ma soprattutto l&#8217;ANPI,  l\u2019Associazione nazionale partigiani d\u2019Italia, nella quale era confluita la massima parte dei partigiani comunisti, ovvero quelli che durante la guerra civile erano stati i pi\u00f9 combattivi ed efficienti tra i guerriglieri sul fronte italiano, e che spesso non avevano deposto le armi, convinti della necessit\u00e0 di continuare il processo rivoluzionario (si pensi alla milanese&nbsp;<em>Volante rossa<\/em>) oltre ad elementi politicamente esaltati e estremisti, pronti a costituire una quinta colonna in appoggio ai sovietici in caso di guerra e di invasione dell\u2019Italia. Il 9 aprile 1948 a Reggio Emilia, il capo partigiano Didimo Ferrari, nome di battaglia \u201c<em>Eros\u201d<\/em>, leader locale dell\u2019Anpi annota nel suo diario, a proposito delle imminenti elezioni (18 aprile 1948) che vedranno la sconfitta del Fronte popolare togliattiano: <br><em>\u201cLa campagna elettorale si \u00e8 infuocata parecchio<\/em>&nbsp;(\u2026)&nbsp;<em>in questi ultimi giorni \u00e8 stato istituito un comitato politico \u2013 militare che ha il compito di prevenire la reazione degli avversari e dirigere un\u2019eventuale azione insurrezionale. Questo comitato del quale faccio parte, lavora ora intensamente e in tutte le direzioni perch\u00e9 possa essere all\u2019altezza del suo delicato compito<\/em>\u201d.<\/p>\n<fb:like href='https:\/\/www.leccecronaca.it\/index.php\/2025\/04\/09\/la-presidente-dellanpi-la-comunista-de-tommasi-incapace-di-confrontarsi-democraticamente-con-gli-studenti\/' send='true' layout='button_count' show_faces='true' width='450' height='65' action='recommend' colorscheme='light' font='lucida grande'><\/fb:like><span class=\"fb_share\"><fb:like href=\"https:\/\/www.leccecronaca.it\/index.php\/2025\/04\/09\/la-presidente-dellanpi-la-comunista-de-tommasi-incapace-di-confrontarsi-democraticamente-con-gli-studenti\/\" layout=\"button_count\"><\/fb:like><\/span>","protected":false},"excerpt":{"rendered":"<p>mv_______Ancora una volta L&#8217;ANPI Associazione Nazionale Partigiani Italiani, mostra il suo volto fazioso, intollerante. L&#8217;ultimo episodio che sta facendo scalpore e quello che \u00e8 avvenuto nel comune di Luino due giorni fa.La Presidente dell&#8217;Anpi Provinciale Ester Maria De Tomasi, durante un incontro\u00a0promosso\u00a0nell\u2019ambito delle celebrazioni per 80\u00b0 anniversario della Resistenza, a Palazzo Verbania a Luino, rivolto [&hellip;]<\/p>\n","protected":false},"author":4,"featured_media":0,"comment_status":"open","ping_status":"closed","sticky":false,"template":"","format":"standard","meta":[],"categories":[1],"tags":[],"_links":{"self":[{"href":"https:\/\/www.leccecronaca.it\/index.php\/wp-json\/wp\/v2\/posts\/241710"}],"collection":[{"href":"https:\/\/www.leccecronaca.it\/index.php\/wp-json\/wp\/v2\/posts"}],"about":[{"href":"https:\/\/www.leccecronaca.it\/index.php\/wp-json\/wp\/v2\/types\/post"}],"author":[{"embeddable":true,"href":"https:\/\/www.leccecronaca.it\/index.php\/wp-json\/wp\/v2\/users\/4"}],"replies":[{"embeddable":true,"href":"https:\/\/www.leccecronaca.it\/index.php\/wp-json\/wp\/v2\/comments?post=241710"}],"version-history":[{"count":10,"href":"https:\/\/www.leccecronaca.it\/index.php\/wp-json\/wp\/v2\/posts\/241710\/revisions"}],"predecessor-version":[{"id":241741,"href":"https:\/\/www.leccecronaca.it\/index.php\/wp-json\/wp\/v2\/posts\/241710\/revisions\/241741"}],"wp:attachment":[{"href":"https:\/\/www.leccecronaca.it\/index.php\/wp-json\/wp\/v2\/media?parent=241710"}],"wp:term":[{"taxonomy":"category","embeddable":true,"href":"https:\/\/www.leccecronaca.it\/index.php\/wp-json\/wp\/v2\/categories?post=241710"},{"taxonomy":"post_tag","embeddable":true,"href":"https:\/\/www.leccecronaca.it\/index.php\/wp-json\/wp\/v2\/tags?post=241710"}],"curies":[{"name":"wp","href":"https:\/\/api.w.org\/{rel}","templated":true}]}}