{"id":241769,"date":"2025-04-09T19:16:00","date_gmt":"2025-04-09T17:16:00","guid":{"rendered":"https:\/\/www.leccecronaca.it\/?p=241769"},"modified":"2025-04-09T19:18:33","modified_gmt":"2025-04-09T17:18:33","slug":"la-proposta-il-giro-ditalia-per-piantumare-rialberiamo-la-villa-comunale","status":"publish","type":"post","link":"https:\/\/www.leccecronaca.it\/index.php\/2025\/04\/09\/la-proposta-il-giro-ditalia-per-piantumare-rialberiamo-la-villa-comunale\/","title":{"rendered":"LA PROPOSTA \/ : &#8220;Il Giro d\u2019Italia per piantumare: rialberiamo la Villa Comunale&#8221;"},"content":{"rendered":"\n<p><img decoding=\"async\" loading=\"lazy\" width=\"933\" height=\"750\" class=\"wp-image-241773\" style=\"width: 1500px;\" src=\"https:\/\/www.leccecronaca.it\/wordpress\/wp-content\/uploads\/2025\/04\/villabbbbuna.jpg\" alt=\"\" srcset=\"https:\/\/www.leccecronaca.it\/wordpress\/wp-content\/uploads\/2025\/04\/villabbbbuna.jpg 933w, https:\/\/www.leccecronaca.it\/wordpress\/wp-content\/uploads\/2025\/04\/villabbbbuna-300x241.jpg 300w, https:\/\/www.leccecronaca.it\/wordpress\/wp-content\/uploads\/2025\/04\/villabbbbuna-768x617.jpg 768w\" sizes=\"(max-width: 933px) 100vw, 933px\" \/><\/p>\n\n\n\n<p>Il Coordinamento per gli alberi e il verde urbano di Lecce ha mandato al sindaco Adriana Poli Bortone e, per conoscenza,  agli organi di stampa, la seguente lettera aperta _________<\/p>\n\n\n\n<p><\/p>\n\n\n\n<p>A Lecce \u00e8 in arrivo il Giro d\u2019Italia e per l\u2019occasione i viali della citt\u00e0 si sono dotati di un nuovo manto di asfalto e gli alberi sono stati potati, anche generosamente.<\/p>\n\n\n\n<p>I festeggiamenti per questo storico e importante appuntamento arriveranno per\u00f2 anche nel cuore verde della citt\u00e0, i Giardini Pubblici \u201cGiuseppe Garibaldi\u201d, noti ai leccesi come \u201cVilla comunale\u201d, dove saranno ospitati eventi ad esprimere accoglienza, identit\u00e0, creativit\u00e0 e partecipazione del territorio.<\/p>\n\n\n\n<p>La Villa comunale, giardino storico della citt\u00e0, versa in una condizione di degrado che si protrae da oltre un decennio.<\/p>\n\n\n\n<p>Tra i segni evidenti di tale degrado: gli edifici inutilizzati e murati per evitare atti di vandalismo; le piante sempre secche del roseto messo a dimora durante il suo primo mandato da Sindaco; i settanta &#8211; s\u00ec, almeno settanta alberi e arbusti &#8211; assenti, di cui sopravvivono solo le aiuole vuote e i ceppi ormai secchi o marciti. E ancora: lungo il viale prospiciente l\u2019ingresso della scuola \u201cCesare Battisti\u201d, almeno un albero su tre \u00e8 seccato o assente, interrompendo e disgregando l\u2019armonia dei filari; la met\u00e0 delle aiuole che circondano il tempietto centrale \u00e8 priva degli alberi un tempo ospitati; la rada erbetta, presente solo in alcune delle aiuole centrali, \u00e8 tosata con tale frequenza da rivelare il grigiore prevalente del terreno.<\/p>\n\n\n\n<p>Questa lettera che le rivolgiamo, Gentile Sindaco, e che condividiamo con la stampa e i nostri concittadini, ha un solo obiettivo: far s\u00ec che, prima dell\u2019inizio del Giro d\u2019Italia -manifestazione sportiva tra le pi\u00f9 seguite e amate in Italia e nel mondo &#8211; la maggior parte degli spazi della Villa comunale sprovvisti di alberi torni ad ospitarne di nuovi.<\/p>\n\n\n\n<p><\/p>\n\n\n\n<p>Che sia pure inaugurato un nuovo roseto, d\u2019altronde saremo in maggio, ma che sia letteralmente circondato da alberi.<\/p>\n\n\n\n<p>Gli alberi nuovi e un giardino che torni a verdeggiare siano l\u2019immagine positiva di cui beneficeranno gli ospiti e i media convenuti per questa manifestazione e gli stessi cittadini.<\/p>\n\n\n\n<p>Un atto dovuto ed esemplare che contribuir\u00e0 a rivitalizzare il patrimonio arboreo del pi\u00f9 noto giardino e parco botanico della citt\u00e0 e &#8211; ci auguriamo &#8211; a inaugurare un percorso virtuoso di ripristino di tutte le aree e le aiuole cittadine desertificate, cementificate, ancora oggi abbandonate all\u2019incuria.<\/p>\n\n\n\n<p>Il Coordinamento per gli Alberi e il Verde Urbano di Lecce ___________<\/p>\n\n\n\n<p>LA RICERCA nel nostro articolo di oggi<\/p>\n\n\n\n<figure class=\"wp-block-embed is-type-wp-embed is-provider-leccecronaca-it wp-block-embed-leccecronaca-it\"><div class=\"wp-block-embed__wrapper\">\n<blockquote class=\"wp-embedded-content\" data-secret=\"eBlfUyHVj7\"><a href=\"https:\/\/www.leccecronaca.it\/index.php\/2025\/04\/09\/1-000-000-di-euro-per-sistemare-le-strade-gli-alberi-massacrati-dal-comune-di-propria-iniziativa-200-000-di-contributo-agli-organizzatori-ecco-quanto-ci-costa-il-giro-ditalia-nelle-risposte-trov\/\">1.000.000 DI EURO PER SISTEMARE LE STRADE. GLI ALBERI MASSACRATI DAL COMUNE DI PROPRIA INIZIATIVA. 200.000 DI CONTRIBUTO AGLI ORGANIZZATORI. ECCO QUANTO CI COSTA IL GIRO D&#8217;ITALIA, NELLE RISPOSTE TROVATE OGGI DA leccecronaca.it<\/a><\/blockquote><iframe class=\"wp-embedded-content\" sandbox=\"allow-scripts\" security=\"restricted\" style=\"position: absolute; clip: rect(1px, 1px, 1px, 1px);\" title=\"&#8220;1.000.000 DI EURO PER SISTEMARE LE STRADE. GLI ALBERI MASSACRATI DAL COMUNE DI PROPRIA INIZIATIVA. 200.000 DI CONTRIBUTO AGLI ORGANIZZATORI. ECCO QUANTO CI COSTA IL GIRO D&#8217;ITALIA, NELLE RISPOSTE TROVATE OGGI DA leccecronaca.it&#8221; &#8212; LecceCronaca.it\" src=\"https:\/\/www.leccecronaca.it\/index.php\/2025\/04\/09\/1-000-000-di-euro-per-sistemare-le-strade-gli-alberi-massacrati-dal-comune-di-propria-iniziativa-200-000-di-contributo-agli-organizzatori-ecco-quanto-ci-costa-il-giro-ditalia-nelle-risposte-trov\/embed\/#?secret=pRetJKdVTU#?secret=eBlfUyHVj7\" data-secret=\"eBlfUyHVj7\" width=\"500\" height=\"282\" frameborder=\"0\" marginwidth=\"0\" marginheight=\"0\" scrolling=\"no\"><\/iframe>\n<\/div><\/figure>\n<fb:like href='https:\/\/www.leccecronaca.it\/index.php\/2025\/04\/09\/la-proposta-il-giro-ditalia-per-piantumare-rialberiamo-la-villa-comunale\/' send='true' layout='button_count' show_faces='true' width='450' height='65' action='recommend' colorscheme='light' font='lucida grande'><\/fb:like><span class=\"fb_share\"><fb:like href=\"https:\/\/www.leccecronaca.it\/index.php\/2025\/04\/09\/la-proposta-il-giro-ditalia-per-piantumare-rialberiamo-la-villa-comunale\/\" layout=\"button_count\"><\/fb:like><\/span>","protected":false},"excerpt":{"rendered":"<p>Il Coordinamento per gli alberi e il verde urbano di Lecce ha mandato al sindaco Adriana Poli Bortone e, per conoscenza, agli organi di stampa, la seguente lettera aperta _________ A Lecce \u00e8 in arrivo il Giro d\u2019Italia e per l\u2019occasione i viali della citt\u00e0 si sono dotati di un nuovo manto di asfalto e [&hellip;]<\/p>\n","protected":false},"author":4,"featured_media":241773,"comment_status":"open","ping_status":"closed","sticky":false,"template":"","format":"standard","meta":[],"categories":[1,69,76],"tags":[],"_links":{"self":[{"href":"https:\/\/www.leccecronaca.it\/index.php\/wp-json\/wp\/v2\/posts\/241769"}],"collection":[{"href":"https:\/\/www.leccecronaca.it\/index.php\/wp-json\/wp\/v2\/posts"}],"about":[{"href":"https:\/\/www.leccecronaca.it\/index.php\/wp-json\/wp\/v2\/types\/post"}],"author":[{"embeddable":true,"href":"https:\/\/www.leccecronaca.it\/index.php\/wp-json\/wp\/v2\/users\/4"}],"replies":[{"embeddable":true,"href":"https:\/\/www.leccecronaca.it\/index.php\/wp-json\/wp\/v2\/comments?post=241769"}],"version-history":[{"count":3,"href":"https:\/\/www.leccecronaca.it\/index.php\/wp-json\/wp\/v2\/posts\/241769\/revisions"}],"predecessor-version":[{"id":241775,"href":"https:\/\/www.leccecronaca.it\/index.php\/wp-json\/wp\/v2\/posts\/241769\/revisions\/241775"}],"wp:featuredmedia":[{"embeddable":true,"href":"https:\/\/www.leccecronaca.it\/index.php\/wp-json\/wp\/v2\/media\/241773"}],"wp:attachment":[{"href":"https:\/\/www.leccecronaca.it\/index.php\/wp-json\/wp\/v2\/media?parent=241769"}],"wp:term":[{"taxonomy":"category","embeddable":true,"href":"https:\/\/www.leccecronaca.it\/index.php\/wp-json\/wp\/v2\/categories?post=241769"},{"taxonomy":"post_tag","embeddable":true,"href":"https:\/\/www.leccecronaca.it\/index.php\/wp-json\/wp\/v2\/tags?post=241769"}],"curies":[{"name":"wp","href":"https:\/\/api.w.org\/{rel}","templated":true}]}}