{"id":241827,"date":"2025-04-11T14:41:35","date_gmt":"2025-04-11T12:41:35","guid":{"rendered":"https:\/\/www.leccecronaca.it\/?p=241827"},"modified":"2025-04-11T14:51:18","modified_gmt":"2025-04-11T12:51:18","slug":"giovane-di-veglie-padre-di-un-bimbo-piccolo-muore-per-incidente-stradale","status":"publish","type":"post","link":"https:\/\/www.leccecronaca.it\/index.php\/2025\/04\/11\/giovane-di-veglie-padre-di-un-bimbo-piccolo-muore-per-incidente-stradale\/","title":{"rendered":"GIOVANE DI VEGLIE, PADRE DI UN BAMBINO  PICCOLO, MUORE NELLA NOTTE AL VITO FAZZI IN SEGUITO AD UN INCIDENTE STRADALE AVVENUTO IERI SERA"},"content":{"rendered":"\n<p><img decoding=\"async\" loading=\"lazy\" width=\"500\" height=\"261\" class=\"wp-image-241828\" style=\"width: 1200px;\" src=\"https:\/\/www.leccecronaca.it\/wordpress\/wp-content\/uploads\/2025\/04\/cricric.jpeg\" alt=\"\" srcset=\"https:\/\/www.leccecronaca.it\/wordpress\/wp-content\/uploads\/2025\/04\/cricric.jpeg 500w, https:\/\/www.leccecronaca.it\/wordpress\/wp-content\/uploads\/2025\/04\/cricric-300x157.jpeg 300w\" sizes=\"(max-width: 500px) 100vw, 500px\" \/><\/p>\n\n\n\n<p>(e.l.) ____________<\/p>\n\n\n\n<p>Drammatico incidente mortale ieri sera sulla provinciale per Porto Cesareo. <\/p>\n\n\n\n<p>La vittima \u00e8 Cristian Greco, 24 anni, di Veglie.<\/p>\n\n\n\n<p>Per cause ancora da accertare, la Lancia Y che guidava e su cui c&#8217;erano il figlio di un anno e mezzo e una ragazza di 19, si \u00e8 scontrata con una Audi 44.<\/p>\n\n\n\n<p>L<strong>\u2018<\/strong>impatto \u00e8 stato violento e per lui fatale. Soccorso e ricoverato d&#8217;urgenza all&#8217;ospedale Vito Fazzi, \u00e8 morto questa notte a causa della gravit\u00e0 delle lesioni riportate.<\/p>\n\n\n\n<p>Feriti il piccolo, in osservazione al Vito Fazzi, e la ragazza, ricoverata all&#8217;ospedale di Copertino. Illeso il conducente dell&#8217;altra auto.<\/p>\n\n\n\n<p>Indagini dei Carabinieri in corso di svolgimento per accertare l<strong>\u2018<\/strong>esatta dinamica di quanto accaduto e stabilirne le cause.<\/p>\n\n\n\n<p><br>&nbsp;&nbsp;&nbsp;<\/p>\n<fb:like href='https:\/\/www.leccecronaca.it\/index.php\/2025\/04\/11\/giovane-di-veglie-padre-di-un-bimbo-piccolo-muore-per-incidente-stradale\/' send='true' layout='button_count' show_faces='true' width='450' height='65' action='recommend' colorscheme='light' font='lucida grande'><\/fb:like><span class=\"fb_share\"><fb:like href=\"https:\/\/www.leccecronaca.it\/index.php\/2025\/04\/11\/giovane-di-veglie-padre-di-un-bimbo-piccolo-muore-per-incidente-stradale\/\" layout=\"button_count\"><\/fb:like><\/span>","protected":false},"excerpt":{"rendered":"<p>(e.l.) ____________ Drammatico incidente mortale ieri sera sulla provinciale per Porto Cesareo. La vittima \u00e8 Cristian Greco, 24 anni, di Veglie. Per cause ancora da accertare, la Lancia Y che guidava e su cui c&#8217;erano il figlio di un anno e mezzo e una ragazza di 19, si \u00e8 scontrata con una Audi 44. L\u2018impatto [&hellip;]<\/p>\n","protected":false},"author":4,"featured_media":241828,"comment_status":"open","ping_status":"closed","sticky":false,"template":"","format":"standard","meta":[],"categories":[69],"tags":[],"_links":{"self":[{"href":"https:\/\/www.leccecronaca.it\/index.php\/wp-json\/wp\/v2\/posts\/241827"}],"collection":[{"href":"https:\/\/www.leccecronaca.it\/index.php\/wp-json\/wp\/v2\/posts"}],"about":[{"href":"https:\/\/www.leccecronaca.it\/index.php\/wp-json\/wp\/v2\/types\/post"}],"author":[{"embeddable":true,"href":"https:\/\/www.leccecronaca.it\/index.php\/wp-json\/wp\/v2\/users\/4"}],"replies":[{"embeddable":true,"href":"https:\/\/www.leccecronaca.it\/index.php\/wp-json\/wp\/v2\/comments?post=241827"}],"version-history":[{"count":7,"href":"https:\/\/www.leccecronaca.it\/index.php\/wp-json\/wp\/v2\/posts\/241827\/revisions"}],"predecessor-version":[{"id":241836,"href":"https:\/\/www.leccecronaca.it\/index.php\/wp-json\/wp\/v2\/posts\/241827\/revisions\/241836"}],"wp:featuredmedia":[{"embeddable":true,"href":"https:\/\/www.leccecronaca.it\/index.php\/wp-json\/wp\/v2\/media\/241828"}],"wp:attachment":[{"href":"https:\/\/www.leccecronaca.it\/index.php\/wp-json\/wp\/v2\/media?parent=241827"}],"wp:term":[{"taxonomy":"category","embeddable":true,"href":"https:\/\/www.leccecronaca.it\/index.php\/wp-json\/wp\/v2\/categories?post=241827"},{"taxonomy":"post_tag","embeddable":true,"href":"https:\/\/www.leccecronaca.it\/index.php\/wp-json\/wp\/v2\/tags?post=241827"}],"curies":[{"name":"wp","href":"https:\/\/api.w.org\/{rel}","templated":true}]}}