{"id":241933,"date":"2025-04-14T11:39:59","date_gmt":"2025-04-14T09:39:59","guid":{"rendered":"https:\/\/www.leccecronaca.it\/?p=241933"},"modified":"2025-04-14T13:05:59","modified_gmt":"2025-04-14T11:05:59","slug":"il-casarano-vede-il-ritorno-in-serie-c","status":"publish","type":"post","link":"https:\/\/www.leccecronaca.it\/index.php\/2025\/04\/14\/il-casarano-vede-il-ritorno-in-serie-c\/","title":{"rendered":"CASARANO &#8216;VEDE&#8217; IL RITORNO IN SERIE C"},"content":{"rendered":"\n<p><img decoding=\"async\" loading=\"lazy\" width=\"526\" height=\"526\" class=\"wp-image-241934\" style=\"width: 1500px;\" src=\"https:\/\/www.leccecronaca.it\/wordpress\/wp-content\/uploads\/2025\/04\/490104207_18345184921156604_7987008598663384064_n.jpg\" alt=\"\" srcset=\"https:\/\/www.leccecronaca.it\/wordpress\/wp-content\/uploads\/2025\/04\/490104207_18345184921156604_7987008598663384064_n.jpg 526w, https:\/\/www.leccecronaca.it\/wordpress\/wp-content\/uploads\/2025\/04\/490104207_18345184921156604_7987008598663384064_n-300x300.jpg 300w, https:\/\/www.leccecronaca.it\/wordpress\/wp-content\/uploads\/2025\/04\/490104207_18345184921156604_7987008598663384064_n-150x150.jpg 150w, https:\/\/www.leccecronaca.it\/wordpress\/wp-content\/uploads\/2025\/04\/490104207_18345184921156604_7987008598663384064_n-60x60.jpg 60w\" sizes=\"(max-width: 526px) 100vw, 526px\" \/><\/p>\n\n\n\n<p>(Rdl) __________ Manca solo un altro piccolo passo e gioved\u00ec prossimo 17 aprile, ospitando la Fidelis Andria per la trentaduesima giornata del campionato nazionale dilettanti, girone H, il Casarano potr\u00e0 avere anche dalla matematica la conferma del ritorno in serie C, seconda squadra della provincia di Lecce fra i professionisti. Intanto in citt\u00e0 \u00e8 gi\u00e0 festa.<\/p>\n<fb:like href='https:\/\/www.leccecronaca.it\/index.php\/2025\/04\/14\/il-casarano-vede-il-ritorno-in-serie-c\/' send='true' layout='button_count' show_faces='true' width='450' height='65' action='recommend' colorscheme='light' font='lucida grande'><\/fb:like><span class=\"fb_share\"><fb:like href=\"https:\/\/www.leccecronaca.it\/index.php\/2025\/04\/14\/il-casarano-vede-il-ritorno-in-serie-c\/\" layout=\"button_count\"><\/fb:like><\/span>","protected":false},"excerpt":{"rendered":"<p>(Rdl) __________ Manca solo un altro piccolo passo e gioved\u00ec prossimo 17 aprile, ospitando la Fidelis Andria per la trentaduesima giornata del campionato nazionale dilettanti, girone H, il Casarano potr\u00e0 avere anche dalla matematica la conferma del ritorno in serie C, seconda squadra della provincia di Lecce fra i professionisti. Intanto in citt\u00e0 \u00e8 gi\u00e0 [&hellip;]<\/p>\n","protected":false},"author":4,"featured_media":241934,"comment_status":"open","ping_status":"closed","sticky":false,"template":"","format":"standard","meta":[],"categories":[28],"tags":[],"_links":{"self":[{"href":"https:\/\/www.leccecronaca.it\/index.php\/wp-json\/wp\/v2\/posts\/241933"}],"collection":[{"href":"https:\/\/www.leccecronaca.it\/index.php\/wp-json\/wp\/v2\/posts"}],"about":[{"href":"https:\/\/www.leccecronaca.it\/index.php\/wp-json\/wp\/v2\/types\/post"}],"author":[{"embeddable":true,"href":"https:\/\/www.leccecronaca.it\/index.php\/wp-json\/wp\/v2\/users\/4"}],"replies":[{"embeddable":true,"href":"https:\/\/www.leccecronaca.it\/index.php\/wp-json\/wp\/v2\/comments?post=241933"}],"version-history":[{"count":3,"href":"https:\/\/www.leccecronaca.it\/index.php\/wp-json\/wp\/v2\/posts\/241933\/revisions"}],"predecessor-version":[{"id":241950,"href":"https:\/\/www.leccecronaca.it\/index.php\/wp-json\/wp\/v2\/posts\/241933\/revisions\/241950"}],"wp:featuredmedia":[{"embeddable":true,"href":"https:\/\/www.leccecronaca.it\/index.php\/wp-json\/wp\/v2\/media\/241934"}],"wp:attachment":[{"href":"https:\/\/www.leccecronaca.it\/index.php\/wp-json\/wp\/v2\/media?parent=241933"}],"wp:term":[{"taxonomy":"category","embeddable":true,"href":"https:\/\/www.leccecronaca.it\/index.php\/wp-json\/wp\/v2\/categories?post=241933"},{"taxonomy":"post_tag","embeddable":true,"href":"https:\/\/www.leccecronaca.it\/index.php\/wp-json\/wp\/v2\/tags?post=241933"}],"curies":[{"name":"wp","href":"https:\/\/api.w.org\/{rel}","templated":true}]}}