{"id":242129,"date":"2025-04-19T00:02:00","date_gmt":"2025-04-18T22:02:00","guid":{"rendered":"https:\/\/www.leccecronaca.it\/?p=242129"},"modified":"2025-04-18T19:10:33","modified_gmt":"2025-04-18T17:10:33","slug":"minorenne-disabile-aggredito-la-spettacolarizzazione-del-crimine","status":"publish","type":"post","link":"https:\/\/www.leccecronaca.it\/index.php\/2025\/04\/19\/minorenne-disabile-aggredito-la-spettacolarizzazione-del-crimine\/","title":{"rendered":"MINORENNE DISABILE AGGREDITO \/ LA SPETTACOLARIZZAZIONE DEL CRIMINE"},"content":{"rendered":"\n<p><img decoding=\"async\" loading=\"lazy\" width=\"1472\" height=\"879\" class=\"wp-image-242118\" style=\"width: 1500px;\" src=\"https:\/\/www.leccecronaca.it\/wordpress\/wp-content\/uploads\/2025\/04\/photo-2024-05-03-12-56-40-1.jpg\" alt=\"\" srcset=\"https:\/\/www.leccecronaca.it\/wordpress\/wp-content\/uploads\/2025\/04\/photo-2024-05-03-12-56-40-1.jpg 1472w, https:\/\/www.leccecronaca.it\/wordpress\/wp-content\/uploads\/2025\/04\/photo-2024-05-03-12-56-40-1-300x179.jpg 300w, https:\/\/www.leccecronaca.it\/wordpress\/wp-content\/uploads\/2025\/04\/photo-2024-05-03-12-56-40-1-1024x611.jpg 1024w, https:\/\/www.leccecronaca.it\/wordpress\/wp-content\/uploads\/2025\/04\/photo-2024-05-03-12-56-40-1-768x459.jpg 768w\" sizes=\"(max-width: 1472px) 100vw, 1472px\" \/><\/p>\n\n\n\n<p>di <strong>Fabio Coppola ___________<\/strong><\/p>\n\n\n\n<p>Un tempo molti criminali di fronte alle telecamere si coprivano il volto con un giornale o con una giacca, mentre uscivano in manette da un commissariato per essere tradotti in carcere. Perch\u00e9 comunque conservavano una certa forma di vergogna.<\/p>\n\n\n\n<p>Attualmente invece si assiste sempre pi\u00f9 spesso ad una spettacolarizzazione del crimine; l\u2019azione deviante viene filmata ed ostentata diffondendola sui canali social. A svantaggio non soltanto della vittima, ma anche degli autori di reato, che forniscono essi stessi i mezzi di prova.<\/p>\n\n\n\n<p><\/p>\n\n\n\n<p>Due giorni fa \u00e8 successo nella stazione ferroviaria di Galatina, nel Salento. Un gruppo numeroso di ragazzi aggrediva ripetutamente un minore di origine straniera, disabile, anche quando ormai era inerme sul pavimento. Nel gruppo anche la presenza di ragazze. Azione prolungata filmata e diffusa a mezzo social.<\/p>\n\n\n\n<p>Vero \u00e8 che il gruppo allenta i freni inibitori, ma spesso l\u2019aggressivit\u00e0 viene inibita dall\u2019empatia, la capacit\u00e0 di mettersi nei panni dell\u2019altro e di percepirlo come un nostro simile. Perch\u00e9 l\u2019empatia non ha funzionato, solo perch\u00e9 era uno straniero? Ma i pestaggi avvengono anche tra connazionali.<\/p>\n\n\n\n<p>L\u2019empatia viene meno quando la vittima viene disumanizzata, cio\u00e8 considerata diversa da noi, e quindi non meritevole di rispetto o piet\u00e0.<\/p>\n\n\n\n<p>In alcune situazioni la presenza femminile pu\u00f2 stemperare i toni, ma stavolta sembrerebbe non essere stato sufficiente.<\/p>\n\n\n\n<p>Alla vittima non veniva concesso neanche un certo senso di lealt\u00e0, cio\u00e8 di affrontare gli aggressori uno alla volta, come avviene a volte in alcuni regolamenti di conti.<\/p>\n\n\n\n<p><\/p>\n\n\n\n<p>La diffusione sui social sicuramente ingigantisce l\u2019umiliazione, il danno di immagine della vittima.<\/p>\n\n\n\n<p>Sempre pi\u00f9 spesso gli autori di reato filmano l\u2019azione e postano sui social, e non \u00e8 soltanto un comportamento giovanile. Visibilit\u00e0, notoriet\u00e0, popolarit\u00e0 ad ogni costo, sempre e comunque. Ricerca di identit\u00e0? Ricerca di approvazione sociale? Narcisismo estremo? Condividere e riconoscersi in valori negativi, antisociali, a svantaggio di quelli positivi? A volte nelle plateali dimostrazioni di forza si nasconderebbe invece una grande debolezza, o pochezza.<\/p>\n\n\n\n<p>Sicuramente sarebbe necessaria una maggiore informazione sulle regole di pubblicazione, anche leggi pi\u00f9 stringenti in caso di abusi.<\/p>\n\n\n\n<p>Infine ci sarebbe da riflettere sui reali e concreti benefici dei social, e sulla loro potenziale disumanizzazione delle relazioni sociali, in particolare in et\u00e0 evolutiva.<\/p>\n\n\n\n<p>Veglie, 18\/04\/2025<\/p>\n\n\n\n<p>Dott. Fabio Coppola<\/p>\n\n\n\n<p>Psicologo-psicoterapeuta ___________<\/p>\n\n\n\n<p>LA RICERCA nel nostro articolo di ieri<\/p>\n\n\n\n<figure class=\"wp-block-embed is-type-wp-embed is-provider-leccecronaca-it wp-block-embed-leccecronaca-it\"><div class=\"wp-block-embed__wrapper\">\n<blockquote class=\"wp-embedded-content\" data-secret=\"zrONZYiFDy\"><a href=\"https:\/\/www.leccecronaca.it\/index.php\/2025\/04\/18\/minorenne-disabile-aggredito-a-galatina-da-un-gruppo-di-coetanei-per-bullismo-video-choc-commenti\/\">MINORENNE DISABILE AGGREDITO A GALATINA DA UN GRUPPO DI COETANEI PER BULLISMO. VIDEO CHOC. COMMENTI<\/a><\/blockquote><iframe class=\"wp-embedded-content\" sandbox=\"allow-scripts\" security=\"restricted\" style=\"position: absolute; clip: rect(1px, 1px, 1px, 1px);\" title=\"&#8220;MINORENNE DISABILE AGGREDITO A GALATINA DA UN GRUPPO DI COETANEI PER BULLISMO. VIDEO CHOC. COMMENTI&#8221; &#8212; LecceCronaca.it\" src=\"https:\/\/www.leccecronaca.it\/index.php\/2025\/04\/18\/minorenne-disabile-aggredito-a-galatina-da-un-gruppo-di-coetanei-per-bullismo-video-choc-commenti\/embed\/#?secret=6qWe2ECvwk#?secret=zrONZYiFDy\" data-secret=\"zrONZYiFDy\" width=\"500\" height=\"282\" frameborder=\"0\" marginwidth=\"0\" marginheight=\"0\" scrolling=\"no\"><\/iframe>\n<\/div><\/figure>\n<fb:like href='https:\/\/www.leccecronaca.it\/index.php\/2025\/04\/19\/minorenne-disabile-aggredito-la-spettacolarizzazione-del-crimine\/' send='true' layout='button_count' show_faces='true' width='450' height='65' action='recommend' colorscheme='light' font='lucida grande'><\/fb:like><span class=\"fb_share\"><fb:like href=\"https:\/\/www.leccecronaca.it\/index.php\/2025\/04\/19\/minorenne-disabile-aggredito-la-spettacolarizzazione-del-crimine\/\" layout=\"button_count\"><\/fb:like><\/span>","protected":false},"excerpt":{"rendered":"<p>di Fabio Coppola ___________ Un tempo molti criminali di fronte alle telecamere si coprivano il volto con un giornale o con una giacca, mentre uscivano in manette da un commissariato per essere tradotti in carcere. Perch\u00e9 comunque conservavano una certa forma di vergogna. Attualmente invece si assiste sempre pi\u00f9 spesso ad una spettacolarizzazione del crimine; [&hellip;]<\/p>\n","protected":false},"author":4,"featured_media":242118,"comment_status":"open","ping_status":"closed","sticky":false,"template":"","format":"standard","meta":[],"categories":[1,69],"tags":[],"_links":{"self":[{"href":"https:\/\/www.leccecronaca.it\/index.php\/wp-json\/wp\/v2\/posts\/242129"}],"collection":[{"href":"https:\/\/www.leccecronaca.it\/index.php\/wp-json\/wp\/v2\/posts"}],"about":[{"href":"https:\/\/www.leccecronaca.it\/index.php\/wp-json\/wp\/v2\/types\/post"}],"author":[{"embeddable":true,"href":"https:\/\/www.leccecronaca.it\/index.php\/wp-json\/wp\/v2\/users\/4"}],"replies":[{"embeddable":true,"href":"https:\/\/www.leccecronaca.it\/index.php\/wp-json\/wp\/v2\/comments?post=242129"}],"version-history":[{"count":1,"href":"https:\/\/www.leccecronaca.it\/index.php\/wp-json\/wp\/v2\/posts\/242129\/revisions"}],"predecessor-version":[{"id":242130,"href":"https:\/\/www.leccecronaca.it\/index.php\/wp-json\/wp\/v2\/posts\/242129\/revisions\/242130"}],"wp:featuredmedia":[{"embeddable":true,"href":"https:\/\/www.leccecronaca.it\/index.php\/wp-json\/wp\/v2\/media\/242118"}],"wp:attachment":[{"href":"https:\/\/www.leccecronaca.it\/index.php\/wp-json\/wp\/v2\/media?parent=242129"}],"wp:term":[{"taxonomy":"category","embeddable":true,"href":"https:\/\/www.leccecronaca.it\/index.php\/wp-json\/wp\/v2\/categories?post=242129"},{"taxonomy":"post_tag","embeddable":true,"href":"https:\/\/www.leccecronaca.it\/index.php\/wp-json\/wp\/v2\/tags?post=242129"}],"curies":[{"name":"wp","href":"https:\/\/api.w.org\/{rel}","templated":true}]}}