{"id":242154,"date":"2025-04-19T17:06:32","date_gmt":"2025-04-19T15:06:32","guid":{"rendered":"https:\/\/www.leccecronaca.it\/?p=242154"},"modified":"2025-04-19T17:06:34","modified_gmt":"2025-04-19T15:06:34","slug":"il-lecce-trova-una-sorpresa-amarissima-nelluovo-di-pasqua-e-nel-buco-vede-lincubo-della-serie-b","status":"publish","type":"post","link":"https:\/\/www.leccecronaca.it\/index.php\/2025\/04\/19\/il-lecce-trova-una-sorpresa-amarissima-nelluovo-di-pasqua-e-nel-buco-vede-lincubo-della-serie-b\/","title":{"rendered":"IL LECCE TROVA UNA SORPRESA AMARISSIMA NELL&#8217;UOVO DI PASQUA E NEL BUCO &#8216;VEDE&#8217; L&#8217;INCUBO DELLA SERIE B"},"content":{"rendered":"\n<p><img decoding=\"async\" loading=\"lazy\" width=\"512\" height=\"640\" class=\"wp-image-242169\" style=\"width: 1500px;\" src=\"https:\/\/www.leccecronaca.it\/wordpress\/wp-content\/uploads\/2025\/04\/contestazione.jpg\" alt=\"\" srcset=\"https:\/\/www.leccecronaca.it\/wordpress\/wp-content\/uploads\/2025\/04\/contestazione.jpg 512w, https:\/\/www.leccecronaca.it\/wordpress\/wp-content\/uploads\/2025\/04\/contestazione-240x300.jpg 240w\" sizes=\"(max-width: 512px) 100vw, 512px\" \/><\/p>\n\n\n\n<p>(Rdl) ___________ Pomeriggio di vigilia di Pasqua e di passione, a spalti gremiti da presenze record, in un Via del Mare inondato dalla primavera che pare finalmente arrivata, scusate il ritardo.<\/p>\n\n\n\n<p><\/p>\n\n\n\n<p><img decoding=\"async\" loading=\"lazy\" width=\"1612\" height=\"692\" class=\"wp-image-242161\" style=\"width: 800px;\" src=\"https:\/\/www.leccecronaca.it\/wordpress\/wp-content\/uploads\/2025\/04\/primavera.jpg\" alt=\"\" srcset=\"https:\/\/www.leccecronaca.it\/wordpress\/wp-content\/uploads\/2025\/04\/primavera.jpg 1612w, https:\/\/www.leccecronaca.it\/wordpress\/wp-content\/uploads\/2025\/04\/primavera-300x129.jpg 300w, https:\/\/www.leccecronaca.it\/wordpress\/wp-content\/uploads\/2025\/04\/primavera-1024x440.jpg 1024w, https:\/\/www.leccecronaca.it\/wordpress\/wp-content\/uploads\/2025\/04\/primavera-768x330.jpg 768w, https:\/\/www.leccecronaca.it\/wordpress\/wp-content\/uploads\/2025\/04\/primavera-1536x659.jpg 1536w\" sizes=\"(max-width: 1612px) 100vw, 1612px\" \/><\/p>\n\n\n\n<p>In ritardo, con la vittoria, che manca dal 31 gennaio, \u00e8 pure il Lecce, che vuole dare uno scossone alla sua classifica sempre pi\u00f9 deficitaria: di fronte il Como, che dopo aver conquistato la salvezza virtualmente, ora vuole raggiungerla matematicamente.<\/p>\n\n\n\n<p>Trecento tifosi lariani in trasferta, nel prepartita turisti per caso.<\/p>\n\n\n\n<p><img decoding=\"async\" loading=\"lazy\" width=\"526\" height=\"935\" class=\"wp-image-242160\" style=\"width: 800px;\" src=\"https:\/\/www.leccecronaca.it\/wordpress\/wp-content\/uploads\/2025\/04\/491938288_1439455450351479_1134335388108606707_n.jpg\" alt=\"\" srcset=\"https:\/\/www.leccecronaca.it\/wordpress\/wp-content\/uploads\/2025\/04\/491938288_1439455450351479_1134335388108606707_n.jpg 526w, https:\/\/www.leccecronaca.it\/wordpress\/wp-content\/uploads\/2025\/04\/491938288_1439455450351479_1134335388108606707_n-169x300.jpg 169w\" sizes=\"(max-width: 526px) 100vw, 526px\" \/><\/p>\n\n\n\n<p><\/p>\n\n\n\n<p>Agli ordini del signor Simone Sozza di Seregno, in campo vanno, secondo le scelte fatte da Marco Giampaolo e da Cesc Fabregas:<\/p>\n\n\n\n<p>Falcone \u2013 Veiga, Gaspar, Baschirotto, Gallo \u2013 Helgason, Ramadani, Coulibaly \u2013 Morente, Krstovic, Pierotti.&nbsp;<\/p>\n\n\n\n<p>Butez \u2013 Vojvoda, Kempf, Goldaniga, Alex Valle \u2013 Perrone, Da Cunha \u2013 Ikon\u00e8, Paz, Diao \u2013 Douvikas.<\/p>\n\n\n\n<p><\/p>\n\n\n\n<p>Il primo quarto d&#8217;ora vede il predominio del Como, con un possesso palla avvolgente che conquista quattro calci d&#8217;angolo e conclude una volta in maniera pericolosa: decisivo Falcone a togliere dall&#8217;incrocio dei pali il tiro di Paz.<\/p>\n\n\n\n<p>Il Lecce conclude con Krstovic al 2&#8242; e al 7&#8242;: la prima volta \u00e8 facile la parata di Butez, la seconda \u00e8 tutto reso inutile da una posizione di fuorigioco.<\/p>\n\n\n\n<p>Al 16&#8242; conclusione improvvisa e precisa di Morente, bravo Butez a deviare in angolo, come pure un minuto dopo su conclusione di Helgason.<\/p>\n\n\n\n<p>Insomma, dopo una prima fase di sofferenza, ora i padroni di casa sembrano in crescita, concedendo di meno agli avversari e giocando con pi\u00f9 convinzione: partita equilibrata, bella, un attacco da una parte e un attacco dall&#8217;altra<\/p>\n\n\n\n<p><\/p>\n\n\n\n<p>Di poco alta una conclusione di Perrone alla mezz&#8217;ora.<\/p>\n\n\n\n<p>Due minuti dopo azione corale degli ospiti, passaggio filtrante di Ikon\u00e8 a Douvikas e diagonale dell&#8217;attaccante, che fa la barba al palo.<\/p>\n\n\n\n<p>Alla nuova, bella azione corale che con facilit\u00e0 e velocit\u00e0 mette l&#8217;uomo davanti al portiere, il Como passa.<\/p>\n\n\n\n<p>Lancio filtrante di Paz per Diao, che solo davanti a Falcone non sbaglia. Il gol viene annullato sul momento dall&#8217;arbitro per fuorigioco, ma poi il controllo Var ne sancisce la regolarit\u00e0. 33&#8242;. <strong>0 &#8211; 1. <\/strong><\/p>\n\n\n\n<p><\/p>\n\n\n\n<p>La reazione dei padroni di casa sta sei minuti dopo in un tiro di Morente, centrale, parato con facilit\u00e0.<\/p>\n\n\n\n<p>Si fa male Valle, sostituito da Moreno, il gioco subisce una lunga interruzione, compreso il controllo Var di prima sono giusti e anzi difettano i quattro minuti di recupero parziale.<\/p>\n\n\n\n<p>Morente conclude sul primo palo, da posizione difficile, altra deviazione in calcio d&#8217;angolo da Butez.<\/p>\n\n\n\n<p>Poi nervosismo in campo, con l&#8217;arbitro che prova a placarlo, ammonendo Ikon\u00e8 e Krstovic, i due protagonisti del parapiglia che si era scatenato.<\/p>\n\n\n\n<p>Nel nervosimo generale e fra i fischi dei tifosi giallorossi, che avevano gi\u00e0 cominciato a contestare la dirigenza, Pantaleo Corvino in primis, con uno striscione e cori contro, e che ora manifestano aperto e rumoroso dissenso, squadre al riposo, dopo sei minuti extra.<\/p>\n\n\n\n<p><\/p>\n\n\n\n<p>La ripresa comincia con evidente tensione, adesso episodio fra le panchine, cos\u00ec come era finito il  primo tempo. La novit\u00e0 \u00e8 Berisha al posto di Coulibaly, decisa da Marco Giampaolo, che pare nervoso anch&#8217;egli nella sua area tecnica, anche se ai suoi predica calma.<\/p>\n\n\n\n<p>Helgason finisce a terra in area, proteste giallorosse, ma nessuna decisione, n\u00e8 dell&#8217;arbitro, n\u00e8 del Var.<\/p>\n\n\n\n<p>Continua il bel possesso in velocit\u00e0 degli ospiti, Giampaolo corre ai ripari sostituendo Helgason e Pierotti con N&#8217;Dri e Pierret.<\/p>\n\n\n\n<p>Gaspar, smarcato in area da una punizione ben calciata da Berisha, appare impacciato nella conclusione. Senza esito un altro calcio d&#8217;angolo conquistato dai padroni di casa. Per\u00f2 sempre troppo poco per poter riprendere in mano le redini della partita. Mezz&#8217;ora pi\u00f9 recupero al termine.<\/p>\n\n\n\n<p>Con la forza della disperazione, il Lecce in avanti, Butez disinnesca deviandola in corner una conclusione pericolosa a giro da fuori area di Morente.<\/p>\n\n\n\n<p>Nuove proteste dei padroni di casa per un contrasto in area subito da Krstovic, nuova intensa fase di nervosismo, si sfiora la rissa fra i giocatori, controllo Var senza esito.<\/p>\n\n\n\n<p>Da una parte entra Banda al posto di Morente, dall&#8217;altra Strefezza, grande ex di turno, accolto dallo stadio con un applauso convinto, al posto di Ikon\u00e8.<\/p>\n\n\n\n<p>Minuto 71. Azione dirompente di N&#8217;Dri che salta due uomini e poi tocca con il sinistro: Butez respinge in corner.<\/p>\n\n\n\n<p>Cartellino giallo per Perrone che atterra Berisha, niente di fatto nella punizione susseguente.<\/p>\n\n\n\n<p>Un quarto d&#8217;ora pi\u00f9 recupero al termine.<\/p>\n\n\n\n<p>Ospiti in fase di controllo che non corrono pericoli, padroni di casa ora sottotono.<\/p>\n\n\n\n<p>Entra fra i fischi Rebic, al posto di Ramadani, Giampalo si gioca il tutto per tutto con una squadra sbilanciata in avanti, dieci minuti pi\u00f9 recupero al termine.<\/p>\n\n\n\n<p>Tre cambi in contemporanea per il Como, che guadagna minuti e forze nuove verso il traguardo.<\/p>\n\n\n\n<p>Ammonito Berisha, che, diffidato, come Krstovic salter\u00e0 la prossima trasferta gi\u00e0 di per s\u00e8 difficile a Bergamo.<\/p>\n\n\n\n<p>Poi il Como raddoppia. \u00a0Punizione di Da Cunha sul secondo palo, colpo di testa di Goldaniga che non lascia scampo al portiere. <strong>84&#8242;. 0 &#8211; 2.<\/strong><\/p>\n\n\n\n<p>I tifosi giallorossi cominciano a sfollare, quelli che rimangono iniziano una nuova contestazione a colpi di cori durissimi contro la societ\u00e0 e in particolare Panteleo Corvino.<\/p>\n\n\n\n<p>Gli ospiti sempre pericolosi, Gabrielloni conclude bene da fuori area e per poco non sorprende Falcone, Banda invece conclude male da buona posizione.<\/p>\n\n\n\n<p>Allo scadere terzo gol del Como. Diao, tiro vincente su assist di Strefezza. 90&#8242;. <strong>0 &#8211; 3<\/strong>.<\/p>\n\n\n\n<p>Finisce nel peggiore dei modi per il Lecce, che esce sconfitto meritatamente da un Como nettamente superiore in qualit\u00e0 e quantit\u00e0. Ora il cammino verso la salvezza diventa difficilissimo, una missione disperata, anzi.<\/p>\n\n\n\n<p> <\/p>\n\n\n\n<p> <\/p>\n\n\n\n<p><\/p>\n\n\n\n<p><\/p>\n\n\n\n<p><\/p>\n<fb:like href='https:\/\/www.leccecronaca.it\/index.php\/2025\/04\/19\/il-lecce-trova-una-sorpresa-amarissima-nelluovo-di-pasqua-e-nel-buco-vede-lincubo-della-serie-b\/' send='true' layout='button_count' show_faces='true' width='450' height='65' action='recommend' colorscheme='light' font='lucida grande'><\/fb:like><span class=\"fb_share\"><fb:like href=\"https:\/\/www.leccecronaca.it\/index.php\/2025\/04\/19\/il-lecce-trova-una-sorpresa-amarissima-nelluovo-di-pasqua-e-nel-buco-vede-lincubo-della-serie-b\/\" layout=\"button_count\"><\/fb:like><\/span>","protected":false},"excerpt":{"rendered":"<p>(Rdl) ___________ Pomeriggio di vigilia di Pasqua e di passione, a spalti gremiti da presenze record, in un Via del Mare inondato dalla primavera che pare finalmente arrivata, scusate il ritardo. In ritardo, con la vittoria, che manca dal 31 gennaio, \u00e8 pure il Lecce, che vuole dare uno scossone alla sua classifica sempre pi\u00f9 [&hellip;]<\/p>\n","protected":false},"author":4,"featured_media":242169,"comment_status":"open","ping_status":"closed","sticky":false,"template":"","format":"standard","meta":[],"categories":[28],"tags":[],"_links":{"self":[{"href":"https:\/\/www.leccecronaca.it\/index.php\/wp-json\/wp\/v2\/posts\/242154"}],"collection":[{"href":"https:\/\/www.leccecronaca.it\/index.php\/wp-json\/wp\/v2\/posts"}],"about":[{"href":"https:\/\/www.leccecronaca.it\/index.php\/wp-json\/wp\/v2\/types\/post"}],"author":[{"embeddable":true,"href":"https:\/\/www.leccecronaca.it\/index.php\/wp-json\/wp\/v2\/users\/4"}],"replies":[{"embeddable":true,"href":"https:\/\/www.leccecronaca.it\/index.php\/wp-json\/wp\/v2\/comments?post=242154"}],"version-history":[{"count":3,"href":"https:\/\/www.leccecronaca.it\/index.php\/wp-json\/wp\/v2\/posts\/242154\/revisions"}],"predecessor-version":[{"id":242170,"href":"https:\/\/www.leccecronaca.it\/index.php\/wp-json\/wp\/v2\/posts\/242154\/revisions\/242170"}],"wp:featuredmedia":[{"embeddable":true,"href":"https:\/\/www.leccecronaca.it\/index.php\/wp-json\/wp\/v2\/media\/242169"}],"wp:attachment":[{"href":"https:\/\/www.leccecronaca.it\/index.php\/wp-json\/wp\/v2\/media?parent=242154"}],"wp:term":[{"taxonomy":"category","embeddable":true,"href":"https:\/\/www.leccecronaca.it\/index.php\/wp-json\/wp\/v2\/categories?post=242154"},{"taxonomy":"post_tag","embeddable":true,"href":"https:\/\/www.leccecronaca.it\/index.php\/wp-json\/wp\/v2\/tags?post=242154"}],"curies":[{"name":"wp","href":"https:\/\/api.w.org\/{rel}","templated":true}]}}