{"id":242187,"date":"2025-04-20T13:59:54","date_gmt":"2025-04-20T11:59:54","guid":{"rendered":"https:\/\/www.leccecronaca.it\/?p=242187"},"modified":"2025-04-20T13:59:58","modified_gmt":"2025-04-20T11:59:58","slug":"tornate-a-sperare-che-le-guerre-finiscano-e-lui-le-ricorda-tutte-una-per-una-poi-tuona-contro-la-corsa-alle-armi-nel-giorno-della-pasqua-condivisa-tra-cattolici-e-ortodossi-langelus-di-pa","status":"publish","type":"post","link":"https:\/\/www.leccecronaca.it\/index.php\/2025\/04\/20\/tornate-a-sperare-che-le-guerre-finiscano-e-lui-le-ricorda-tutte-una-per-una-poi-tuona-contro-la-corsa-alle-armi-nel-giorno-della-pasqua-condivisa-tra-cattolici-e-ortodossi-langelus-di-pa\/","title":{"rendered":"&#8216;TORNATE A SPERARE CHE LE GUERRE FINISCANO&#8217; E LUI LE RICORDA TUTTE UNA PER UNA. POI &#8216;TUONA&#8217; CONTRO LA CORSA ALLE ARMI. NEL GIORNO DELLA PASQUA CONDIVISA TRA CATTOLICI E ORTODOSSI, L&#8217;ANGELUS DI PAPA FRANCESCO"},"content":{"rendered":"\n<p><img decoding=\"async\" loading=\"lazy\" width=\"500\" height=\"281\" class=\"wp-image-242188\" style=\"width: 1500px;\" src=\"https:\/\/www.leccecronaca.it\/wordpress\/wp-content\/uploads\/2025\/04\/POPE.jpeg\" alt=\"\" srcset=\"https:\/\/www.leccecronaca.it\/wordpress\/wp-content\/uploads\/2025\/04\/POPE.jpeg 500w, https:\/\/www.leccecronaca.it\/wordpress\/wp-content\/uploads\/2025\/04\/POPE-300x169.jpeg 300w\" sizes=\"(max-width: 500px) 100vw, 500px\" \/><\/p>\n\n\n\n<p><\/p>\n\n\n\n<p>(Rdl) ___________ FONTE: Sala stampa Vaticano _________<\/p>\n\n\n\n<p>Alle ore 10.30 di questa mattina, Domenica di Pasqua nella Risurrezione del Signore, l\u2019Em.mo Card. Angelo Comastri, Delegato del Santo Padre, ha presieduto, sul sagrato della Basilica Vaticana, la solenne celebrazione della Messa del giorno.<\/p>\n\n\n\n<p>Alla Celebrazione, che ha avuto inizio con il rito del \u201cResurrexit\u201d, hanno preso parte fedeli romani e pellegrini provenienti da ogni parte del mondo in occasione delle feste pasquali e del Giubileo.<\/p>\n\n\n\n<p>E&#8217; stata letta l\u2019omelia preparata dal Santo Padre Francesco.<\/p>\n\n\n\n<p><\/p>\n\n\n\n<p>Alle ore 12, dalla Loggia Centrale della Basilica di San Pietro, il Santo Padre Francesco ha rivolto ai fedeli presenti in piazza San Pietro e a quanti lo ascoltavano attraverso la radio, la televisione e gli altri mezzi di comunicazione il Messaggio Pasquale di cui ha dato lettura S.E. Mons. Diego Ravelli, Maestro delle Celebrazioni Liturgiche Pontificie.<\/p>\n\n\n\n<p>Ha poi impartito la solenne benedizione  \u201cUrbi et Orbi\u201d, alla citt\u00e0 di Roma e al mondo intero.<\/p>\n\n\n\n<p>Qui di seguito il testo completo dell&#8217;Angelus:<\/p>\n\n\n\n<p><\/p>\n\n\n\n<p><\/p>\n\n\n\n<p>Cristo \u00e8 risorto, alleluia!<\/p>\n\n\n\n<p>Fratelli e sorelle, buona Pasqua!<\/p>\n\n\n\n<p>Oggi nella Chiesa finalmente risuona l\u2019alleluia, riecheggia di bocca in bocca, da cuore a cuore, e il suo canto fa piangere di gioia il popolo di Dio nel mondo intero.<\/p>\n\n\n\n<p>Dal sepolcro vuoto di Gerusalemme giunge fino a noi l\u2019annuncio inaudito: Ges\u00f9, il Crocifisso, \u00abnon \u00e8 qui, \u00e8 risorto\u00bb (<em>Lc<\/em>&nbsp;24,6). Non \u00e8 nella tomba, \u00e8 il vivente!<\/p>\n\n\n\n<p>L\u2019amore ha vinto l\u2019odio. La luce ha vinto le tenebre. La verit\u00e0 ha vinto la menzogna. Il perdono ha vinto la vendetta. Il male non \u00e8 scomparso dalla nostra storia, rimarr\u00e0 fino alla fine, ma non ha pi\u00f9 il dominio, non ha pi\u00f9 potere su chi accoglie la grazia di questo giorno.<\/p>\n\n\n\n<p>Sorelle e fratelli, specialmente voi che siete nel dolore e nell\u2019angoscia, il vostro grido silenzioso \u00e8 stato ascoltato, le vostre lacrime sono state raccolte, nemmeno una \u00e8 andata perduta! Nella passione e nella morte di Ges\u00f9, Dio ha preso su di s\u00e9 tutto il male del mondo e con la sua infinita misericordia l\u2019ha sconfitto: ha sradicato l\u2019orgoglio diabolico che avvelena il cuore dell\u2019uomo e semina ovunque violenza e corruzione. L\u2019Agnello di Dio ha vinto! Per questo oggi esclamiamo: \u00abCristo, mia speranza, \u00e8 risorto!\u00bb <\/p>\n\n\n\n<p>S\u00ec, la risurrezione di Ges\u00f9 \u00e8 il fondamento della speranza: a partire da questo avvenimento, sperare non \u00e8 pi\u00f9 un\u2019illusione. No. Grazie a Cristo crocifisso e risorto, la speranza non delude!&nbsp;<em>Spes non confundit!<\/em>&nbsp;(cfr&nbsp;<em>Rm<\/em>&nbsp;5,5). E non \u00e8 una speranza evasiva, ma impegnativa; non \u00e8 alienante, ma responsabilizzante.<\/p>\n\n\n\n<p>Quanti sperano in Dio pongono le loro fragili mani nella sua mano grande e forte, si lasciano rialzare e si mettono in cammino: insieme con Ges\u00f9 risorto diventano pellegrini di speranza, testimoni della vittoria dell\u2019Amore, della potenza disarmata della Vita.<\/p>\n\n\n\n<p>Cristo \u00e8 risorto! In questo annuncio \u00e8 racchiuso tutto il senso della nostra esistenza, che non \u00e8 fatta per la morte ma per la vita. La Pasqua \u00e8 la festa della vita! Dio ci ha creati per la vita e vuole che l\u2019umanit\u00e0 risorga! Ai suoi occhi ogni vita \u00e8 preziosa! Quella del bambino nel grembo di sua madre, come quella dell\u2019anziano o del malato, considerati in un numero crescente di Paesi come persone da scartare.<\/p>\n\n\n\n<p>Quanta volont\u00e0 di morte vediamo ogni giorno nei tanti conflitti che interessano diverse parti del mondo! Quanta violenza vediamo spesso anche nelle famiglie, nei confronti delle donne o dei bambini! Quanto disprezzo si nutre a volte verso i pi\u00f9 deboli, gli emarginati, i migranti!<\/p>\n\n\n\n<p>In questo giorno, vorrei che tornassimo a sperare e ad avere fiducia negli altri, anche in chi non ci \u00e8 vicino o proviene da terre lontane con usi, modi di vivere, idee, costumi diversi da quelli a noi pi\u00f9 familiari, poich\u00e9 siamo tutti figli di Dio!<\/p>\n\n\n\n<p>Vorrei che tornassimo a sperare che la pace \u00e8 possibile! Dal Santo Sepolcro, Chiesa della Risurrezione, dove quest\u2019anno la Pasqua \u00e8 celebrata nello stesso giorno da cattolici e ortodossi, s\u2019irradi la luce della pace su tutta la Terra Santa e sul mondo intero. Sono vicino alle sofferenze dei cristiani in Palestina e in Israele, cos\u00ec come a tutto il popolo israeliano e a tutto il popolo palestinese. Preoccupa il crescente clima di antisemitismo che si va diffondendo in tutto il mondo. In pari tempo, il mio pensiero va alla popolazione e in modo particolare alla comunit\u00e0 cristiana di Gaza, dove il terribile conflitto continua a generare morte e distruzione e a provocare una drammatica e ignobile situazione umanitaria. Faccio appello alle parti belligeranti: cessate il fuoco, si liberino gli ostaggi e si presti aiuto alla gente, che ha fame e che aspira ad un futuro di pace!<\/p>\n\n\n\n<p>Preghiamo per le comunit\u00e0 cristiane in Libano e in Siria che, mentre quest\u2019ultimo Paese sperimenta un passaggio delicato della sua storia, ambiscono alla stabilit\u00e0 e alla partecipazione alle sorti delle rispettive Nazioni. Esorto tutta la Chiesa ad accompagnare con l\u2019attenzione e con la preghiera i cristiani dell\u2019amato Medio Oriente.<\/p>\n\n\n\n<p>Un pensiero speciale rivolgo anche al popolo dello Yemen, che sta vivendo una delle peggiori crisi umanitarie \u201cprolungate\u201d del mondo a causa della guerra, e invito tutti a trovare soluzioni attraverso un dialogo costruttivo.<\/p>\n\n\n\n<p>Cristo Risorto effonda il dono pasquale della pace sulla martoriata Ucraina e incoraggi tutti gli attori coinvolti a proseguire gli sforzi volti a raggiungere una pace giusta e duratura.<\/p>\n\n\n\n<p>In questo giorno di festa pensiamo al Caucaso Meridionale e preghiamo affinch\u00e9 si giunga presto alla firma e all\u2019attuazione di un definitivo Accordo di pace tra l\u2019Armenia e l\u2019Azerbaigian, che conduca alla tanto desiderata riconciliazione nella Regione.<\/p>\n\n\n\n<p>La luce della Pasqua ispiri propositi di concordia nei Balcani occidentali e sostenga gli attori politici nell\u2019adoperarsi per evitare l\u2019acuirsi di tensioni e crisi, come pure i&nbsp;<em>partner<\/em>&nbsp;della Regione nel respingere comportamenti pericolosi e destabilizzanti.<\/p>\n\n\n\n<p>Cristo Risorto, nostra speranza, conceda pace e conforto alle popolazioni africane vittime di violenze e conflitti, soprattutto nella Repubblica Democratica del Congo, in Sudan e Sud Sudan, e sostenga quanti soffrono a causa delle tensioni nel Sahel, nel Corno d\u2019Africa e nella Regione dei Grandi Laghi, come pure i cristiani che in molti luoghi non possono professare liberamente la loro fede.<\/p>\n\n\n\n<p>Nessuna pace \u00e8 possibile laddove non c\u2019\u00e8 libert\u00e0 religiosa o dove non c\u2019\u00e8 libert\u00e0 di pensiero e di parola e il rispetto delle opinioni altrui.<\/p>\n\n\n\n<p>Nessuna pace \u00e8 possibile senza un vero disarmo! L\u2019esigenza che ogni popolo ha di provvedere alla propria difesa non pu\u00f2 trasformarsi in una corsa generale al riarmo. La luce della Pasqua ci sprona ad abbattere le barriere che creano divisioni e sono gravide di conseguenze politiche ed economiche. Ci sprona a prenderci cura gli uni degli altri, ad accrescere la solidariet\u00e0 reciproca, ad adoperarci per favorire lo sviluppo integrale di ogni persona umana.<\/p>\n\n\n\n<p>In questo tempo non manchi il nostro aiuto al popolo birmano, gi\u00e0 tormentato da anni di conflitto armato, che affronta con coraggio e pazienza le conseguenze del devastante terremoto a Sagaing, causa di morte per migliaia di persone e motivo di sofferenza per moltissimi sopravvissuti, tra cui orfani e anziani. Preghiamo per le vittime e per i loro cari e ringraziamo di cuore tutti i generosi volontari che svolgono le attivit\u00e0 di soccorso. L\u2019annuncio del cessate-il-fuoco da parte di vari attori nel Paese \u00e8 un segno di speranza per tutto il Myanmar.<\/p>\n\n\n\n<p>Faccio appello a tutti quanti nel mondo hanno responsabilit\u00e0 politiche a non cedere alla logica della paura che chiude, ma a usare le risorse a disposizione per aiutare i bisognosi, combattere la fame e favorire iniziative che promuovano lo sviluppo. Sono queste le \u201carmi\u201d della pace: quelle che costruiscono il futuro, invece di seminare morte!<\/p>\n\n\n\n<p>Non venga mai meno il principio di umanit\u00e0 come cardine del nostro agire quotidiano. Davanti alla crudelt\u00e0 di conflitti che coinvolgono civili inermi, attaccano scuole e ospedali e operatori umanitari, non possiamo permetterci di dimenticare che non vengono colpiti bersagli, ma persone con un\u2019anima e una dignit\u00e0.<\/p>\n\n\n\n<p>E in quest\u2019anno giubilare, la Pasqua sia anche l\u2019occasione propizia per liberare i prigionieri di guerra e quelli politici!<\/p>\n\n\n\n<p>Cari fratelli e sorelle,<\/p>\n\n\n\n<p>nella Pasqua del Signore, la morte e la vita si sono affrontate in un prodigioso duello, ma il Signore ora vive per sempre e ci infonde la certezza che anche noi siamo chiamati a partecipare alla vita che non conosce tramonto, in cui non si udranno pi\u00f9 fragori di armi ed echi di morte. Affidiamoci a Lui che solo pu\u00f2 far nuove tutte le cose (cfr\u00a0<em>Ap<\/em>\u00a021,5)!<\/p>\n\n\n\n<p>Buona Pasqua a tutti!<\/p>\n<fb:like href='https:\/\/www.leccecronaca.it\/index.php\/2025\/04\/20\/tornate-a-sperare-che-le-guerre-finiscano-e-lui-le-ricorda-tutte-una-per-una-poi-tuona-contro-la-corsa-alle-armi-nel-giorno-della-pasqua-condivisa-tra-cattolici-e-ortodossi-langelus-di-pa\/' send='true' layout='button_count' show_faces='true' width='450' height='65' action='recommend' colorscheme='light' font='lucida grande'><\/fb:like><span class=\"fb_share\"><fb:like href=\"https:\/\/www.leccecronaca.it\/index.php\/2025\/04\/20\/tornate-a-sperare-che-le-guerre-finiscano-e-lui-le-ricorda-tutte-una-per-una-poi-tuona-contro-la-corsa-alle-armi-nel-giorno-della-pasqua-condivisa-tra-cattolici-e-ortodossi-langelus-di-pa\/\" layout=\"button_count\"><\/fb:like><\/span>","protected":false},"excerpt":{"rendered":"<p>(Rdl) ___________ FONTE: Sala stampa Vaticano _________ Alle ore 10.30 di questa mattina, Domenica di Pasqua nella Risurrezione del Signore, l\u2019Em.mo Card. Angelo Comastri, Delegato del Santo Padre, ha presieduto, sul sagrato della Basilica Vaticana, la solenne celebrazione della Messa del giorno. Alla Celebrazione, che ha avuto inizio con il rito del \u201cResurrexit\u201d, hanno preso [&hellip;]<\/p>\n","protected":false},"author":4,"featured_media":242188,"comment_status":"open","ping_status":"closed","sticky":false,"template":"","format":"standard","meta":[],"categories":[69,76],"tags":[],"_links":{"self":[{"href":"https:\/\/www.leccecronaca.it\/index.php\/wp-json\/wp\/v2\/posts\/242187"}],"collection":[{"href":"https:\/\/www.leccecronaca.it\/index.php\/wp-json\/wp\/v2\/posts"}],"about":[{"href":"https:\/\/www.leccecronaca.it\/index.php\/wp-json\/wp\/v2\/types\/post"}],"author":[{"embeddable":true,"href":"https:\/\/www.leccecronaca.it\/index.php\/wp-json\/wp\/v2\/users\/4"}],"replies":[{"embeddable":true,"href":"https:\/\/www.leccecronaca.it\/index.php\/wp-json\/wp\/v2\/comments?post=242187"}],"version-history":[{"count":1,"href":"https:\/\/www.leccecronaca.it\/index.php\/wp-json\/wp\/v2\/posts\/242187\/revisions"}],"predecessor-version":[{"id":242189,"href":"https:\/\/www.leccecronaca.it\/index.php\/wp-json\/wp\/v2\/posts\/242187\/revisions\/242189"}],"wp:featuredmedia":[{"embeddable":true,"href":"https:\/\/www.leccecronaca.it\/index.php\/wp-json\/wp\/v2\/media\/242188"}],"wp:attachment":[{"href":"https:\/\/www.leccecronaca.it\/index.php\/wp-json\/wp\/v2\/media?parent=242187"}],"wp:term":[{"taxonomy":"category","embeddable":true,"href":"https:\/\/www.leccecronaca.it\/index.php\/wp-json\/wp\/v2\/categories?post=242187"},{"taxonomy":"post_tag","embeddable":true,"href":"https:\/\/www.leccecronaca.it\/index.php\/wp-json\/wp\/v2\/tags?post=242187"}],"curies":[{"name":"wp","href":"https:\/\/api.w.org\/{rel}","templated":true}]}}