{"id":242345,"date":"2025-04-25T00:02:00","date_gmt":"2025-04-24T22:02:00","guid":{"rendered":"https:\/\/www.leccecronaca.it\/?p=242345"},"modified":"2025-04-24T15:38:10","modified_gmt":"2025-04-24T13:38:10","slug":"sandro-frisullo-presenta-il-suo-nuovo-saggio-di-politica-a-martignano-sabato-26","status":"publish","type":"post","link":"https:\/\/www.leccecronaca.it\/index.php\/2025\/04\/25\/sandro-frisullo-presenta-il-suo-nuovo-saggio-di-politica-a-martignano-sabato-26\/","title":{"rendered":"SANDRO FRISULLO PRESENTA IL SUO NUOVO SAGGIO DI POLITICA A MARTIGNANO SABATO 26"},"content":{"rendered":"\n<p><img decoding=\"async\" loading=\"lazy\" width=\"552\" height=\"748\" class=\"wp-image-242346\" style=\"width: 1500px;\" src=\"https:\/\/www.leccecronaca.it\/wordpress\/wp-content\/uploads\/2025\/04\/FotoAutore_SandroFRISULLO.jpg\" alt=\"\" srcset=\"https:\/\/www.leccecronaca.it\/wordpress\/wp-content\/uploads\/2025\/04\/FotoAutore_SandroFRISULLO.jpg 552w, https:\/\/www.leccecronaca.it\/wordpress\/wp-content\/uploads\/2025\/04\/FotoAutore_SandroFRISULLO-221x300.jpg 221w\" sizes=\"(max-width: 552px) 100vw, 552px\" \/><\/p>\n\n\n\n<p>Note dell&#8217;editore ___________<\/p>\n\n\n\n<p><strong>Sabato 26 aprile 2025 <\/strong>alle ore 18.00 presso la <strong>Sala Consiliare <\/strong>di<strong> Martignano <\/strong>(Via Roma),si svolger\u00e0, la presentazione del nuovo libro di <strong>Sandro Frisullo<\/strong>,il saggio dal titolo \u201c<strong>La Politica. Pensare e agire per trasformare la societ\u00e0<\/strong>\u201dedito da <strong>Edizioni Esperidi<\/strong>. In dialogo con l\u2019autore ci saranno: <strong>Luigino Sergio <\/strong>sindaco di Martignano, <strong>Irene Strazzeri <\/strong>docente Unisalento,<strong> Raffaele Gorgoni<\/strong> giornalista e scrittore.Info: 389 566 1849.<\/p>\n\n\n\n<p><strong>Il libro.<\/strong> \u201cDopo decenni di fiducia acritica nel capitalismo si fa strada una maggiore consapevolezza della necessit\u00e0 della politica per contrastare le conseguenze di una finanziarizzazione dell&#8217;economia a scala globale che concentra le ricchezze, acuisce le disuguaglianze e le ingiustizie sociali, mette in grave sofferenza la democrazia. E oggi, ancor pi\u00f9 di ieri, la politica ha di fronte un compito che appare quasi titanico, come ricostruire una relazione conviviale tra gli uomini, scongiurando che la competizione estrema (l&#8217;affermazione di s\u00e8 con ogni mezzo) faccia saltare ogni mediazione e distrugga le relazioni di fraternit\u00e0 e di solidariet\u00e0. In un momento cos\u00ec drammatico per la storia dell&#8217;umanit\u00e0, la politica \u00e8 chiamata a svolgere la sua funzione nella regolazione delle relazioni internazionali e nella definizione di un nuovo ordine mondiale fondato sul multilateralismo, sulla cooperazione e sulla coesistenza pacifica\u201d. Il libro si articola in due parti, la prima inedita, la seconda contiene una selezione di alcuni articoli pubblicati dall\u2019autore negli ultimi anni sui quotidiani locali e regionali (Il Quotidiano di Lecce, La Gazzetta del Mezzogiorno, Il Corriere del Mezzogiorno, La Repubblica di Bari). Si tratta di un punto di vista sui fatti della politica, della societ\u00e0, dell\u2019economia.<\/p>\n\n\n\n<p><strong>L\u2019autore<\/strong>: <strong>Sandro Frisullo<\/strong> (Castrignano dei Greci, 1955) \u00e8 laureato in Filosofia, \u00e8 stato Segretario Provinciale PCI (1981-1990), Sindaco di Castrignano dei Greci (1985-1994), Consigliere Comunale di Lecce citt\u00e0, Consigliere Provinciale, Consigliere Regionale (1995-2010), Vicepresidente della Giunta Regionale Pugliese (2005-2009). Ha pubblicato: <em>Lo Statuto della Regione Puglia<\/em> (Manni 2004), <em>Oltre il deserto<\/em> (Sandro Frisullo, Valerio Elia e Luciano Sechi, Palomar 2009), <em>Abbracciammo la politica da ragazzi<\/em> (Lupo editore 2016), <em>Da Livorno alla Bolognina<\/em> (Mario Toma, Sandro Frisullo, Spagine 2020), <em>Il popolo senza politica. Rifondare i partiti<\/em> (Spagine Fondo Verri 2022). <\/p>\n\n\n\n<p><img decoding=\"async\" loading=\"lazy\" width=\"1599\" height=\"2212\" class=\"wp-image-242347\" style=\"width: 800px;\" src=\"https:\/\/www.leccecronaca.it\/wordpress\/wp-content\/uploads\/2025\/04\/Copertina_LaPolitica-Frisullo_EdEsperidi.jpg\" alt=\"\" srcset=\"https:\/\/www.leccecronaca.it\/wordpress\/wp-content\/uploads\/2025\/04\/Copertina_LaPolitica-Frisullo_EdEsperidi.jpg 1599w, https:\/\/www.leccecronaca.it\/wordpress\/wp-content\/uploads\/2025\/04\/Copertina_LaPolitica-Frisullo_EdEsperidi-217x300.jpg 217w, https:\/\/www.leccecronaca.it\/wordpress\/wp-content\/uploads\/2025\/04\/Copertina_LaPolitica-Frisullo_EdEsperidi-740x1024.jpg 740w, https:\/\/www.leccecronaca.it\/wordpress\/wp-content\/uploads\/2025\/04\/Copertina_LaPolitica-Frisullo_EdEsperidi-768x1062.jpg 768w, https:\/\/www.leccecronaca.it\/wordpress\/wp-content\/uploads\/2025\/04\/Copertina_LaPolitica-Frisullo_EdEsperidi-1110x1536.jpg 1110w, https:\/\/www.leccecronaca.it\/wordpress\/wp-content\/uploads\/2025\/04\/Copertina_LaPolitica-Frisullo_EdEsperidi-1480x2048.jpg 1480w\" sizes=\"(max-width: 1599px) 100vw, 1599px\" \/><\/p>\n\n\n\n<p><\/p>\n<fb:like href='https:\/\/www.leccecronaca.it\/index.php\/2025\/04\/25\/sandro-frisullo-presenta-il-suo-nuovo-saggio-di-politica-a-martignano-sabato-26\/' send='true' layout='button_count' show_faces='true' width='450' height='65' action='recommend' colorscheme='light' font='lucida grande'><\/fb:like><span class=\"fb_share\"><fb:like href=\"https:\/\/www.leccecronaca.it\/index.php\/2025\/04\/25\/sandro-frisullo-presenta-il-suo-nuovo-saggio-di-politica-a-martignano-sabato-26\/\" layout=\"button_count\"><\/fb:like><\/span>","protected":false},"excerpt":{"rendered":"<p>Note dell&#8217;editore ___________ Sabato 26 aprile 2025 alle ore 18.00 presso la Sala Consiliare di Martignano (Via Roma),si svolger\u00e0, la presentazione del nuovo libro di Sandro Frisullo,il saggio dal titolo \u201cLa Politica. Pensare e agire per trasformare la societ\u00e0\u201dedito da Edizioni Esperidi. In dialogo con l\u2019autore ci saranno: Luigino Sergio sindaco di Martignano, Irene Strazzeri [&hellip;]<\/p>\n","protected":false},"author":4,"featured_media":242346,"comment_status":"open","ping_status":"closed","sticky":false,"template":"","format":"standard","meta":[],"categories":[31,75,57],"tags":[],"_links":{"self":[{"href":"https:\/\/www.leccecronaca.it\/index.php\/wp-json\/wp\/v2\/posts\/242345"}],"collection":[{"href":"https:\/\/www.leccecronaca.it\/index.php\/wp-json\/wp\/v2\/posts"}],"about":[{"href":"https:\/\/www.leccecronaca.it\/index.php\/wp-json\/wp\/v2\/types\/post"}],"author":[{"embeddable":true,"href":"https:\/\/www.leccecronaca.it\/index.php\/wp-json\/wp\/v2\/users\/4"}],"replies":[{"embeddable":true,"href":"https:\/\/www.leccecronaca.it\/index.php\/wp-json\/wp\/v2\/comments?post=242345"}],"version-history":[{"count":1,"href":"https:\/\/www.leccecronaca.it\/index.php\/wp-json\/wp\/v2\/posts\/242345\/revisions"}],"predecessor-version":[{"id":242348,"href":"https:\/\/www.leccecronaca.it\/index.php\/wp-json\/wp\/v2\/posts\/242345\/revisions\/242348"}],"wp:featuredmedia":[{"embeddable":true,"href":"https:\/\/www.leccecronaca.it\/index.php\/wp-json\/wp\/v2\/media\/242346"}],"wp:attachment":[{"href":"https:\/\/www.leccecronaca.it\/index.php\/wp-json\/wp\/v2\/media?parent=242345"}],"wp:term":[{"taxonomy":"category","embeddable":true,"href":"https:\/\/www.leccecronaca.it\/index.php\/wp-json\/wp\/v2\/categories?post=242345"},{"taxonomy":"post_tag","embeddable":true,"href":"https:\/\/www.leccecronaca.it\/index.php\/wp-json\/wp\/v2\/tags?post=242345"}],"curies":[{"name":"wp","href":"https:\/\/api.w.org\/{rel}","templated":true}]}}