{"id":242543,"date":"2025-04-30T15:24:23","date_gmt":"2025-04-30T13:24:23","guid":{"rendered":"https:\/\/www.leccecronaca.it\/?p=242543"},"modified":"2025-05-01T10:59:48","modified_gmt":"2025-05-01T08:59:48","slug":"la-marcia-indietro-del-presidente-della-provincia-stefano-minerva-per-il-convegno-sulla-xylella-a-lecce-prima-da-e-poi-leva-il-patrocinio-posizioni-equivoche-e-cosi-sconfessa-pure-il-suo-vi","status":"publish","type":"post","link":"https:\/\/www.leccecronaca.it\/index.php\/2025\/04\/30\/la-marcia-indietro-del-presidente-della-provincia-stefano-minerva-per-il-convegno-sulla-xylella-a-lecce-prima-da-e-poi-leva-il-patrocinio-posizioni-equivoche-e-cosi-sconfessa-pure-il-suo-vi\/","title":{"rendered":"IL DIETRO-FRONT DEL PRESIDENTE DELLA PROVINCIA STEFANO MINERVA PER IL CONVEGNO XYLELLA A LECCE. PRIMA DA&#8217;, POI LEVA IL PATROCINIO: &#8220;posizioni equivoche&#8221;. COSI&#8217; SCONFESSA PURE IL SUO VICEPRESIDENTE FABIO TARANTINO"},"content":{"rendered":"\n<p><img decoding=\"async\" loading=\"lazy\" width=\"768\" height=\"1024\" class=\"wp-image-242545\" style=\"width: 1500px;\" src=\"https:\/\/www.leccecronaca.it\/wordpress\/wp-content\/uploads\/2025\/04\/Minerva-9.jpg\" alt=\"\" srcset=\"https:\/\/www.leccecronaca.it\/wordpress\/wp-content\/uploads\/2025\/04\/Minerva-9.jpg 768w, https:\/\/www.leccecronaca.it\/wordpress\/wp-content\/uploads\/2025\/04\/Minerva-9-225x300.jpg 225w\" sizes=\"(max-width: 768px) 100vw, 768px\" \/><\/p>\n\n\n\n<p>(g.p.) ___________ E&#8217; stato annunciato ieri, con alcuni post della locandina (foto sotto) su Facebook, dagli organizzatori, senza che, almeno al momento, ci sia stato un loro comunicato stampa al riguardo, il convegno &#8220;Chek up Xylella. Atti Polizia Giudiziaria di Bari e Rivegetazione degli ulivi&#8221;, in programma a Lecce, all&#8217;ex Convitto Palimieri, in piazzetta Carducci, sabato 3 maggio, alle 17.30, fra l&#8217;altro in infelice concomitanza con la partita di calcio del Via del Mare ospite la capolista Napoli.<\/p>\n\n\n\n<p>Si tratta in buona sostanza della tappa leccese del tour informativo intrapreso dall&#8217;Associazione UliVivo in tutta la Puglia, cominciato a Sannicandro di Bari il 2 aprile scorso, di cui avevamo riferito.<\/p>\n\n\n\n<p><\/p>\n\n\n\n<p>Questo pomeriggio, pochi minuti fa, l&#8217;ufficio stampa della Provincia di Lecce ha diffuso tramite mail il seguente comunicato: ________<\/p>\n\n\n\n<p>\u201cLa Xylella ha prodotto negli anni una vera e propria desertificazione del paesaggio nel Salento e ha provocato ingenti danni all\u2019economia di un territorio che, da sempre, \u00e8 vocato all\u2019olivicoltura e i nuovi focolai sono l\u2019evidenza inconfutabile che continua ad avanzare nel territorio pugliese\u201d.<\/p>\n\n\n\n<p>\u201cConfidiamo da sempre nelle indicazioni che arrivano dalla comunit\u00e0 scientifica per organizzare e migliorare le attivit\u00e0 di contenimento e contrasto del batterio, con l\u2019auspicio che possano arrivare al pi\u00f9 presto risultati incoraggianti dai progetti di ricerca attivati. La Provincia di Lecce, come dimostrano le attivit\u00e0 finora svolte, \u00e8 da sempre al fianco della Regione Puglia e del Ministero nelle iniziative di rigenerazione del territorio e accanto alle aziende colpite che sono in attesa dei ristori\u201d.<\/p>\n\n\n\n<p>\u00c8 il commento di&nbsp;<strong>Stefano Minerva<\/strong> (foto sopra, ndr), presidente della Provincia di Lecce che, nella mattinata odierna, ha provveduto, alla luce delle equivoche posizioni degli organizzatori del convegno \u201cChek-UP Xylella\u201d, emerse peraltro solo in una fase successiva, a revocare la concessione del patrocinio della Provincia di Lecce che era stato conferito d\u2019ufficio, nel rispetto di un vigente regolamento.<\/p>\n\n\n\n<p>\u201cCome accaduto sinora, rilanciamo il nostro impegno a continuare ad essere interlocutori di coordinamento o di supporto a mondo scientifico, istituzioni, enti del territorio e associazioni di categoria, nelle azioni di contrasto al batterio e in quelle di recupero e valorizzazione del paesaggio salentino\u201d, conclude il presidente&nbsp;<strong>Minerva.<\/strong><\/p>\n\n\n\n<p>Lecce, 30 aprile 2025 __________<\/p>\n\n\n\n<p><\/p>\n\n\n\n<p>Fin qui il presidente Minerva, che, quindi, prima ha dato, poi ha levato, il Patrocinio dell&#8217;Ente.<\/p>\n\n\n\n<p>Non solo. Solo ora definisce &#8220;equivoche&#8221; le posizioni degli organizzatori del convegno e ribadisce la sua fede nella &#8220;comunit\u00e0 scientifica&#8221;.<\/p>\n\n\n\n<p>Peccato che fra i relatori del convegno ci siano illustri scienziati, massimi esperti e qualificate personalit\u00e0.<\/p>\n\n\n\n<p>Peccato che, fra i politici, ci sia anche il suo vicepresidente dell&#8217;Ente Fabio Tarantino.<\/p>\n\n\n\n<p>Peccato proprio. Dopo anni di polemiche infinite e di scontro muro contro muro, poteva essere un primo momento istituzionale di dialogo e di confronto. Ancora troppo presto: chi non vuole sentire continuer\u00e0 a  fingersi sordo e continuer\u00e0 a chiudere gli occhi, pure di fronte alle evidenze, ai dati di fatto, alla verit\u00e0.<\/p>\n\n\n\n<p><\/p>\n\n\n\n<p><img decoding=\"async\" loading=\"lazy\" width=\"504\" height=\"720\" class=\"wp-image-242544\" style=\"width: 800px;\" src=\"https:\/\/www.leccecronaca.it\/wordpress\/wp-content\/uploads\/2025\/04\/ivanogioffreda.jpg\" alt=\"\" srcset=\"https:\/\/www.leccecronaca.it\/wordpress\/wp-content\/uploads\/2025\/04\/ivanogioffreda.jpg 504w, https:\/\/www.leccecronaca.it\/wordpress\/wp-content\/uploads\/2025\/04\/ivanogioffreda-210x300.jpg 210w\" sizes=\"(max-width: 504px) 100vw, 504px\" \/><\/p>\n\n\n\n<p>____________<\/p>\n\n\n\n<p>L&#8217;APPROFONDIMENTO nei nostri articoli del 2 e del 28 aprile scorsi<\/p>\n\n\n\n<figure class=\"wp-block-embed is-type-wp-embed is-provider-leccecronaca-it wp-block-embed-leccecronaca-it\"><div class=\"wp-block-embed__wrapper\">\n<blockquote class=\"wp-embedded-content\" data-secret=\"q7Gm8YcJLu\"><a href=\"https:\/\/www.leccecronaca.it\/index.php\/2025\/04\/02\/il-convegno-di-sannicandro-dal-vaso-di-pandora-della-frode-spunta-finalmente-la-verita-sulla-xyllella\/\">IL CONVEGNO DI SANNICANDRO \/ DAL VASO DI PANDORA DELLA FRODE, SPUNTA FINALMENTE LA VERITA&#8217; SULLA XYLELLA<\/a><\/blockquote><iframe class=\"wp-embedded-content\" sandbox=\"allow-scripts\" security=\"restricted\" style=\"position: absolute; clip: rect(1px, 1px, 1px, 1px);\" title=\"&#8220;IL CONVEGNO DI SANNICANDRO \/ DAL VASO DI PANDORA DELLA FRODE, SPUNTA FINALMENTE LA VERITA&#8217; SULLA XYLELLA&#8221; &#8212; LecceCronaca.it\" src=\"https:\/\/www.leccecronaca.it\/index.php\/2025\/04\/02\/il-convegno-di-sannicandro-dal-vaso-di-pandora-della-frode-spunta-finalmente-la-verita-sulla-xyllella\/embed\/#?secret=jh6uEyTFIq#?secret=q7Gm8YcJLu\" data-secret=\"q7Gm8YcJLu\" width=\"500\" height=\"282\" frameborder=\"0\" marginwidth=\"0\" marginheight=\"0\" scrolling=\"no\"><\/iframe>\n<\/div><\/figure>\n\n\n\n<figure class=\"wp-block-embed is-type-wp-embed is-provider-leccecronaca-it wp-block-embed-leccecronaca-it\"><div class=\"wp-block-embed__wrapper\">\n<blockquote class=\"wp-embedded-content\" data-secret=\"57pks2HTQ9\"><a href=\"https:\/\/www.leccecronaca.it\/index.php\/2025\/04\/28\/operazione-xylella-le-associazioni-mandano-gli-atti-della-polizia-giudiziaria-in-regione-e-parlamento-2\/\">\u201cOperazione Xylella\u201d,\u00a0LE ASSOCIAZIONI MANDANO GLI ATTI DELLA POLIZIA GIUDIZIARIA IN REGIONE E PARLAMENTO<\/a><\/blockquote><iframe class=\"wp-embedded-content\" sandbox=\"allow-scripts\" security=\"restricted\" style=\"position: absolute; clip: rect(1px, 1px, 1px, 1px);\" title=\"&#8220;\u201cOperazione Xylella\u201d,\u00a0LE ASSOCIAZIONI MANDANO GLI ATTI DELLA POLIZIA GIUDIZIARIA IN REGIONE E PARLAMENTO&#8221; &#8212; LecceCronaca.it\" src=\"https:\/\/www.leccecronaca.it\/index.php\/2025\/04\/28\/operazione-xylella-le-associazioni-mandano-gli-atti-della-polizia-giudiziaria-in-regione-e-parlamento-2\/embed\/#?secret=0fIUU82fRI#?secret=57pks2HTQ9\" data-secret=\"57pks2HTQ9\" width=\"500\" height=\"282\" frameborder=\"0\" marginwidth=\"0\" marginheight=\"0\" scrolling=\"no\"><\/iframe>\n<\/div><\/figure>\n<fb:like href='https:\/\/www.leccecronaca.it\/index.php\/2025\/04\/30\/la-marcia-indietro-del-presidente-della-provincia-stefano-minerva-per-il-convegno-sulla-xylella-a-lecce-prima-da-e-poi-leva-il-patrocinio-posizioni-equivoche-e-cosi-sconfessa-pure-il-suo-vi\/' send='true' layout='button_count' show_faces='true' width='450' height='65' action='recommend' colorscheme='light' font='lucida grande'><\/fb:like><span class=\"fb_share\"><fb:like href=\"https:\/\/www.leccecronaca.it\/index.php\/2025\/04\/30\/la-marcia-indietro-del-presidente-della-provincia-stefano-minerva-per-il-convegno-sulla-xylella-a-lecce-prima-da-e-poi-leva-il-patrocinio-posizioni-equivoche-e-cosi-sconfessa-pure-il-suo-vi\/\" layout=\"button_count\"><\/fb:like><\/span>","protected":false},"excerpt":{"rendered":"<p>(g.p.) ___________ E&#8217; stato annunciato ieri, con alcuni post della locandina (foto sotto) su Facebook, dagli organizzatori, senza che, almeno al momento, ci sia stato un loro comunicato stampa al riguardo, il convegno &#8220;Chek up Xylella. Atti Polizia Giudiziaria di Bari e Rivegetazione degli ulivi&#8221;, in programma a Lecce, all&#8217;ex Convitto Palimieri, in piazzetta Carducci, [&hellip;]<\/p>\n","protected":false},"author":4,"featured_media":242545,"comment_status":"open","ping_status":"closed","sticky":false,"template":"","format":"standard","meta":[],"categories":[1,69,31,75,76],"tags":[],"_links":{"self":[{"href":"https:\/\/www.leccecronaca.it\/index.php\/wp-json\/wp\/v2\/posts\/242543"}],"collection":[{"href":"https:\/\/www.leccecronaca.it\/index.php\/wp-json\/wp\/v2\/posts"}],"about":[{"href":"https:\/\/www.leccecronaca.it\/index.php\/wp-json\/wp\/v2\/types\/post"}],"author":[{"embeddable":true,"href":"https:\/\/www.leccecronaca.it\/index.php\/wp-json\/wp\/v2\/users\/4"}],"replies":[{"embeddable":true,"href":"https:\/\/www.leccecronaca.it\/index.php\/wp-json\/wp\/v2\/comments?post=242543"}],"version-history":[{"count":7,"href":"https:\/\/www.leccecronaca.it\/index.php\/wp-json\/wp\/v2\/posts\/242543\/revisions"}],"predecessor-version":[{"id":242563,"href":"https:\/\/www.leccecronaca.it\/index.php\/wp-json\/wp\/v2\/posts\/242543\/revisions\/242563"}],"wp:featuredmedia":[{"embeddable":true,"href":"https:\/\/www.leccecronaca.it\/index.php\/wp-json\/wp\/v2\/media\/242545"}],"wp:attachment":[{"href":"https:\/\/www.leccecronaca.it\/index.php\/wp-json\/wp\/v2\/media?parent=242543"}],"wp:term":[{"taxonomy":"category","embeddable":true,"href":"https:\/\/www.leccecronaca.it\/index.php\/wp-json\/wp\/v2\/categories?post=242543"},{"taxonomy":"post_tag","embeddable":true,"href":"https:\/\/www.leccecronaca.it\/index.php\/wp-json\/wp\/v2\/tags?post=242543"}],"curies":[{"name":"wp","href":"https:\/\/api.w.org\/{rel}","templated":true}]}}