{"id":242582,"date":"2025-05-02T00:02:00","date_gmt":"2025-05-01T22:02:00","guid":{"rendered":"https:\/\/www.leccecronaca.it\/?p=242582"},"modified":"2025-05-02T12:53:07","modified_gmt":"2025-05-02T10:53:07","slug":"prima-che-il-tempo-manchi-romanzo-autobiografico-di-alma-n-p-presentazione-a-fiumicino-giovedi-29","status":"publish","type":"post","link":"https:\/\/www.leccecronaca.it\/index.php\/2025\/05\/02\/prima-che-il-tempo-manchi-romanzo-autobiografico-di-alma-n-p-presentazione-a-fiumicino-giovedi-29\/","title":{"rendered":"\u201cPrima che il tempo manchi\u201d, ROMANZO AUTOBIOGRAFICO DI ALMA N.P. &#8211; PRESENTAZIONE A FIUMICINO GIOVEDI&#8217; 29"},"content":{"rendered":"\n<p><img decoding=\"async\" loading=\"lazy\" width=\"1426\" height=\"1844\" class=\"wp-image-242584\" style=\"width: 1500px;\" src=\"https:\/\/www.leccecronaca.it\/wordpress\/wp-content\/uploads\/2025\/05\/prima-che-il-tempo-manchi.png\" alt=\"\" srcset=\"https:\/\/www.leccecronaca.it\/wordpress\/wp-content\/uploads\/2025\/05\/prima-che-il-tempo-manchi.png 1426w, https:\/\/www.leccecronaca.it\/wordpress\/wp-content\/uploads\/2025\/05\/prima-che-il-tempo-manchi-232x300.png 232w, https:\/\/www.leccecronaca.it\/wordpress\/wp-content\/uploads\/2025\/05\/prima-che-il-tempo-manchi-792x1024.png 792w, https:\/\/www.leccecronaca.it\/wordpress\/wp-content\/uploads\/2025\/05\/prima-che-il-tempo-manchi-768x993.png 768w, https:\/\/www.leccecronaca.it\/wordpress\/wp-content\/uploads\/2025\/05\/prima-che-il-tempo-manchi-1188x1536.png 1188w\" sizes=\"(max-width: 1426px) 100vw, 1426px\" \/><\/p>\n\n\n\n<p><strong><em>\u201cPrima che il tempo manchi\u201d: la vita raccontata prima che si spenga<\/em><\/strong><\/p>\n\n\n\n<p>La Grooveria \u2013 Fiumicino<br>Gioved\u00ec 29 maggio 2025 \u2013 ore 19.00<br>Conduce Sergio Mingrone<br>Intervengono: Dino Tropea e la Dott.ssa Sonia Buscemi<br>Ospite e padrona di casa: Carmela<\/p>\n\n\n\n<p><strong>\u201cPrima che il tempo manchi\u201d<\/strong> non \u00e8 un romanzo.<br>\u00c8 un nodo alla gola.<br>Un foglio strappato alla notte.<br>\u00c8 una voce di madre, figlia, donna. Che non ha pi\u00f9 paura di raccontarsi.<\/p>\n\n\n\n<p>Mercoled\u00ec 29 maggio alle ore 19.00, <strong>La Grooveria di Fiumicino<\/strong> \u2013 grazie all\u2019ospitalit\u00e0 appassionata di <strong>Carmela<\/strong>, padrona di casa e promotrice culturale come non se ne vedono pi\u00f9 \u2013 ospiter\u00e0 la terza tappa di <strong>Cadenze Letterarie<\/strong>, rassegna che ha trovato nel litorale laziale terreno fertile per crescere: tra musica, parole e tramonti che sembrano scritti da un regista invisibile.<\/p>\n\n\n\n<p>Il libro sar\u00e0 presentato da <strong>Sergio Mingrone<\/strong>, voce lucida, attenta, e capace di fare spazio al silenzio quando serve.<br>Con lui, due voci che non stanno a guardare:<br><strong>Dino Tropea<\/strong>, scrittore, curatore letterario, editor e autore che legge i testi come si leggono le cicatrici: non per chiuderle, ma per capirle.<br>E la <strong>Dott.ssa Sonia Buscemi<\/strong>, psicologa, che porter\u00e0 il suo sguardo clinico ma empatico sul sottotesto psichico del racconto: tra trauma, rinascita e il bisogno urgente di testimonianza.<\/p>\n\n\n\n<p><strong>Un libro scritto per restare<\/strong><\/p>\n\n\n\n<p><strong>Alma N.P.<\/strong>, l\u2019autrice, ha scelto la scrittura non come mestiere, ma come necessit\u00e0.<br>Non per vendere. Per sopravvivere.<\/p>\n\n\n\n<p>Ha iniziato anni fa, in silenzio, con un\u2019agenda piena di aneddoti. Era il suo modo per lasciare una traccia al figlio. Un giorno, per\u00f2, ha capito che <strong>non basta sopravvivere, bisogna testimoniare<\/strong>. Che certe storie vanno dette, non inghiottite.<\/p>\n\n\n\n<p>Il risultato \u00e8 un libro che affonda nel fango e risale verso la luce.<br>Una cronaca dell\u2019anima, che attraversa <strong>l\u2019infanzia, la violenza, l\u2019ossessione, la rinascita.<\/strong><br>Un racconto autobiografico che ha la forza di un romanzo e il coraggio di chi non si \u00e8 mai nascosta dietro i punti e virgola.<\/p>\n\n\n\n<p>La collana <strong>Panim<\/strong> di Gondour Edizioni l\u2019ha accolta nella sua serie di \u201cvolti in racconti\u201d: storie vere, sguardi che non cercano effetto ma verit\u00e0. E la verit\u00e0 qui c\u2019\u00e8 tutta. Non filtrata. Non rielaborata. <strong>Brucia. Ma cura.<\/strong><\/p>\n\n\n\n<p><strong>Una serata che non sar\u00e0 solo una presentazione<\/strong><\/p>\n\n\n\n<p>Chi verr\u00e0, non ascolter\u00e0 solo una sinossi.<br>Non trover\u00e0 tavoli con i microfoni e domande da copione.<\/p>\n\n\n\n<p>Trover\u00e0 un\u2019esperienza.<br>Una voce.<br>Una mano che dice: \u201cGuarda che puoi farcela anche tu\u201d.<\/p>\n\n\n\n<p>Dino Tropea racconter\u00e0 il libro <strong>da dentro<\/strong>, come un operaio della parola che ha saputo vedere la bellezza nascosta anche nella pagina pi\u00f9 feroce.<br>La Dott.ssa Buscemi ci porter\u00e0 nel dietro le quinte psicologiche: perch\u00e9 leggere un trauma \u00e8 gi\u00e0 guarirlo un po\u2019.<br>E Sergio Mingrone far\u00e0 da guida tra i chiaroscuri di una storia che sembra privata ma \u00e8, in realt\u00e0, <strong>universale<\/strong>.<\/p>\n\n\n\n<p><strong>Una donna, un libro, una lotta<\/strong><\/p>\n\n\n\n<p>Alma ha vissuto. E non ha dimenticato.<br>Ha camminato nella solitudine, tra relazioni tossiche, violenza, abusi, eppure ha trovato nella scrittura una via di riscatto.<br>Una poesia che non si vergogna delle cicatrici.<br>Una testimonianza che <strong>pu\u00f2 salvare, anche solo una persona.<\/strong><br>E gi\u00e0 questo basta.<\/p>\n\n\n\n<p>Come scrive lei stessa:<\/p>\n\n\n\n<p><em>\u201cHo camminato allora sulle traiettorie del vento aggrappandomi al bene che non poteva e non doveva essere cancellato dalle mie esperienze negative.\u201d<\/em><\/p>\n\n\n\n<p><strong>Perch\u00e9 esserci?<\/strong><\/p>\n\n\n\n<p>Perch\u00e9 non si tratta solo di cultura.<br>Si tratta di <strong>presenza<\/strong>.<br>Di dire: io c\u2019ero, ho ascoltato, ho sentito.<\/p>\n\n\n\n<p>Perch\u00e9, in un tempo di parole svendute, <strong>questo libro non si compra: si attraversa.<\/strong><\/p>\n\n\n\n<p>Perch\u00e9 Cadenze Letterarie non propone eventi, ma <strong>incontri<\/strong>.<br>E questo \u00e8 uno di quelli che restano.<br>Sotto pelle.<\/p>\n\n\n\n<p><em>La Grooveria \u2013 Fiumicino<\/em><br><em>Mercoled\u00ec 29 maggio 2025 \u2013 ore 19.00<\/em><br>A cura di <strong>Cadenze Letterarie<\/strong><br>Con <strong>Carmela<\/strong>, <strong>Sergio Mingrone<\/strong>, <strong>Dino Tropea<\/strong>, <strong>Sonia Buscemi<\/strong><\/p>\n\n\n\n<p><strong>Vuoi partecipare come stampa accreditata? Prenotare il tuo posto per la serata? O magari proporre anche la tua opera per una futura presentazione? Scrivi a<\/strong> <strong>dino.tropea@gmail.com<\/strong> <strong>oppure contatta direttamente La Grooveria attraverso i suoi canali ufficiali.<\/strong><\/p>\n\n\n\n<p><img decoding=\"async\" loading=\"lazy\" width=\"501\" height=\"643\" class=\"wp-image-242585\" style=\"width: 800px;\" src=\"https:\/\/www.leccecronaca.it\/wordpress\/wp-content\/uploads\/2025\/05\/29-maggio.jpg\" alt=\"\" srcset=\"https:\/\/www.leccecronaca.it\/wordpress\/wp-content\/uploads\/2025\/05\/29-maggio.jpg 501w, https:\/\/www.leccecronaca.it\/wordpress\/wp-content\/uploads\/2025\/05\/29-maggio-234x300.jpg 234w\" sizes=\"(max-width: 501px) 100vw, 501px\" \/><\/p>\n<fb:like href='https:\/\/www.leccecronaca.it\/index.php\/2025\/05\/02\/prima-che-il-tempo-manchi-romanzo-autobiografico-di-alma-n-p-presentazione-a-fiumicino-giovedi-29\/' send='true' layout='button_count' show_faces='true' width='450' height='65' action='recommend' colorscheme='light' font='lucida grande'><\/fb:like><span class=\"fb_share\"><fb:like href=\"https:\/\/www.leccecronaca.it\/index.php\/2025\/05\/02\/prima-che-il-tempo-manchi-romanzo-autobiografico-di-alma-n-p-presentazione-a-fiumicino-giovedi-29\/\" layout=\"button_count\"><\/fb:like><\/span>","protected":false},"excerpt":{"rendered":"<p>\u201cPrima che il tempo manchi\u201d: la vita raccontata prima che si spenga La Grooveria \u2013 FiumicinoGioved\u00ec 29 maggio 2025 \u2013 ore 19.00Conduce Sergio MingroneIntervengono: Dino Tropea e la Dott.ssa Sonia BuscemiOspite e padrona di casa: Carmela \u201cPrima che il tempo manchi\u201d non \u00e8 un romanzo.\u00c8 un nodo alla gola.Un foglio strappato alla notte.\u00c8 una voce [&hellip;]<\/p>\n","protected":false},"author":4,"featured_media":242584,"comment_status":"open","ping_status":"closed","sticky":false,"template":"","format":"standard","meta":[],"categories":[31,75,57],"tags":[],"_links":{"self":[{"href":"https:\/\/www.leccecronaca.it\/index.php\/wp-json\/wp\/v2\/posts\/242582"}],"collection":[{"href":"https:\/\/www.leccecronaca.it\/index.php\/wp-json\/wp\/v2\/posts"}],"about":[{"href":"https:\/\/www.leccecronaca.it\/index.php\/wp-json\/wp\/v2\/types\/post"}],"author":[{"embeddable":true,"href":"https:\/\/www.leccecronaca.it\/index.php\/wp-json\/wp\/v2\/users\/4"}],"replies":[{"embeddable":true,"href":"https:\/\/www.leccecronaca.it\/index.php\/wp-json\/wp\/v2\/comments?post=242582"}],"version-history":[{"count":2,"href":"https:\/\/www.leccecronaca.it\/index.php\/wp-json\/wp\/v2\/posts\/242582\/revisions"}],"predecessor-version":[{"id":242587,"href":"https:\/\/www.leccecronaca.it\/index.php\/wp-json\/wp\/v2\/posts\/242582\/revisions\/242587"}],"wp:featuredmedia":[{"embeddable":true,"href":"https:\/\/www.leccecronaca.it\/index.php\/wp-json\/wp\/v2\/media\/242584"}],"wp:attachment":[{"href":"https:\/\/www.leccecronaca.it\/index.php\/wp-json\/wp\/v2\/media?parent=242582"}],"wp:term":[{"taxonomy":"category","embeddable":true,"href":"https:\/\/www.leccecronaca.it\/index.php\/wp-json\/wp\/v2\/categories?post=242582"},{"taxonomy":"post_tag","embeddable":true,"href":"https:\/\/www.leccecronaca.it\/index.php\/wp-json\/wp\/v2\/tags?post=242582"}],"curies":[{"name":"wp","href":"https:\/\/api.w.org\/{rel}","templated":true}]}}