{"id":242687,"date":"2025-05-05T00:02:00","date_gmt":"2025-05-04T22:02:00","guid":{"rendered":"https:\/\/www.leccecronaca.it\/?p=242687"},"modified":"2025-05-09T12:11:13","modified_gmt":"2025-05-09T10:11:13","slug":"beato-fra-le-donne-e-fra-i-libri-a-leccecronaca-it-alberto-raffaelli-spiega-con-passione-e-competenza-la-sua-community-segnalazioni-letterarie","status":"publish","type":"post","link":"https:\/\/www.leccecronaca.it\/index.php\/2025\/05\/05\/beato-fra-le-donne-e-fra-i-libri-a-leccecronaca-it-alberto-raffaelli-spiega-con-passione-e-competenza-la-sua-community-segnalazioni-letterarie\/","title":{"rendered":"BEATO FRA LE DONNE. E FRA I LIBRI. A leccecronaca.it ALBERTO RAFFAELLI SPIEGA CON PASSIONE E COMPETENZA LA SUA COMMUNITY &#8220;Segnalazioni letterarie&#8221;"},"content":{"rendered":"\n<p><img decoding=\"async\" loading=\"lazy\" width=\"2048\" height=\"1533\" class=\"wp-image-242688\" style=\"width: 1500px;\" src=\"https:\/\/www.leccecronaca.it\/wordpress\/wp-content\/uploads\/2025\/05\/beato.jpg\" alt=\"\" srcset=\"https:\/\/www.leccecronaca.it\/wordpress\/wp-content\/uploads\/2025\/05\/beato.jpg 2048w, https:\/\/www.leccecronaca.it\/wordpress\/wp-content\/uploads\/2025\/05\/beato-300x225.jpg 300w, https:\/\/www.leccecronaca.it\/wordpress\/wp-content\/uploads\/2025\/05\/beato-1024x767.jpg 1024w, https:\/\/www.leccecronaca.it\/wordpress\/wp-content\/uploads\/2025\/05\/beato-768x575.jpg 768w, https:\/\/www.leccecronaca.it\/wordpress\/wp-content\/uploads\/2025\/05\/beato-1536x1150.jpg 1536w, https:\/\/www.leccecronaca.it\/wordpress\/wp-content\/uploads\/2025\/05\/beato-400x300.jpg 400w\" sizes=\"(max-width: 2048px) 100vw, 2048px\" \/><\/p>\n\n\n\n<p>di <strong>Cristina Pipoli __________<\/strong><\/p>\n\n\n\n<p>Sposto la mia attenzione su Alberto Raffaelli di \u201cSegnalazioni letterarie\u201d, ecco il link del suo gruppo di Facebook per chiunque voglia iscriversi <\/p>\n\n\n\n<p><a href=\"https:\/\/www.facebook.com\/groups\/segnalazioniletterarie\">https:\/\/www.facebook.com\/groups\/segnalazioniletterarie<\/a><\/p>\n\n\n\n<p><\/p>\n\n\n\n<p>Gli ho fatto qualche domanda.<\/p>\n\n\n\n<p><\/p>\n\n\n\n<p>D-Ci pu\u00f2 spiegare la finalit\u00e0 del gruppo culturale?<\/p>\n\n\n\n<p>R-La mission di \u201cSegnalazioni Letterarie\u201d \u00e8 inclusiva, senza preclusioni di genere (comprende fiction, poesia, saggistica), concentrandosi su realt\u00e0 emergenti ma anche di chiara fama.<\/p>\n\n\n\n<p><\/p>\n\n\n\n<p>D-Con chi collabora?<\/p>\n\n\n\n<p>R-Collabora all\u2019organizzazione di eventi dal vivo (oltre a molte presentazioni, ha contribuito a quattro fiere del libro, tra cui il Dima Book Festival del 2022, della durata di settanta giorni), nella convinzione di una sinergia produttiva tra web e attivit\u00e0 sul territorio.<\/p>\n\n\n\n<p><\/p>\n\n\n\n<p>D-Dove possono trovarla le persone?<\/p>\n\n\n\n<p>R-Segnalazioni Letterarie \u00e8 ora anche su Instagram, TikTok, You Tube oltre che Facebook.<\/p>\n\n\n\n<p><\/p>\n\n\n\n<p>D-Quali sono le prospettive future di questo noto gruppo FB?<\/p>\n\n\n\n<p>R-Implementare un social media managing sempre pi\u00f9 multisocial, che accresca la presenza su Facebook come pure su altre piattaforme.<\/p>\n\n\n\n<p>Creare un sito web \u2013 dotato di SEO adeguato \u2013 che aumenti la visibilit\u00e0 oltre la sfera dei social.<\/p>\n\n\n\n<p>Allestire uno shop, che collegato agli stessi social dia possibilit\u00e0 di vendita ai membri della community.<\/p>\n\n\n\n<p><\/p>\n\n\n\n<p>D-Sei circondato da collaborazioni femminili, donne non comuni con: caratteri fumantini, vulcaniche, decise, tenaci, testarde, insomma quando hanno quel famoso modo di di tre \u201cche caratterino che ha\u201d. Apparentemente sono il Suo opposto caratteriale. Quanto pensa siano importanti queste donne col loro carisma nel Suo contesto socio-culturale?<\/p>\n\n\n\n<p>R-Tutte queste donne decise, testarde, dal caratterino in senso positivo del termine, sono il complemento del mio carattere disponibile e tollerante. Al tempo stesso sono anche Donne efficienti, perch\u00e9 a me, per azionare una community cos\u00ec numerosa e articolata, servono anche delle figure valide di contorno e tra l\u2019altro chiamarle figure di contorno non \u00e8 esatto, e neanche lo sarebbe la parola collaboratrici perch\u00e9 si tratta di organizzatrici a volte anche di imprenditrici assolutamente capaci e valide. Tutte queste figure femminili con Segnalazioni Letterarie formano un contributo molto valido.<\/p>\n\n\n\n<p><img decoding=\"async\" loading=\"lazy\" width=\"1533\" height=\"2048\" class=\"wp-image-242689\" style=\"width: 800px;\" src=\"https:\/\/www.leccecronaca.it\/wordpress\/wp-content\/uploads\/2025\/05\/albertodue.jpg\" alt=\"\" srcset=\"https:\/\/www.leccecronaca.it\/wordpress\/wp-content\/uploads\/2025\/05\/albertodue.jpg 1533w, https:\/\/www.leccecronaca.it\/wordpress\/wp-content\/uploads\/2025\/05\/albertodue-225x300.jpg 225w, https:\/\/www.leccecronaca.it\/wordpress\/wp-content\/uploads\/2025\/05\/albertodue-767x1024.jpg 767w, https:\/\/www.leccecronaca.it\/wordpress\/wp-content\/uploads\/2025\/05\/albertodue-768x1026.jpg 768w, https:\/\/www.leccecronaca.it\/wordpress\/wp-content\/uploads\/2025\/05\/albertodue-1150x1536.jpg 1150w\" sizes=\"(max-width: 1533px) 100vw, 1533px\" \/><\/p>\n\n\n\n<p><\/p>\n\n\n\n<p>Alberto \u00e8 un uomo tranquillo, ma \u00e8 un tipo che sa il fatto suo, \u00e8 comunicazione allo stato puro, \u00e8 un professionista serio che mantiene i piedi per terra senza montarsi la testa.<\/p>\n\n\n\n<p><\/p>\n<fb:like href='https:\/\/www.leccecronaca.it\/index.php\/2025\/05\/05\/beato-fra-le-donne-e-fra-i-libri-a-leccecronaca-it-alberto-raffaelli-spiega-con-passione-e-competenza-la-sua-community-segnalazioni-letterarie\/' send='true' layout='button_count' show_faces='true' width='450' height='65' action='recommend' colorscheme='light' font='lucida grande'><\/fb:like><span class=\"fb_share\"><fb:like href=\"https:\/\/www.leccecronaca.it\/index.php\/2025\/05\/05\/beato-fra-le-donne-e-fra-i-libri-a-leccecronaca-it-alberto-raffaelli-spiega-con-passione-e-competenza-la-sua-community-segnalazioni-letterarie\/\" layout=\"button_count\"><\/fb:like><\/span>","protected":false},"excerpt":{"rendered":"<p>di Cristina Pipoli __________ Sposto la mia attenzione su Alberto Raffaelli di \u201cSegnalazioni letterarie\u201d, ecco il link del suo gruppo di Facebook per chiunque voglia iscriversi https:\/\/www.facebook.com\/groups\/segnalazioniletterarie Gli ho fatto qualche domanda. D-Ci pu\u00f2 spiegare la finalit\u00e0 del gruppo culturale? R-La mission di \u201cSegnalazioni Letterarie\u201d \u00e8 inclusiva, senza preclusioni di genere (comprende fiction, poesia, saggistica), [&hellip;]<\/p>\n","protected":false},"author":4,"featured_media":242688,"comment_status":"open","ping_status":"closed","sticky":false,"template":"","format":"standard","meta":[],"categories":[31,57],"tags":[],"_links":{"self":[{"href":"https:\/\/www.leccecronaca.it\/index.php\/wp-json\/wp\/v2\/posts\/242687"}],"collection":[{"href":"https:\/\/www.leccecronaca.it\/index.php\/wp-json\/wp\/v2\/posts"}],"about":[{"href":"https:\/\/www.leccecronaca.it\/index.php\/wp-json\/wp\/v2\/types\/post"}],"author":[{"embeddable":true,"href":"https:\/\/www.leccecronaca.it\/index.php\/wp-json\/wp\/v2\/users\/4"}],"replies":[{"embeddable":true,"href":"https:\/\/www.leccecronaca.it\/index.php\/wp-json\/wp\/v2\/comments?post=242687"}],"version-history":[{"count":2,"href":"https:\/\/www.leccecronaca.it\/index.php\/wp-json\/wp\/v2\/posts\/242687\/revisions"}],"predecessor-version":[{"id":242720,"href":"https:\/\/www.leccecronaca.it\/index.php\/wp-json\/wp\/v2\/posts\/242687\/revisions\/242720"}],"wp:featuredmedia":[{"embeddable":true,"href":"https:\/\/www.leccecronaca.it\/index.php\/wp-json\/wp\/v2\/media\/242688"}],"wp:attachment":[{"href":"https:\/\/www.leccecronaca.it\/index.php\/wp-json\/wp\/v2\/media?parent=242687"}],"wp:term":[{"taxonomy":"category","embeddable":true,"href":"https:\/\/www.leccecronaca.it\/index.php\/wp-json\/wp\/v2\/categories?post=242687"},{"taxonomy":"post_tag","embeddable":true,"href":"https:\/\/www.leccecronaca.it\/index.php\/wp-json\/wp\/v2\/tags?post=242687"}],"curies":[{"name":"wp","href":"https:\/\/api.w.org\/{rel}","templated":true}]}}