{"id":242691,"date":"2025-05-04T16:53:41","date_gmt":"2025-05-04T14:53:41","guid":{"rendered":"https:\/\/www.leccecronaca.it\/?p=242691"},"modified":"2025-05-04T16:58:48","modified_gmt":"2025-05-04T14:58:48","slug":"il-biologo-marco-dadamo-e-il-nuovo-direttore-dellarea-marina-protetta-di-porto-cesareo","status":"publish","type":"post","link":"https:\/\/www.leccecronaca.it\/index.php\/2025\/05\/04\/il-biologo-marco-dadamo-e-il-nuovo-direttore-dellarea-marina-protetta-di-porto-cesareo\/","title":{"rendered":"MARCO D&#8217;ADAMO DIRETTORE DELL&#8217;AREA MARINA PROTETTA DI PORTO CESAREO"},"content":{"rendered":"\n<p><img decoding=\"async\" loading=\"lazy\" width=\"369\" height=\"415\" class=\"wp-image-242692\" style=\"width: 1500px;\" src=\"https:\/\/www.leccecronaca.it\/wordpress\/wp-content\/uploads\/2025\/05\/Dr.-Adamo.jpg\" alt=\"\" srcset=\"https:\/\/www.leccecronaca.it\/wordpress\/wp-content\/uploads\/2025\/05\/Dr.-Adamo.jpg 369w, https:\/\/www.leccecronaca.it\/wordpress\/wp-content\/uploads\/2025\/05\/Dr.-Adamo-267x300.jpg 267w\" sizes=\"(max-width: 369px) 100vw, 369px\" \/><\/p>\n\n\n\n<p>di <strong>Graziano De Tuglie __________  <\/strong><\/p>\n\n\n\n<p>l biologo Marco D&#8217;Adamo\u00a0 \u00e8 il nuovo direttore dell&#8217;Amp Porto Cesareo. Succede al dottor Paolo D&#8217; Ambrosio che ha ricoperto questo ruolo ininterrottamente per venti anni. <\/p>\n\n\n\n<p>Marco D&#8217;Adamo ha 48 anni, \u00e8 nato a Brindisi, ma\u00a0\u00e8 da tempo residente a Lecce. Ha formato un curriculum di livello con numerosi incarichi di crescente importanza che sono un ottimo auspicio per continuare il percorso di crescita e sviluppo dell&#8217;Area Marina Protetta di Porto Cesareo (che ingloba anche parte del tratto costiero del Comune di Nard\u00f2), una tra le pi\u00f9 note e ricche di biodiversit\u00e0 d\u2019Italia, seconda per estensione del territorio in Italia e tra le pi\u00f9 importanti dell\u2019intero bacino del Mar Mediterraneo.<\/p>\n\n\n\n<p>Un&#8217;Area Marina Protetta che non godeva della simpatia della maggioranza dei cittadini di Porto Cesareo all&#8217;epoca della sua istituzione, 1996, ma che oggi \u00e8 un pilastro importante del territorio ed ha una funzione considerevole nello sviluppare un turismo di nicchia che \u00e8 funzionale al prolungamento del periodo turistico oltre alla stagione estiva. Istituzione che ha anche acquisito un ruolo scientifico a livello internazionale con una valenza culturale ambientale che \u00e8 ormai riconosciuta unanimemente.<\/p>\n\n\n\n<p>Il nuovo direttore prima di approdare a questo ruolo \u00e8 stato\u00a0 sino ad ottobre del 2024 direttore del \u201cParco Nazionale Regionale del Mar Piccolo di Taranto\u201d e nel 2020 direttore del Parco Naturale Regionale \u201cLitorale di Ugento\u201d.<\/p>\n\n\n\n<p><\/p>\n\n\n\n<p>Nell&#8217;assumere il delicato ruolo, il neo direttore ha dichiarato: \u201cL&#8217;obiettivo dell&#8217;Amp Porto Cesareo che mi onoro di dirigere\u00a0 deve essere quello di continuare il cammino tracciato in questi anni dal mio predecessore e dalle politiche del Consorzio di Gestione. Dovremmo anzi, cogliere le nuove sfide di questo complicato settore, migliorandoci e garantendo l&#8217;ecosostenibilit\u00e0 ambientale e la tutela delle specie protette e soprattutto del nostro splendido litorale costiero, vero fiore all&#8217;occhiello della nostra riserva. L&#8217;Area Marina Protetta Porto Cesareo, negli intenti di tutti coloro che lavorano notte e giorno per migliorarla, deve essere non solo un polo ambientale territoriale, ma soprattutto esempio evidente di una nuova concezione del mare, in cui flora,  fauna ed esseri umani siano capaci di coesistere il miglioramento degli standard ambientali&#8221;.<\/p>\n\n\n\n<p>Auguri di buon lavoro al neo-direttore dalla redazione di LecceCronaca.it<\/p>\n\n\n\n<p><\/p>\n\n\n\n<p><\/p>\n\n\n\n<p><\/p>\n<fb:like href='https:\/\/www.leccecronaca.it\/index.php\/2025\/05\/04\/il-biologo-marco-dadamo-e-il-nuovo-direttore-dellarea-marina-protetta-di-porto-cesareo\/' send='true' layout='button_count' show_faces='true' width='450' height='65' action='recommend' colorscheme='light' font='lucida grande'><\/fb:like><span class=\"fb_share\"><fb:like href=\"https:\/\/www.leccecronaca.it\/index.php\/2025\/05\/04\/il-biologo-marco-dadamo-e-il-nuovo-direttore-dellarea-marina-protetta-di-porto-cesareo\/\" layout=\"button_count\"><\/fb:like><\/span>","protected":false},"excerpt":{"rendered":"<p>di Graziano De Tuglie __________ l biologo Marco D&#8217;Adamo\u00a0 \u00e8 il nuovo direttore dell&#8217;Amp Porto Cesareo. Succede al dottor Paolo D&#8217; Ambrosio che ha ricoperto questo ruolo ininterrottamente per venti anni. Marco D&#8217;Adamo ha 48 anni, \u00e8 nato a Brindisi, ma\u00a0\u00e8 da tempo residente a Lecce. Ha formato un curriculum di livello con numerosi incarichi [&hellip;]<\/p>\n","protected":false},"author":4,"featured_media":242692,"comment_status":"open","ping_status":"closed","sticky":false,"template":"","format":"standard","meta":[],"categories":[1,69],"tags":[],"_links":{"self":[{"href":"https:\/\/www.leccecronaca.it\/index.php\/wp-json\/wp\/v2\/posts\/242691"}],"collection":[{"href":"https:\/\/www.leccecronaca.it\/index.php\/wp-json\/wp\/v2\/posts"}],"about":[{"href":"https:\/\/www.leccecronaca.it\/index.php\/wp-json\/wp\/v2\/types\/post"}],"author":[{"embeddable":true,"href":"https:\/\/www.leccecronaca.it\/index.php\/wp-json\/wp\/v2\/users\/4"}],"replies":[{"embeddable":true,"href":"https:\/\/www.leccecronaca.it\/index.php\/wp-json\/wp\/v2\/comments?post=242691"}],"version-history":[{"count":2,"href":"https:\/\/www.leccecronaca.it\/index.php\/wp-json\/wp\/v2\/posts\/242691\/revisions"}],"predecessor-version":[{"id":242695,"href":"https:\/\/www.leccecronaca.it\/index.php\/wp-json\/wp\/v2\/posts\/242691\/revisions\/242695"}],"wp:featuredmedia":[{"embeddable":true,"href":"https:\/\/www.leccecronaca.it\/index.php\/wp-json\/wp\/v2\/media\/242692"}],"wp:attachment":[{"href":"https:\/\/www.leccecronaca.it\/index.php\/wp-json\/wp\/v2\/media?parent=242691"}],"wp:term":[{"taxonomy":"category","embeddable":true,"href":"https:\/\/www.leccecronaca.it\/index.php\/wp-json\/wp\/v2\/categories?post=242691"},{"taxonomy":"post_tag","embeddable":true,"href":"https:\/\/www.leccecronaca.it\/index.php\/wp-json\/wp\/v2\/tags?post=242691"}],"curies":[{"name":"wp","href":"https:\/\/api.w.org\/{rel}","templated":true}]}}