{"id":242715,"date":"2025-05-05T13:09:11","date_gmt":"2025-05-05T11:09:11","guid":{"rendered":"https:\/\/www.leccecronaca.it\/?p=242715"},"modified":"2025-05-05T13:14:27","modified_gmt":"2025-05-05T11:14:27","slug":"il-centro-nova-mentis-organizza-un-convegno-specialistico-sui-disturbi-dellalimentazione-e-obesita-nella-sede-di-galatina-sabato-17-maggio","status":"publish","type":"post","link":"https:\/\/www.leccecronaca.it\/index.php\/2025\/05\/05\/il-centro-nova-mentis-organizza-un-convegno-specialistico-sui-disturbi-dellalimentazione-e-obesita-nella-sede-di-galatina-sabato-17-maggio\/","title":{"rendered":"IL CENTRO &#8220;Nova Mentis&#8221; ORGANIZZA UN CONVEGNO SPECIALISTICO SUI DISTURBI DELL&#8217;ALIMENTAZIONE E OBESITA&#8217; NELLA SEDE DI GALATINA SABATO 17 MAGGIO"},"content":{"rendered":"\n<p><img decoding=\"async\" loading=\"lazy\" width=\"2000\" height=\"1501\" class=\"wp-image-242716\" style=\"width: 1500px;\" src=\"https:\/\/www.leccecronaca.it\/wordpress\/wp-content\/uploads\/2025\/05\/centro-clinico-nova-mentis.jpg\" alt=\"\" srcset=\"https:\/\/www.leccecronaca.it\/wordpress\/wp-content\/uploads\/2025\/05\/centro-clinico-nova-mentis.jpg 2000w, https:\/\/www.leccecronaca.it\/wordpress\/wp-content\/uploads\/2025\/05\/centro-clinico-nova-mentis-300x225.jpg 300w, https:\/\/www.leccecronaca.it\/wordpress\/wp-content\/uploads\/2025\/05\/centro-clinico-nova-mentis-1024x769.jpg 1024w, https:\/\/www.leccecronaca.it\/wordpress\/wp-content\/uploads\/2025\/05\/centro-clinico-nova-mentis-768x576.jpg 768w, https:\/\/www.leccecronaca.it\/wordpress\/wp-content\/uploads\/2025\/05\/centro-clinico-nova-mentis-1536x1153.jpg 1536w, https:\/\/www.leccecronaca.it\/wordpress\/wp-content\/uploads\/2025\/05\/centro-clinico-nova-mentis-400x300.jpg 400w\" sizes=\"(max-width: 2000px) 100vw, 2000px\" \/><\/p>\n\n\n\n<p>Si avvisa che sabato 17 maggio 2025 dalle ore 8.00 alle ore 18.00, presso la Sala Formazione (primo piano) del Centro \u201cNova Mentis\u201d di Galatina (LE), in Via G. Pascoli 50, si svolger\u00e0 un convegno specialistico tematico sui Disturbi della Nutrizione\/Alimentazione (DNA) e sull\u2019Obesit\u00e0.<br>L&#8217;evento formativo, accreditato per tutte le professioni sanitarie con Provider ECM rif. n. 1772, riunir\u00e0 professionisti provenienti dal Dipartimento di Disturbi della Nutrizione e dell&#8217;Alimentazione interno, dall&#8217;Universit\u00e0 del Salento e dall&#8217;Universit\u00e0 \u201cG. d&#8217;Annunzio\u201d di Chieti-Pescara.<\/p>\n\n\n\n<p><br>Moderatrice: Dott.ssa I. Carangelo (psicoterapeuta e responsabile di Struttura).<br><\/p>\n\n\n\n<p>Relatori:<\/p>\n\n\n\n<ul>\n<li>Dott.ssa M. C. Bovino e Dott.ssa M. Ingrosso (psicoterapeute e<br>responsabili scientifiche);<\/li>\n\n\n\n<li>Dott.ssa M. G. De Iaco (neuropsichiatra);<\/li>\n\n\n\n<li>Dott.ssa A. M. Giudetti e Dott.ssa C. Conti (docenti e ricercatrici);<\/li>\n\n\n\n<li>Dott.ssa F. Marrella (biologa);<\/li>\n\n\n\n<li>Dott.ssa R. Fanelli (psicoterapeuta e docente);<\/li>\n\n\n\n<li>Dott.ssa R. Guido, Dott.ssa M. Toma e Dott. P. P. Lardo<br>(psicoterapeuti);<\/li>\n\n\n\n<li>Dott.ssa A. Delle Rose (psicologa e psicoterapeuta in formazione).<\/li>\n<\/ul>\n\n\n\n<p>I Disturbi della Nutrizione\/Alimentazione (DNA) e l\u2019Obesit\u00e0 rappresentano una crescente preoccupazione per la sanit\u00e0 pubblica, con un&#8217;incidenza che si manifesta in et\u00e0 sempre pi\u00f9 precoce tra le fasce giovanili &#8211; bambini di 8\/9 anni e con un impatto maggiore sulla popolazione femminile &#8211; rapporto di circa 9 a 1 rispetto agli uomini &#8211; sebbene la percentuale maschile stia aumentando, soprattutto in et\u00e0 adolescenziale.<br>Secondo i dati del Ministero della Salute e della recente survey epidemiologica del progetto \u201cPiattaforma per il contrasto alla malnutrizione\u201d, le problematiche di tipo alimentare hanno registrato un incremento superiore al 30% negli ultimi anni, coinvolgendo oltre 4 milioni di individui in Italia. Tra i principali disturbi del comportamento nutrizionale troviamo: Anoressia<br>Nervosa (AN), Bulimia Nervosa (BN) e Disturbo da Alimentazione Incontrollata (DAI).<br>Nel 2023 i decessi correlati e\/o associabili a queste situazioni hanno raggiunto  quota 3.780, tanto da etichettare questo fattore come la seconda causa di morte tra i ragazzi, dopo gli incidenti stradali. I dati hanno evidenziato anche un aumento della complessit\u00e0 psicopatologica, con il 40% dei casi rappresentati da disturbi alimentari puri e il 60% da comorbilit\u00e0 con altre malattie.<br>Si rende a tal fine necessario che i professionisti della salute acquisiscano conoscenze e competenze utili sia al riconoscimento dei segnali precoci dei DNA, sia alla condivisione di modelli di intervento multidisciplinare efficaci.<\/p>\n\n\n\n<hr class=\"wp-block-separator has-alpha-channel-opacity\"\/>\n\n\n\n<p>Nova Mentis \u00e8 un Centro di Psicologia e Neuroscienze all\u2019avanguardia, fondato nel 2012 dagli attuali amministratori e responsabili, la dottoressa I. Carangelo e il dottor G. Ciccarese, psicoterapeuti cognitivo-comportamentali con specializzazione in neuropsicologia e psicofisiologia.<\/p>\n\n\n\n<p>Oggi \u00e8 una realt\u00e0 sanitaria strutturata in S.r.l. con oltre 80 professionisti, tra cui psicologi, psicoterapeuti, psichiatri, neuropsichiatri infantili, neurologi, logopedisti e nutrizionisti. Tanti specialisti che operano nelle sedi di Galatina e Casarano, garantendo consulenze e percorsi terapeutici mirati anche alla diagnosi e al trattamento dei DNA, attraverso approcci integrati per<br>affrontare problematiche alimentari come l&#8217;Anoressia, la Bulimia e l&#8217;Obesit\u00e0.<\/p>\n\n\n\n<p>L\u2019evento formativo in programma \u00e8 patrocinato dall&#8217;Ordine delle Psicologhe e degli Psicologi della Regione Puglia e dal Comune di Galatina, \u00e8 di portata regionale e avr\u00e0 rilevanza nazionale. Data l&#8217;intensit\u00e0 e la durata impegnativa dello stesso, nel corso della giornata saranno previsti due brevi coffee break (intorno alle ore 10.30 e 15.30) e una pausa pranzo di un&#8217;ora (verso le ore13.00).<br><\/p>\n\n\n\n<p>PARTECIPAZIONE MEDIATICA<br>L&#8217;iniziativa, la cui logistica ha imposto un numero chiuso di professionisti e uditori gi\u00e0 raggiunto, \u00e8 aperta gratuitamente a giornalisti e videoperatori di testate locali, che verranno contattati per tempo con apposita mail.<\/p>\n\n\n\n<p>Ad ogni media intenzionato a presenziare &#8211; anche spontaneamente e\/o per poco al convegno, si rivolge gentile richiesta di avviso , entro 24 ore dall\u2019inizio, con comunicazione all\u2019indirizzo: <\/p>\n\n\n\n<p>ufficiostampa@centronovamentis.it.<br><br>Per qualsiasi altra segnalazione e\/o richiesta, si prega di contattare cortesemente la di seguito responsabile della segreteria organizzativa del progetto:<br>Dott.ssa Menna Angela<br>0836211477<br>3274587449<br>formazione@centronovamentis.it<\/p>\n\n\n\n<p><img decoding=\"async\" loading=\"lazy\" width=\"190\" height=\"135\" class=\"wp-image-242717\" style=\"width: 800px;\" src=\"https:\/\/www.leccecronaca.it\/wordpress\/wp-content\/uploads\/2025\/05\/download.png\" alt=\"\"><\/p>\n<fb:like href='https:\/\/www.leccecronaca.it\/index.php\/2025\/05\/05\/il-centro-nova-mentis-organizza-un-convegno-specialistico-sui-disturbi-dellalimentazione-e-obesita-nella-sede-di-galatina-sabato-17-maggio\/' send='true' layout='button_count' show_faces='true' width='450' height='65' action='recommend' colorscheme='light' font='lucida grande'><\/fb:like><span class=\"fb_share\"><fb:like href=\"https:\/\/www.leccecronaca.it\/index.php\/2025\/05\/05\/il-centro-nova-mentis-organizza-un-convegno-specialistico-sui-disturbi-dellalimentazione-e-obesita-nella-sede-di-galatina-sabato-17-maggio\/\" layout=\"button_count\"><\/fb:like><\/span>","protected":false},"excerpt":{"rendered":"<p>Si avvisa che sabato 17 maggio 2025 dalle ore 8.00 alle ore 18.00, presso la Sala Formazione (primo piano) del Centro \u201cNova Mentis\u201d di Galatina (LE), in Via G. Pascoli 50, si svolger\u00e0 un convegno specialistico tematico sui Disturbi della Nutrizione\/Alimentazione (DNA) e sull\u2019Obesit\u00e0.L&#8217;evento formativo, accreditato per tutte le professioni sanitarie con Provider ECM rif. [&hellip;]<\/p>\n","protected":false},"author":4,"featured_media":242716,"comment_status":"open","ping_status":"closed","sticky":false,"template":"","format":"standard","meta":[],"categories":[1,69,31,75],"tags":[],"_links":{"self":[{"href":"https:\/\/www.leccecronaca.it\/index.php\/wp-json\/wp\/v2\/posts\/242715"}],"collection":[{"href":"https:\/\/www.leccecronaca.it\/index.php\/wp-json\/wp\/v2\/posts"}],"about":[{"href":"https:\/\/www.leccecronaca.it\/index.php\/wp-json\/wp\/v2\/types\/post"}],"author":[{"embeddable":true,"href":"https:\/\/www.leccecronaca.it\/index.php\/wp-json\/wp\/v2\/users\/4"}],"replies":[{"embeddable":true,"href":"https:\/\/www.leccecronaca.it\/index.php\/wp-json\/wp\/v2\/comments?post=242715"}],"version-history":[{"count":1,"href":"https:\/\/www.leccecronaca.it\/index.php\/wp-json\/wp\/v2\/posts\/242715\/revisions"}],"predecessor-version":[{"id":242718,"href":"https:\/\/www.leccecronaca.it\/index.php\/wp-json\/wp\/v2\/posts\/242715\/revisions\/242718"}],"wp:featuredmedia":[{"embeddable":true,"href":"https:\/\/www.leccecronaca.it\/index.php\/wp-json\/wp\/v2\/media\/242716"}],"wp:attachment":[{"href":"https:\/\/www.leccecronaca.it\/index.php\/wp-json\/wp\/v2\/media?parent=242715"}],"wp:term":[{"taxonomy":"category","embeddable":true,"href":"https:\/\/www.leccecronaca.it\/index.php\/wp-json\/wp\/v2\/categories?post=242715"},{"taxonomy":"post_tag","embeddable":true,"href":"https:\/\/www.leccecronaca.it\/index.php\/wp-json\/wp\/v2\/tags?post=242715"}],"curies":[{"name":"wp","href":"https:\/\/api.w.org\/{rel}","templated":true}]}}