{"id":242753,"date":"2025-05-07T00:02:00","date_gmt":"2025-05-06T22:02:00","guid":{"rendered":"https:\/\/www.leccecronaca.it\/?p=242753"},"modified":"2025-05-06T18:51:26","modified_gmt":"2025-05-06T16:51:26","slug":"ricordo-del-poeta-ciclista-roul-pigla","status":"publish","type":"post","link":"https:\/\/www.leccecronaca.it\/index.php\/2025\/05\/07\/ricordo-del-poeta-ciclista-roul-pigla\/","title":{"rendered":"RICORDO DEL POETA CICLISTA ROUL PIGLA"},"content":{"rendered":"\n<p><img decoding=\"async\" loading=\"lazy\" width=\"811\" height=\"1150\" class=\"wp-image-242754\" style=\"width: 1500px;\" src=\"https:\/\/www.leccecronaca.it\/wordpress\/wp-content\/uploads\/2025\/05\/raoul.jpeg\" alt=\"\" srcset=\"https:\/\/www.leccecronaca.it\/wordpress\/wp-content\/uploads\/2025\/05\/raoul.jpeg 811w, https:\/\/www.leccecronaca.it\/wordpress\/wp-content\/uploads\/2025\/05\/raoul-212x300.jpeg 212w, https:\/\/www.leccecronaca.it\/wordpress\/wp-content\/uploads\/2025\/05\/raoul-722x1024.jpeg 722w, https:\/\/www.leccecronaca.it\/wordpress\/wp-content\/uploads\/2025\/05\/raoul-768x1089.jpeg 768w\" sizes=\"(max-width: 811px) 100vw, 811px\" \/><\/p>\n\n\n\n<p>di <strong>Raffaele Polo _________<\/strong><\/p>\n\n\n\n<p>Una vera e propria kermesse \u00e8 prevista a maggio a Lecce, quando la carovana del Giro d&#8217;Italia approder\u00e0 in citt\u00e0.\u00a0 Tante le manifestazioni collaterali in quei giorni, ma sicuramente la pi\u00f9 interessante \u00e8 quella prevista il 12 maggio al Museo della Stampa (ex Convitto Palmieri) secondo questo programma:<\/p>\n\n\n\n<p><\/p>\n\n\n\n<p>Ritorno in Pista!<\/p>\n\n\n\n<p>Una carrellata di velocipedismo in Terra d&#8217;Otranto<\/p>\n\n\n\n<p>a cura di Giuseppe Dell&#8217;Atti<\/p>\n\n\n\n<p>Lecce Museo della Stampa (ex Convitto Palmieri) 12 maggio 2025<\/p>\n\n\n\n<p>&nbsp;Programma<\/p>\n\n\n\n<p>ore 17.30 Inaugurazione Preview<\/p>\n\n\n\n<p>Saluti del Direttore del Museo Castromediano Luigi De Luca e Mauro Marino (Fondo Verri)<\/p>\n\n\n\n<p>ore 17.40 Talk &#8220;Ciclismo e Storia&#8221;<\/p>\n\n\n\n<p>Intervergono<\/p>\n\n\n\n<p>Alessandro Laporta (Direttore Edizioni del Grifo) &#8211; Introduzione<\/p>\n\n\n\n<p>Michele Mainardi &#8211; I primi Dandy su due ruote a Lecce<\/p>\n\n\n\n<p>Raffaele Polo &#8211; Il poeta ciclista Roul Pigla<\/p>\n\n\n\n<p>Rossella Barletta &#8211; La sezione di Lecce del T.C.C.I.<\/p>\n\n\n\n<p>Prof. Massimo Guastella (Beni Culturali) &#8211; Il ciclismo nella storia dell&#8217;arte contemporanea<\/p>\n\n\n\n<p>Prof. Luca Bandirali (DAMS) &#8211; Ladri di Biciclette. Cinema a due ruote<\/p>\n\n\n\n<p>Roberto Guido (Lecce Pedala) &#8211; La nascita del cicloturismo in Salento<\/p>\n\n\n\n<p>Adriana De Carlo (Fiab Lecce Cicloamici) &#8211; La mobilit\u00e0 sostenibile in citt\u00e0<\/p>\n\n\n\n<p>ore 19:00<\/p>\n\n\n\n<p>Degustazione finale a cura di Fiorella Perrone del Gambero Rosso di Lecce&nbsp;<\/p>\n\n\n\n<p>Mi piace, in questa occasione, ricordare il poeta Raul Pigla, che ho ricordato proprio da queste colonne nella rubrica &#8216;Lecce vista dagli scrittori contemporanei&#8217; e&nbsp; poi inserito nel &#8216;Taccuino introduttivo alla letteratura salentina&#8217;, introvabile libriccino edito nel 2019 da Il Raggio Verde.<\/p>\n\n\n\n<p>Onestamente, poco o nulla si sa di Raffaele Pagliarulo, raffinato poeta leccese che pu\u00f2 essere inserito in quel buon numero di poeti salentini che hanno costituito lo \u2018zoccolo duro\u2019 della altrimenti ignorata e trascurata realt\u00e0 culturale della nostra \u2018sub-regione\u2019, per dirla con Ennio Bonea.<\/p>\n\n\n\n<p>Sensibili agli influssi, alle sollecitazioni che vengono dai maggiori poeti del momento (su tutti Carducci e Pascoli) ma anche da ci\u00f2 che offre la letteratura europea, i nostri poeti finiscono per testimoniare in maniera mirabile come possa agevolmente mescolarsi e sublimarsi l\u2019idea del dialetto divenuto linguaggio d\u2019elite piuttosto che retaggio del popolino, in un contesto che vede di buon occhio questi esperimenti, collocandoli per\u00f2 in sottordine rispetto al versificare in lingua.<\/p>\n\n\n\n<p>Il bravo Pagliarulo rispetta, in generale, i canoni dell\u2019epoca, fino ad anagrammare il proprio cognome (lo facevano un po\u2019 tutti, evolvendo l\u2019Arcadia classica in una sfera pi\u00f9 nostrana\u2026.) e interessandosi, poi, di \u2018avventure\u2019 avveniristiche, come ad esempio costruire un velodromo per il Touring Club Ciclistico di Lecce, oppure partecipare attivamente alla Societ\u00e0 Anonima Leccese della Ghiacciaia\u2026Siamo nei primi anni del Novecento e anche la nostra Lecce \u00e8 piena di iniziative e agganciata a quella lontana Europa che lancia idee e spunti pronti ad essere sostenuti dagli intellettuali del momento. Pagliarulo, che \u00e8 titolare di un negozio di ottica (all\u2019avanguardia, per quei tempi) non disdegna di scrivere versi in dialetto. Anzi, se ne fa un vanto, partecipando a tutte le numerose pubblicazioni di genere che erano sempre in stampa nel nostro territorio.<\/p>\n\n\n\n<p>La sua \u00e8 poesia soprattutto satirica, ironica, sovente indirizzata a personaggi del momento e a fatti di costume contingenti. Ma sempre venata di una malinconica atmosfera, squisitamente leccese, legata alle cose terrene ma speranzosa, con qualche reticenza, negli Ideali pi\u00f9 sacri.<\/p>\n\n\n\n<p>Rime che vengono cos\u00ec sintetizzate dal Poeta, in un significativo suo frammento titolato \u2018A ci legge\u2019:<\/p>\n\n\n\n<p>R<em>ime uneste,\/ Rime ritte,\/ Doppu data \u2018na prim\u2019ampa\/ Siti state\/ Scuse, citte,\/ Nduccecate,\/ Mmasunate\/ Intr\u2019a fogli de la stampa. \/ Rime ritte,\/ Rime uneste,\/ Mute e surde pe tant\u2019anni,\/ Siti state\/ Senza feste,\/ Mmuntunate,\/ Mpulizzate\/ Bu presento senza nganni.<\/em><\/p>\n\n\n\n<p>E se ne va proprio nel giorno di Natale del 1950, Raffaele Pagliarulo.<\/p>\n\n\n\n<p>Lasciandoci le sue poesie, i suoi versi scorrevoli e piacevolissimi da frequentare, meritevoli di essere conosciuti nella Terra da lui tanto amata.<\/p>\n<fb:like href='https:\/\/www.leccecronaca.it\/index.php\/2025\/05\/07\/ricordo-del-poeta-ciclista-roul-pigla\/' send='true' layout='button_count' show_faces='true' width='450' height='65' action='recommend' colorscheme='light' font='lucida grande'><\/fb:like><span class=\"fb_share\"><fb:like href=\"https:\/\/www.leccecronaca.it\/index.php\/2025\/05\/07\/ricordo-del-poeta-ciclista-roul-pigla\/\" layout=\"button_count\"><\/fb:like><\/span>","protected":false},"excerpt":{"rendered":"<p>di Raffaele Polo _________ Una vera e propria kermesse \u00e8 prevista a maggio a Lecce, quando la carovana del Giro d&#8217;Italia approder\u00e0 in citt\u00e0.\u00a0 Tante le manifestazioni collaterali in quei giorni, ma sicuramente la pi\u00f9 interessante \u00e8 quella prevista il 12 maggio al Museo della Stampa (ex Convitto Palmieri) secondo questo programma: Ritorno in Pista! [&hellip;]<\/p>\n","protected":false},"author":4,"featured_media":242754,"comment_status":"open","ping_status":"closed","sticky":false,"template":"","format":"standard","meta":[],"categories":[31,75],"tags":[],"_links":{"self":[{"href":"https:\/\/www.leccecronaca.it\/index.php\/wp-json\/wp\/v2\/posts\/242753"}],"collection":[{"href":"https:\/\/www.leccecronaca.it\/index.php\/wp-json\/wp\/v2\/posts"}],"about":[{"href":"https:\/\/www.leccecronaca.it\/index.php\/wp-json\/wp\/v2\/types\/post"}],"author":[{"embeddable":true,"href":"https:\/\/www.leccecronaca.it\/index.php\/wp-json\/wp\/v2\/users\/4"}],"replies":[{"embeddable":true,"href":"https:\/\/www.leccecronaca.it\/index.php\/wp-json\/wp\/v2\/comments?post=242753"}],"version-history":[{"count":1,"href":"https:\/\/www.leccecronaca.it\/index.php\/wp-json\/wp\/v2\/posts\/242753\/revisions"}],"predecessor-version":[{"id":242755,"href":"https:\/\/www.leccecronaca.it\/index.php\/wp-json\/wp\/v2\/posts\/242753\/revisions\/242755"}],"wp:featuredmedia":[{"embeddable":true,"href":"https:\/\/www.leccecronaca.it\/index.php\/wp-json\/wp\/v2\/media\/242754"}],"wp:attachment":[{"href":"https:\/\/www.leccecronaca.it\/index.php\/wp-json\/wp\/v2\/media?parent=242753"}],"wp:term":[{"taxonomy":"category","embeddable":true,"href":"https:\/\/www.leccecronaca.it\/index.php\/wp-json\/wp\/v2\/categories?post=242753"},{"taxonomy":"post_tag","embeddable":true,"href":"https:\/\/www.leccecronaca.it\/index.php\/wp-json\/wp\/v2\/tags?post=242753"}],"curies":[{"name":"wp","href":"https:\/\/api.w.org\/{rel}","templated":true}]}}