{"id":242822,"date":"2025-05-08T11:40:00","date_gmt":"2025-05-08T09:40:00","guid":{"rendered":"https:\/\/www.leccecronaca.it\/?p=242822"},"modified":"2025-05-08T12:13:17","modified_gmt":"2025-05-08T10:13:17","slug":"walter-cerfeda-a-tuglie-sabato-10","status":"publish","type":"post","link":"https:\/\/www.leccecronaca.it\/index.php\/2025\/05\/08\/walter-cerfeda-a-tuglie-sabato-10\/","title":{"rendered":"WALTER CERFEDA A TUGLIE SABATO 10"},"content":{"rendered":"\n<p><img decoding=\"async\" loading=\"lazy\" width=\"760\" height=\"300\" class=\"wp-image-242823\" style=\"width: 1500px;\" src=\"https:\/\/www.leccecronaca.it\/wordpress\/wp-content\/uploads\/2025\/05\/wcerfeda2-760x300-1.jpg\" alt=\"\" srcset=\"https:\/\/www.leccecronaca.it\/wordpress\/wp-content\/uploads\/2025\/05\/wcerfeda2-760x300-1.jpg 760w, https:\/\/www.leccecronaca.it\/wordpress\/wp-content\/uploads\/2025\/05\/wcerfeda2-760x300-1-300x118.jpg 300w\" sizes=\"(max-width: 760px) 100vw, 760px\" \/><\/p>\n\n\n\n<p>di <strong>Raffaele Polo ___________<\/strong><\/p>\n\n\n\n<p>Ritorna nel Salento lo scrittore Walter Cerfeda (nella foto) per una doppia presentazione, a Gallipoli e a Tuglie. L&#8217;evento \u00e8 inserito ne &#8216;il Maggio dei Libri&#8217;, organizzato da &#8216;Il Raggio Verde&#8217; in collaborazione con l&#8217;amministrazione comunale di Tuglie, Citt\u00e0 che Legge, Biblioteca Comunale &#8220;F.T. Gnoni&#8221;, Servizio Civile Universale, Istituto d&#8217;Istruzione Secondaria Superiore &#8220;A. Vespucci&#8221; di Gallipoli.<\/p>\n\n\n\n<p><\/p>\n\n\n\n<p>Autore del romanzo \u201cA viso aperto\u201d, edito da Il Raggio Verde, questa mattina, gioved\u00ec 8 aprile, lo scrittore \u00e8 stato a Gallipoli, dove ha incontrato gli studenti dell\u2019 ISSS \u201cA.Vespucci\u201d: ha introdotto  l\u2019incontro la dirigente Paola Apollonio, a seguire gli interventi di studenti e docenti.<\/p>\n\n\n\n<p><\/p>\n\n\n\n<p>Sabato 10 maggio, alle 18, l\u2019autore sar\u00e0 invece ospite della Biblioteca comunale \u201cF.T. Gnoni\u201d di Tuglie. Dopo i saluti istituzionali del sindaco Silvia Romano, interverranno Gabriella Gnoni direttrice della Biblioteca comunale, la studentessa Veronica Di Maglie, gli operatori del Servizio Civile Universale. Modera la giornalista Antonietta Fulvio. <\/p>\n\n\n\n<p><\/p>\n\n\n\n<p>Ambientato negli anni Settanta, tra l\u2019Italia, la Svizzera e la Spagna, il libro indaga il rapporto sulla libert\u00e0 in relazione ai contesti in cui si vive, familiari, sociali, professionali e politici. \u00abLa libert\u00e0 \u00e8 sempre figlia del pensiero di ogni essere umano. Ma se pensare \u00e8 libert\u00e0, le azioni originate dal proprio pensiero devono riuscire a trovare un equilibrio con il pensiero degli altri per permettere la convivenza civile. Nel tempo che stiamo attraversando (globalizzazione, crisi, covid, guerra) l\u2019accumulo di impotenza ha generato prima rabbia, poi rancore e infine sempre pi\u00f9 intolleranza e cattiveria, la cui ultima involuzione, specie sul piano politico, \u00e8 quella della perfidia\u00bb &#8211; afferma l&#8217;autore.<\/p>\n\n\n\n<p>Diviso in quattro parti, la narrazione ripercorre le vicende dei protagonisti, Luis Heredero e Gianni Cassano, la loro amicizia attraversa la dittatura franchista; il tema sempre attuale dell\u2019emigrazione per ritrovarsi, dopo gli eventi drammatici della pandemia e della guerra in Ucraina, a tirare le somme del proprio vissuto guardando al futuro incerto che ci attende.<\/p>\n\n\n\n<p>Nato a Bari nel 1947, Walter Cerfeda vive tra le Marche e il Salento. Collabora con numerose riviste nazionali e internazionali.&nbsp;&nbsp;<\/p>\n\n\n\n<p>Narratore e saggista, ha vinto numerosi premi letterari e saggistici.<\/p>\n\n\n\n<p><img decoding=\"async\" loading=\"lazy\" width=\"1800\" height=\"2560\" class=\"wp-image-242824\" style=\"width: 800px;\" src=\"https:\/\/www.leccecronaca.it\/wordpress\/wp-content\/uploads\/2025\/05\/manfiesto-walgter-tuglie-scaled.jpg\" alt=\"\" srcset=\"https:\/\/www.leccecronaca.it\/wordpress\/wp-content\/uploads\/2025\/05\/manfiesto-walgter-tuglie-scaled.jpg 1800w, https:\/\/www.leccecronaca.it\/wordpress\/wp-content\/uploads\/2025\/05\/manfiesto-walgter-tuglie-211x300.jpg 211w, https:\/\/www.leccecronaca.it\/wordpress\/wp-content\/uploads\/2025\/05\/manfiesto-walgter-tuglie-720x1024.jpg 720w, https:\/\/www.leccecronaca.it\/wordpress\/wp-content\/uploads\/2025\/05\/manfiesto-walgter-tuglie-768x1092.jpg 768w, https:\/\/www.leccecronaca.it\/wordpress\/wp-content\/uploads\/2025\/05\/manfiesto-walgter-tuglie-1080x1536.jpg 1080w, https:\/\/www.leccecronaca.it\/wordpress\/wp-content\/uploads\/2025\/05\/manfiesto-walgter-tuglie-1440x2048.jpg 1440w\" sizes=\"(max-width: 1800px) 100vw, 1800px\" \/><\/p>\n<fb:like href='https:\/\/www.leccecronaca.it\/index.php\/2025\/05\/08\/walter-cerfeda-a-tuglie-sabato-10\/' send='true' layout='button_count' show_faces='true' width='450' height='65' action='recommend' colorscheme='light' font='lucida grande'><\/fb:like><span class=\"fb_share\"><fb:like href=\"https:\/\/www.leccecronaca.it\/index.php\/2025\/05\/08\/walter-cerfeda-a-tuglie-sabato-10\/\" layout=\"button_count\"><\/fb:like><\/span>","protected":false},"excerpt":{"rendered":"<p>di Raffaele Polo ___________ Ritorna nel Salento lo scrittore Walter Cerfeda (nella foto) per una doppia presentazione, a Gallipoli e a Tuglie. L&#8217;evento \u00e8 inserito ne &#8216;il Maggio dei Libri&#8217;, organizzato da &#8216;Il Raggio Verde&#8217; in collaborazione con l&#8217;amministrazione comunale di Tuglie, Citt\u00e0 che Legge, Biblioteca Comunale &#8220;F.T. Gnoni&#8221;, Servizio Civile Universale, Istituto d&#8217;Istruzione Secondaria [&hellip;]<\/p>\n","protected":false},"author":4,"featured_media":242823,"comment_status":"open","ping_status":"closed","sticky":false,"template":"","format":"standard","meta":[],"categories":[1,69,31,75,57],"tags":[],"_links":{"self":[{"href":"https:\/\/www.leccecronaca.it\/index.php\/wp-json\/wp\/v2\/posts\/242822"}],"collection":[{"href":"https:\/\/www.leccecronaca.it\/index.php\/wp-json\/wp\/v2\/posts"}],"about":[{"href":"https:\/\/www.leccecronaca.it\/index.php\/wp-json\/wp\/v2\/types\/post"}],"author":[{"embeddable":true,"href":"https:\/\/www.leccecronaca.it\/index.php\/wp-json\/wp\/v2\/users\/4"}],"replies":[{"embeddable":true,"href":"https:\/\/www.leccecronaca.it\/index.php\/wp-json\/wp\/v2\/comments?post=242822"}],"version-history":[{"count":2,"href":"https:\/\/www.leccecronaca.it\/index.php\/wp-json\/wp\/v2\/posts\/242822\/revisions"}],"predecessor-version":[{"id":242826,"href":"https:\/\/www.leccecronaca.it\/index.php\/wp-json\/wp\/v2\/posts\/242822\/revisions\/242826"}],"wp:featuredmedia":[{"embeddable":true,"href":"https:\/\/www.leccecronaca.it\/index.php\/wp-json\/wp\/v2\/media\/242823"}],"wp:attachment":[{"href":"https:\/\/www.leccecronaca.it\/index.php\/wp-json\/wp\/v2\/media?parent=242822"}],"wp:term":[{"taxonomy":"category","embeddable":true,"href":"https:\/\/www.leccecronaca.it\/index.php\/wp-json\/wp\/v2\/categories?post=242822"},{"taxonomy":"post_tag","embeddable":true,"href":"https:\/\/www.leccecronaca.it\/index.php\/wp-json\/wp\/v2\/tags?post=242822"}],"curies":[{"name":"wp","href":"https:\/\/api.w.org\/{rel}","templated":true}]}}