{"id":242914,"date":"2025-05-10T12:51:47","date_gmt":"2025-05-10T10:51:47","guid":{"rendered":"https:\/\/www.leccecronaca.it\/?p=242914"},"modified":"2025-05-10T12:53:07","modified_gmt":"2025-05-10T10:53:07","slug":"nomen-omen-2","status":"publish","type":"post","link":"https:\/\/www.leccecronaca.it\/index.php\/2025\/05\/10\/nomen-omen-2\/","title":{"rendered":"NOMEN OMEN"},"content":{"rendered":"\n<p><img decoding=\"async\" loading=\"lazy\" width=\"500\" height=\"281\" class=\"wp-image-242915\" style=\"width: 1500px;\" src=\"https:\/\/www.leccecronaca.it\/wordpress\/wp-content\/uploads\/2025\/05\/cq5dam.thumbnail.cropped.500.281-2.jpeg\" alt=\"\" srcset=\"https:\/\/www.leccecronaca.it\/wordpress\/wp-content\/uploads\/2025\/05\/cq5dam.thumbnail.cropped.500.281-2.jpeg 500w, https:\/\/www.leccecronaca.it\/wordpress\/wp-content\/uploads\/2025\/05\/cq5dam.thumbnail.cropped.500.281-2-300x169.jpeg 300w\" sizes=\"(max-width: 500px) 100vw, 500px\" \/><\/p>\n\n\n\n<p>di <strong>Elena Vada __________<\/strong><\/p>\n\n\n\n<p>Tutti i cattolici, tutti i credenti, e pure i laici sono rimasti colpiti dall&#8217; emozione negli occhi del nuovo eletto, Papa Leone XIV.<\/p>\n\n\n\n<p>Affacciato alla Loggia vaticana, quasi non riusciva a parlare, ingoiando le lacrime che, probabilmente, umanamente, salivano a chiudergli la gola ed inumidire lo sguardo.&nbsp;<\/p>\n\n\n\n<p>Uno sguardo commosso, umile e buono.<\/p>\n\n\n\n<p>Pronuncia il suo primo discorso, tutto improntato ad una sola importantissima parola: PACE.<\/p>\n\n\n\n<p>: &#8220;Senza paura!&#8221;&nbsp;<\/p>\n\n\n\n<p>Questa \u00e8 un&#8217; affermazione che mi ha colpito tantissimo e, credo, debba essere il motto di tutti, ai giorni nostri.<\/p>\n\n\n\n<p>Affrontare la vita &#8220;senza paura&#8221; \u00e8 difficilissimo. Ognuno di noi cede a lusinghe, compromessi e aspettative, per ambizione o convenienze.<\/p>\n\n\n\n<p>Siamo un popolo d&#8217; ipocriti, di farisei?&nbsp;<\/p>\n\n\n\n<p>Non giudico, ma constato.&nbsp;<\/p>\n\n\n\n<p>Spero che ognuno si assuma le proprie responsabilit\u00e0 e, con fermezza, porti avanti idee e intenti, che si \u00e8 proposto&#8230; &#8216;senza paura&#8217;.<\/p>\n\n\n\n<p>Chi \u00e8 l&#8217; agostiniano Leone XIV, che far\u00e0, come sar\u00e0 il suo pontificato?&nbsp;<\/p>\n\n\n\n<p>Su di lui avete gi\u00e0 sentito tutto, da tutti: televisioni, giornali, media.<\/p>\n\n\n\n<p>Noi ricordiamo le caratteristiche&nbsp; agostiniane: la devozione a Maria,&nbsp;la dedizione agli studi e la loro diffusione. L&#8217;approfondimento della filosofia e della teologia, uniti all&#8217;attivit\u00e0 missionaria ed educativa.<\/p>\n\n\n\n<p>Il suo connazionale, presidente USA, Trump ha scritto sui social: &#8220;<\/p>\n\n\n\n<p>Congratulazioni al cardinale Robert Francis Prevost, appena nominato Papa. \u00c8 un grande onore realizzare che si tratta del primo Papa statunitense. Che emozione, e che onore per il nostro Paese. Non vedo l\u2019ora di incontrare Papa Leone XIV, sar\u00e0 un momento di grande significato\u201d.<\/p>\n\n\n\n<p>Mah&#8230; ???&nbsp; Magari, sar\u00e0 una tirata d&#8217; orecchie?!&nbsp;<\/p>\n\n\n\n<p>Personalmente, mi auguro che Leone XIV, sia il &#8220;Buon Pastore&#8221; che la Chiesa e il mondo desiderano e&nbsp; meritano.&nbsp;<\/p>\n\n\n\n<p>Curiosit\u00e0:<\/p>\n\n\n\n<p>Il nonno del Papa,\u00a0Gianni Lanti Prevosto,\u00a0sarebbe nato a Torino nel 1876\u00a0e morto nel 1960 a\u00a0Cook, Illinois. <\/p>\n\n\n\n<p>Infatti &#8220;prevost&#8221; in piemontese vuol dire proprio prete, un nome a met\u00e0 tra profezia e premonizione.<\/p>\n\n\n\n<p>Sposato con l&#8217;italo-svizzera&nbsp;Suzanne Louise Marie Fabre, emigr\u00f2&nbsp;in America, a Chicago, dove \u00e8 nato il padre di Robert Prevost.<\/p>\n\n\n\n<p>Il Piemonte terra di grandi vini e grandi Papi.<\/p>\n\n\n\n<p>Qui la terra \u00e8 fertile e buona&#8230; e ricordo le barzellette che mio pap\u00e0 raccontava sul\u00a0&#8220;Signor Prevost&#8230;&#8221; (Signor Parroco) del suo paesino (Neive), con l&#8217; umorismo allegro, semplice e campagnolo, in uso da queste parti, che appartiene pure a questi Papi.<\/p>\n\n\n\n<p>Allora, buon lavoro Robert, buon lavoro Papa Leone!<\/p>\n<fb:like href='https:\/\/www.leccecronaca.it\/index.php\/2025\/05\/10\/nomen-omen-2\/' send='true' layout='button_count' show_faces='true' width='450' height='65' action='recommend' colorscheme='light' font='lucida grande'><\/fb:like><span class=\"fb_share\"><fb:like href=\"https:\/\/www.leccecronaca.it\/index.php\/2025\/05\/10\/nomen-omen-2\/\" layout=\"button_count\"><\/fb:like><\/span>","protected":false},"excerpt":{"rendered":"<p>di Elena Vada __________ Tutti i cattolici, tutti i credenti, e pure i laici sono rimasti colpiti dall&#8217; emozione negli occhi del nuovo eletto, Papa Leone XIV. Affacciato alla Loggia vaticana, quasi non riusciva a parlare, ingoiando le lacrime che, probabilmente, umanamente, salivano a chiudergli la gola ed inumidire lo sguardo.&nbsp; Uno sguardo commosso, umile [&hellip;]<\/p>\n","protected":false},"author":4,"featured_media":242915,"comment_status":"open","ping_status":"closed","sticky":false,"template":"","format":"standard","meta":[],"categories":[1,69,31,76],"tags":[],"_links":{"self":[{"href":"https:\/\/www.leccecronaca.it\/index.php\/wp-json\/wp\/v2\/posts\/242914"}],"collection":[{"href":"https:\/\/www.leccecronaca.it\/index.php\/wp-json\/wp\/v2\/posts"}],"about":[{"href":"https:\/\/www.leccecronaca.it\/index.php\/wp-json\/wp\/v2\/types\/post"}],"author":[{"embeddable":true,"href":"https:\/\/www.leccecronaca.it\/index.php\/wp-json\/wp\/v2\/users\/4"}],"replies":[{"embeddable":true,"href":"https:\/\/www.leccecronaca.it\/index.php\/wp-json\/wp\/v2\/comments?post=242914"}],"version-history":[{"count":1,"href":"https:\/\/www.leccecronaca.it\/index.php\/wp-json\/wp\/v2\/posts\/242914\/revisions"}],"predecessor-version":[{"id":242916,"href":"https:\/\/www.leccecronaca.it\/index.php\/wp-json\/wp\/v2\/posts\/242914\/revisions\/242916"}],"wp:featuredmedia":[{"embeddable":true,"href":"https:\/\/www.leccecronaca.it\/index.php\/wp-json\/wp\/v2\/media\/242915"}],"wp:attachment":[{"href":"https:\/\/www.leccecronaca.it\/index.php\/wp-json\/wp\/v2\/media?parent=242914"}],"wp:term":[{"taxonomy":"category","embeddable":true,"href":"https:\/\/www.leccecronaca.it\/index.php\/wp-json\/wp\/v2\/categories?post=242914"},{"taxonomy":"post_tag","embeddable":true,"href":"https:\/\/www.leccecronaca.it\/index.php\/wp-json\/wp\/v2\/tags?post=242914"}],"curies":[{"name":"wp","href":"https:\/\/api.w.org\/{rel}","templated":true}]}}