{"id":242924,"date":"2025-05-10T14:34:37","date_gmt":"2025-05-10T12:34:37","guid":{"rendered":"https:\/\/www.leccecronaca.it\/?p=242924"},"modified":"2025-05-10T14:38:21","modified_gmt":"2025-05-10T12:38:21","slug":"pesante-contestazione-al-ministro-adolfo-urso-questa-mattina-a-taranto-i-cittadini-piangono-i-loro-morti-e-ammalati-lui-si-preoccupa-per-laltoforno-sequestrato-dai-magistrati-nel-ricatto-occupazio","status":"publish","type":"post","link":"https:\/\/www.leccecronaca.it\/index.php\/2025\/05\/10\/pesante-contestazione-al-ministro-adolfo-urso-questa-mattina-a-taranto-i-cittadini-piangono-i-loro-morti-e-ammalati-lui-si-preoccupa-per-laltoforno-sequestrato-dai-magistrati-nel-ricatto-occupazio\/","title":{"rendered":"PESANTE CONTESTAZIONE AL MINISTRO ADOLFO URSO A TARANTO. I CITTADINI PIANGONO I LORO MORTI E AMMALATI. LUI SI PREOCCUPA PER L&#8217;ALTOFORNO SEQUESTRATO DAI MAGISTRATI E RINNOVA IL RICATTO OCCUPAZIONALE"},"content":{"rendered":"\n<p><img decoding=\"async\" loading=\"lazy\" width=\"818\" height=\"539\" class=\"wp-image-242925\" style=\"width: 1500px;\" src=\"https:\/\/www.leccecronaca.it\/wordpress\/wp-content\/uploads\/2025\/05\/COVERTA.png\" alt=\"\" srcset=\"https:\/\/www.leccecronaca.it\/wordpress\/wp-content\/uploads\/2025\/05\/COVERTA.png 818w, https:\/\/www.leccecronaca.it\/wordpress\/wp-content\/uploads\/2025\/05\/COVERTA-300x198.png 300w, https:\/\/www.leccecronaca.it\/wordpress\/wp-content\/uploads\/2025\/05\/COVERTA-768x506.png 768w\" sizes=\"(max-width: 818px) 100vw, 818px\" \/><\/p>\n\n\n\n<p>(Rdl) _________ Con un&#8217;apposita cerimonia, tenutasi questa mattina a Taranto, cui, fra le altre autorit\u00e0, hanno partecipato i ministri delle Imprese e del Made in Italy, Adolfo Urso, e dell&#8217;Universit\u00e0 e della Ricerca, Anna Maria Bernini, il Tecnopolo mediterraneo per lo sviluppo sostenibile, centro definito strategico per la transizione ecologica e la valorizzazione delle competenze scientifiche e tecnologiche del Mezzogiorno.<\/p>\n\n\n\n<p>ADOLFO URSO: <\/p>\n\n\n\n<p>&#8220;Raggiungiamo l&#8217;obiettivo che ci eravamo prefissati, quello di un Tecnopolo che possa accompagnare, indirizzare, la transizione ambientale, coniugando al meglio, e lo faremo qui a Taranto, green e imprese, salute e lavoro.<\/p>\n\n\n\n<p>E questo tassello era decisivo nel percorso verso la piena decarbonizzazione dello stabilimento siderurgico, cos\u00ec da poter diventare, esso s\u00ec, un modello di transizione ambientale e nel contempo un polo di sviluppo per le altre imprese che si insedieranno a breve a Taranto&#8221;.<\/p>\n\n\n\n<p>E ANCORA, A PROPOSITO DEGLI ULTIMI SVILUPPI DI CRONACA:<\/p>\n\n\n\n<p>&#8220;Se il sequestro dell&#8217;altoforno preveder\u00e0 anche l&#8217;inibizione all&#8217;uso dovremo necessariamente aspettarci un forte numero di lavoratori in cassa integrazione e una riduzione significativa della produzione. Ma se il provvedimento inibir\u00e0 anche la manutenzione degli impianti che deve essere effettuata nelle prossime ore, compromettendo per sempre il ripristino dell&#8217;altoforno, potete immaginare quali possono essere le conseguenze. E&#8217; chiaro che se qui si crea un&#8217;altra Bagnoli, finir\u00e0 come a Bagnoli&#8221;.&nbsp;<\/p>\n\n\n\n<p>I due rappresentanti del governo sono stati pesantemente contestati in un presidio organizzato nelle vicinaze, in piazza Lucania, nei pressi di viale Virgilio, da cittadini chiamati a raccolta, con lo slogan &#8216;NO PASSERELLE&#8217; dalle associazioni che da anni si battono per la chiusura del Mostro.<\/p>\n\n\n\n<p>Esposti striscioni eloquenti, urlati cori e diffusi comunicati per spiegare la protesta.<\/p>\n\n\n\n<p>GENITORI TARANTINI: <\/p>\n\n\n\n<p>&#8220;A Taranto succede che un incidente rilevante come quello dell&#8217;altro giorno immetta nell&#8217;aria veleni che tutti i cittadini sono costretti a respirare, senza scampo.<\/p>\n\n\n\n<p>E succede che il referto di una analisi medica di routine sconvolga la vita di una persona, ma anche dei suoi parenti, degli amici.<\/p>\n\n\n\n<p>La sofferenza mentale e fisica \u00e8 atroce, non c&#8217;\u00e8 scampo. Questo sta succedendo a centinaia di persone, ancora e ancora.<\/p>\n\n\n\n<p>E non ci sarebbe neanche bisogno di <a><\/a>presentare esposti o denunce, rivolgersi a tribunali nella speranza che la giustizia ristabilisca la pari dignit\u00e0 anche per chi continua a subire la dittatura del governo di turno. I colpevoli li conosciamo; possiamo puntare il dito senza paura di sbagliare.<\/p>\n\n\n\n<p>Oggi, in pompa magna, alcuni di loro sono a Taranto, in veste istituzionale, per una inaugurazione: un&#8217;offesa ulteriore al nostro territorio, a noi, ai nostri figli e nipoti, alle future generazioni&#8221;.<\/p>\n\n\n\n<p>E ANCORA:<\/p>\n\n\n\n<p>&#8220;Mentre \u00e8 in corso il riesame dell&#8217;Aia dell&#8217;ex Ilva, il diritto alla salute \u00e8 sistematicamente violato in questa citt\u00e0, come testimonia il grave incendio dell&#8217;altroieri all&#8217;altoforno 1. Taranto non accetta compromessi. E non accetta passerelle&#8221;.<\/p>\n\n\n\n<p>COMITATO CITTADINI LAVORATORI LIBERI E PENSANTI:<\/p>\n\n\n\n<p>&#8220;Mentre \u00e8 in corso il riesame dell\u2019AIA dell\u2019ex ILVA, e resta ancora non pubblicato il parere aggiornato dell\u2019Istituto Superiore di Sanit\u00e0, riteniamo inaccettabile che si continui a sorvolare su una questione che riguarda direttamente il diritto costituzionale alla salute (art. 32 Costituzione), sistematicamente violato in questa citt\u00e0.<\/p>\n\n\n\n<p>Nei giorni scorsi, il Presidente Emiliano ha inoltre parlato di &#8216;inevitabili impatti ambientali&#8217;, giustificandoli con la logica del male minore.<\/p>\n\n\n\n<p>Ma Taranto non pu\u00f2 pi\u00f9 essere ZONA DI SACRIFICIO: non siamo disposti ad accettare decisioni imposte, n\u00e9 a subire ulteriori compromessi. Taranto non accetta compromessi. E non accetta passerelle&#8221;.<\/p>\n\n\n\n<p>E ANCORA:<\/p>\n\n\n\n<p>&#8220;Il ministro Urso deve ascoltare dalla viva voce dei cittadini che questa fabbrica non la vogliono aperta. Non dobbiamo aspettare la tragedia per decidere una volta per tutte di chiudere. E&#8217; una fabbrica che uccide giorno dopo giorno noi, le nostre vite e anche l&#8217;economia di questo territorio&#8221;. _________<\/p>\n\n\n\n<p>LA RICERCA nel nostro articolo immediatamente precedente<\/p>\n\n\n\n<figure class=\"wp-block-embed is-type-wp-embed is-provider-leccecronaca-it wp-block-embed-leccecronaca-it\"><div class=\"wp-block-embed__wrapper\">\n<blockquote class=\"wp-embedded-content\" data-secret=\"cjzrlXgU1o\"><a href=\"https:\/\/www.leccecronaca.it\/index.php\/2025\/05\/10\/la-fumata-nera-del-mostro-seguiti\/\">LA FUMATA NERA DEL MOSTRO \/ SEGUITI<\/a><\/blockquote><iframe class=\"wp-embedded-content\" sandbox=\"allow-scripts\" security=\"restricted\" style=\"position: absolute; clip: rect(1px, 1px, 1px, 1px);\" title=\"&#8220;LA FUMATA NERA DEL MOSTRO \/ SEGUITI&#8221; &#8212; LecceCronaca.it\" src=\"https:\/\/www.leccecronaca.it\/index.php\/2025\/05\/10\/la-fumata-nera-del-mostro-seguiti\/embed\/#?secret=SYCNVkdEl0#?secret=cjzrlXgU1o\" data-secret=\"cjzrlXgU1o\" width=\"500\" height=\"282\" frameborder=\"0\" marginwidth=\"0\" marginheight=\"0\" scrolling=\"no\"><\/iframe>\n<\/div><\/figure>\n\n\n\n<p><\/p>\n<fb:like href='https:\/\/www.leccecronaca.it\/index.php\/2025\/05\/10\/pesante-contestazione-al-ministro-adolfo-urso-questa-mattina-a-taranto-i-cittadini-piangono-i-loro-morti-e-ammalati-lui-si-preoccupa-per-laltoforno-sequestrato-dai-magistrati-nel-ricatto-occupazio\/' send='true' layout='button_count' show_faces='true' width='450' height='65' action='recommend' colorscheme='light' font='lucida grande'><\/fb:like><span class=\"fb_share\"><fb:like href=\"https:\/\/www.leccecronaca.it\/index.php\/2025\/05\/10\/pesante-contestazione-al-ministro-adolfo-urso-questa-mattina-a-taranto-i-cittadini-piangono-i-loro-morti-e-ammalati-lui-si-preoccupa-per-laltoforno-sequestrato-dai-magistrati-nel-ricatto-occupazio\/\" layout=\"button_count\"><\/fb:like><\/span>","protected":false},"excerpt":{"rendered":"<p>(Rdl) _________ Con un&#8217;apposita cerimonia, tenutasi questa mattina a Taranto, cui, fra le altre autorit\u00e0, hanno partecipato i ministri delle Imprese e del Made in Italy, Adolfo Urso, e dell&#8217;Universit\u00e0 e della Ricerca, Anna Maria Bernini, il Tecnopolo mediterraneo per lo sviluppo sostenibile, centro definito strategico per la transizione ecologica e la valorizzazione delle competenze [&hellip;]<\/p>\n","protected":false},"author":4,"featured_media":242925,"comment_status":"open","ping_status":"closed","sticky":false,"template":"","format":"standard","meta":[],"categories":[1,69,76],"tags":[],"_links":{"self":[{"href":"https:\/\/www.leccecronaca.it\/index.php\/wp-json\/wp\/v2\/posts\/242924"}],"collection":[{"href":"https:\/\/www.leccecronaca.it\/index.php\/wp-json\/wp\/v2\/posts"}],"about":[{"href":"https:\/\/www.leccecronaca.it\/index.php\/wp-json\/wp\/v2\/types\/post"}],"author":[{"embeddable":true,"href":"https:\/\/www.leccecronaca.it\/index.php\/wp-json\/wp\/v2\/users\/4"}],"replies":[{"embeddable":true,"href":"https:\/\/www.leccecronaca.it\/index.php\/wp-json\/wp\/v2\/comments?post=242924"}],"version-history":[{"count":2,"href":"https:\/\/www.leccecronaca.it\/index.php\/wp-json\/wp\/v2\/posts\/242924\/revisions"}],"predecessor-version":[{"id":242928,"href":"https:\/\/www.leccecronaca.it\/index.php\/wp-json\/wp\/v2\/posts\/242924\/revisions\/242928"}],"wp:featuredmedia":[{"embeddable":true,"href":"https:\/\/www.leccecronaca.it\/index.php\/wp-json\/wp\/v2\/media\/242925"}],"wp:attachment":[{"href":"https:\/\/www.leccecronaca.it\/index.php\/wp-json\/wp\/v2\/media?parent=242924"}],"wp:term":[{"taxonomy":"category","embeddable":true,"href":"https:\/\/www.leccecronaca.it\/index.php\/wp-json\/wp\/v2\/categories?post=242924"},{"taxonomy":"post_tag","embeddable":true,"href":"https:\/\/www.leccecronaca.it\/index.php\/wp-json\/wp\/v2\/tags?post=242924"}],"curies":[{"name":"wp","href":"https:\/\/api.w.org\/{rel}","templated":true}]}}