{"id":242937,"date":"2025-05-10T18:17:21","date_gmt":"2025-05-10T16:17:21","guid":{"rendered":"https:\/\/www.leccecronaca.it\/?p=242937"},"modified":"2025-05-10T18:17:23","modified_gmt":"2025-05-10T16:17:23","slug":"verona-lecce-domenica-11-ore-15","status":"publish","type":"post","link":"https:\/\/www.leccecronaca.it\/index.php\/2025\/05\/10\/verona-lecce-domenica-11-ore-15\/","title":{"rendered":"VERONA &#8211; LECCE DOMENICA 11 ORE 15"},"content":{"rendered":"\n<p><img decoding=\"async\" loading=\"lazy\" width=\"262\" height=\"193\" class=\"wp-image-242938\" style=\"width: 1200px;\" src=\"https:\/\/www.leccecronaca.it\/wordpress\/wp-content\/uploads\/2025\/05\/images-1.jpeg\" alt=\"\"><\/p>\n\n\n\n<p>(Rdl) ____________ &#8220;Come stiamo? Stiamo tutti bene! Kristovic (reduce da un leggero infortunio, ndr) pure,  si \u00e8 allenato in gruppo e quindi \u00e8 disponibile per la partita di domani. Rebic? Sta bene pure lui. Domani ci sar\u00e0 spazio pure per lui&#8221;.<\/p>\n\n\n\n<p>E cos\u00ec via. Nella conferenza stampa di questo pomeriggio al via del Mare prima della partenza per il Veneto, al solito e giustamente Marco Giampaolo non si sbilancia pi\u00f9 di tanto, con i giornalisti che gli sollecitano risposte su questo, piuttosto che su quest&#8217;altro, per la formazione che scender\u00e0 in campo e sullo schieramento che sar\u00e0 adottato.<\/p>\n\n\n\n<p><\/p>\n\n\n\n<p><br>&#8220;Ogni partita \u00e8 diversa in base all&#8217;avversario. Ogni avversario presenta problematiche di un certo tipo. Con grande umilt\u00e0 facciamo le cose nella maniera in cui riteniamo che vadano fatte. A prescindere da questo, \u00e8 importante che chi va in campo faccia la partita giusta&#8230;<\/p>\n\n\n\n<p>L&#8217;equilibrio \u00e8 la cosa pi\u00f9 importante, poi il dettaglio deve portare il risultato a tuo favore. Tutte le volte che abbiamo perso gli equilibri abbiamo perso la partita&#8221;.<\/p>\n\n\n\n<p><\/p>\n\n\n\n<p>Trentaseiesima giornata di campionato, tre partite compresa questa al termine.<\/p>\n\n\n\n<p>Il Verona \u00e8 a 32 punti insieme al Parma: ad un passo dalla salvezza, ma non ancora al sicuro.<\/p>\n\n\n\n<p>Il Lecce, a quota 27, si deve guardare alle spalle, dove ha un margine di un punto sul Venezia e di due sull&#8217;Empoli.<\/p>\n\n\n\n<p>Gi\u00e0 matematicamente retrocesso il fanalino di coda Monza, quali saranno le altre due squadre che non riusciranno a tagliare il traguardo della salvezza?<\/p>\n\n\n\n<p><\/p>\n<fb:like href='https:\/\/www.leccecronaca.it\/index.php\/2025\/05\/10\/verona-lecce-domenica-11-ore-15\/' send='true' layout='button_count' show_faces='true' width='450' height='65' action='recommend' colorscheme='light' font='lucida grande'><\/fb:like><span class=\"fb_share\"><fb:like href=\"https:\/\/www.leccecronaca.it\/index.php\/2025\/05\/10\/verona-lecce-domenica-11-ore-15\/\" layout=\"button_count\"><\/fb:like><\/span>","protected":false},"excerpt":{"rendered":"<p>(Rdl) ____________ &#8220;Come stiamo? Stiamo tutti bene! Kristovic (reduce da un leggero infortunio, ndr) pure, si \u00e8 allenato in gruppo e quindi \u00e8 disponibile per la partita di domani. Rebic? Sta bene pure lui. Domani ci sar\u00e0 spazio pure per lui&#8221;. E cos\u00ec via. Nella conferenza stampa di questo pomeriggio al via del Mare prima [&hellip;]<\/p>\n","protected":false},"author":4,"featured_media":242938,"comment_status":"open","ping_status":"closed","sticky":false,"template":"","format":"standard","meta":[],"categories":[28],"tags":[],"_links":{"self":[{"href":"https:\/\/www.leccecronaca.it\/index.php\/wp-json\/wp\/v2\/posts\/242937"}],"collection":[{"href":"https:\/\/www.leccecronaca.it\/index.php\/wp-json\/wp\/v2\/posts"}],"about":[{"href":"https:\/\/www.leccecronaca.it\/index.php\/wp-json\/wp\/v2\/types\/post"}],"author":[{"embeddable":true,"href":"https:\/\/www.leccecronaca.it\/index.php\/wp-json\/wp\/v2\/users\/4"}],"replies":[{"embeddable":true,"href":"https:\/\/www.leccecronaca.it\/index.php\/wp-json\/wp\/v2\/comments?post=242937"}],"version-history":[{"count":1,"href":"https:\/\/www.leccecronaca.it\/index.php\/wp-json\/wp\/v2\/posts\/242937\/revisions"}],"predecessor-version":[{"id":242939,"href":"https:\/\/www.leccecronaca.it\/index.php\/wp-json\/wp\/v2\/posts\/242937\/revisions\/242939"}],"wp:featuredmedia":[{"embeddable":true,"href":"https:\/\/www.leccecronaca.it\/index.php\/wp-json\/wp\/v2\/media\/242938"}],"wp:attachment":[{"href":"https:\/\/www.leccecronaca.it\/index.php\/wp-json\/wp\/v2\/media?parent=242937"}],"wp:term":[{"taxonomy":"category","embeddable":true,"href":"https:\/\/www.leccecronaca.it\/index.php\/wp-json\/wp\/v2\/categories?post=242937"},{"taxonomy":"post_tag","embeddable":true,"href":"https:\/\/www.leccecronaca.it\/index.php\/wp-json\/wp\/v2\/tags?post=242937"}],"curies":[{"name":"wp","href":"https:\/\/api.w.org\/{rel}","templated":true}]}}