{"id":243679,"date":"2025-05-29T18:55:42","date_gmt":"2025-05-29T16:55:42","guid":{"rendered":"https:\/\/www.leccecronaca.it\/?p=243679"},"modified":"2025-05-29T18:55:58","modified_gmt":"2025-05-29T16:55:58","slug":"ancora-i-filobus-delle-polemiche-infinite-dopo-quelli-voluti-nei-suoi-precedenti-mandati-adesso-adriana-poli-bortone-da-il-via-libera-allaumento-da-11-a-27-il-pd-protesta-no-grazie-ripensa","status":"publish","type":"post","link":"https:\/\/www.leccecronaca.it\/index.php\/2025\/05\/29\/ancora-i-filobus-delle-polemiche-infinite-dopo-quelli-voluti-nei-suoi-precedenti-mandati-adesso-adriana-poli-bortone-da-il-via-libera-allaumento-da-11-a-27-il-pd-protesta-no-grazie-ripensa\/","title":{"rendered":"ANCORA I FILOBUS DELLE POLEMICHE INFINITE. DOPO QUELLI VOLUTI NEI SUOI PRECEDENTI MANDATI, ADESSO ADRIANA POLI BORTONE DA&#8217; IL VIA LIBERA ALL&#8217;AUMENTO DA 11 A 27. IL PD PROTESTA: &#8216;NO, GRAZIE! RIPENSATECI!&#8217;"},"content":{"rendered":"\n<p><\/p>\n\n\n\n<p><img decoding=\"async\" loading=\"lazy\" width=\"300\" height=\"199\" class=\"wp-image-243680\" style=\"width: 1500px;\" src=\"https:\/\/www.leccecronaca.it\/wordpress\/wp-content\/uploads\/2025\/05\/Filobus-300x199-1.jpg\" alt=\"\"><\/p>\n\n\n\n<p>Riceviamo e volentieri pubblichiamo. Gruppo consiliare e segreteria cittadina del Partito Democratico di mandano il seguente comunicato __________<\/p>\n\n\n\n<p>&#8220;<strong>NUOVI INVESTIMENTI PER IL FILOBUS, PD: LA POLI SI FERMI ED ASCOLTI LA CITTA'&#8221;.<\/strong><\/p>\n\n\n\n<p>Il PD esprime un radicale e motivato dissenso rispetto all\u2019ennesima decisione della Giunta Poli che solo a parole dichiara di essere espressione del governo dell\u2019ascolto della citt\u00e0.<\/p>\n\n\n\n<p><br>Continua in questo modo l\u2019assalto alla citt\u00e0 in totale dispregio dell\u2019opinione pubblica e dello stesso elettorato che ha sostenuto l&#8217;attuale maggioranza.<\/p>\n\n\n\n<p><br>Infatti con una decisione assunta nel chiuso del palazzo si annuncia che il filobus raddoppia!<\/p>\n\n\n\n<p>Quindi, ulteriori pali, ulteriori fili per ulteriori chilometri che si aggiungono ad un&#8217;opera inutile, dannosa, costata oltre 23 milioni, che ancora una volta violenteranno la bellezza di una citt\u00e0 che nel nitore delle line e la pulizia della sua architettura ha il suo punto di forza.<\/p>\n\n\n\n<p>Il PD dunque ribadisce il suo totale dissenso e la netta contrariet\u00e0 rispetto:<\/p>\n\n\n\n<p>\u2022\u2060&nbsp; \u2060all\u2019opera in s\u00e9 che non soddisfa alcun bisogno della mobilit\u00e0 sostenibile che potrebbe essere ampiamente soddisfatta con altre modalit\u00e0, ad esempio una seria implementazione dei bus elettrici;<\/p>\n\n\n\n<p>\u2022\u2060&nbsp; \u2060Alla modalit\u00e0 obsoleta di pensare alla mobilit\u00e0 sostenibile che non era attuale allora e ancor meno lo \u00e8 oggi;<\/p>\n\n\n\n<p>\u2022\u2060&nbsp; \u2060Rispetto alla modalit\u00e0 di gestione su questioni che segnano il futuro della citt\u00e0, senza che ci sia un reale ascolto della citt\u00e0 stessa.<\/p>\n<fb:like href='https:\/\/www.leccecronaca.it\/index.php\/2025\/05\/29\/ancora-i-filobus-delle-polemiche-infinite-dopo-quelli-voluti-nei-suoi-precedenti-mandati-adesso-adriana-poli-bortone-da-il-via-libera-allaumento-da-11-a-27-il-pd-protesta-no-grazie-ripensa\/' send='true' layout='button_count' show_faces='true' width='450' height='65' action='recommend' colorscheme='light' font='lucida grande'><\/fb:like><span class=\"fb_share\"><fb:like href=\"https:\/\/www.leccecronaca.it\/index.php\/2025\/05\/29\/ancora-i-filobus-delle-polemiche-infinite-dopo-quelli-voluti-nei-suoi-precedenti-mandati-adesso-adriana-poli-bortone-da-il-via-libera-allaumento-da-11-a-27-il-pd-protesta-no-grazie-ripensa\/\" layout=\"button_count\"><\/fb:like><\/span>","protected":false},"excerpt":{"rendered":"<p>Riceviamo e volentieri pubblichiamo. Gruppo consiliare e segreteria cittadina del Partito Democratico di mandano il seguente comunicato __________ &#8220;NUOVI INVESTIMENTI PER IL FILOBUS, PD: LA POLI SI FERMI ED ASCOLTI LA CITTA&#8217;&#8221;. Il PD esprime un radicale e motivato dissenso rispetto all\u2019ennesima decisione della Giunta Poli che solo a parole dichiara di essere espressione del [&hellip;]<\/p>\n","protected":false},"author":4,"featured_media":243680,"comment_status":"open","ping_status":"closed","sticky":false,"template":"","format":"standard","meta":[],"categories":[69,76,36],"tags":[],"_links":{"self":[{"href":"https:\/\/www.leccecronaca.it\/index.php\/wp-json\/wp\/v2\/posts\/243679"}],"collection":[{"href":"https:\/\/www.leccecronaca.it\/index.php\/wp-json\/wp\/v2\/posts"}],"about":[{"href":"https:\/\/www.leccecronaca.it\/index.php\/wp-json\/wp\/v2\/types\/post"}],"author":[{"embeddable":true,"href":"https:\/\/www.leccecronaca.it\/index.php\/wp-json\/wp\/v2\/users\/4"}],"replies":[{"embeddable":true,"href":"https:\/\/www.leccecronaca.it\/index.php\/wp-json\/wp\/v2\/comments?post=243679"}],"version-history":[{"count":2,"href":"https:\/\/www.leccecronaca.it\/index.php\/wp-json\/wp\/v2\/posts\/243679\/revisions"}],"predecessor-version":[{"id":243682,"href":"https:\/\/www.leccecronaca.it\/index.php\/wp-json\/wp\/v2\/posts\/243679\/revisions\/243682"}],"wp:featuredmedia":[{"embeddable":true,"href":"https:\/\/www.leccecronaca.it\/index.php\/wp-json\/wp\/v2\/media\/243680"}],"wp:attachment":[{"href":"https:\/\/www.leccecronaca.it\/index.php\/wp-json\/wp\/v2\/media?parent=243679"}],"wp:term":[{"taxonomy":"category","embeddable":true,"href":"https:\/\/www.leccecronaca.it\/index.php\/wp-json\/wp\/v2\/categories?post=243679"},{"taxonomy":"post_tag","embeddable":true,"href":"https:\/\/www.leccecronaca.it\/index.php\/wp-json\/wp\/v2\/tags?post=243679"}],"curies":[{"name":"wp","href":"https:\/\/api.w.org\/{rel}","templated":true}]}}