{"id":244082,"date":"2025-06-08T19:04:34","date_gmt":"2025-06-08T17:04:34","guid":{"rendered":"https:\/\/www.leccecronaca.it\/?p=244082"},"modified":"2025-06-08T19:32:00","modified_gmt":"2025-06-08T17:32:00","slug":"la-storia-io-e-la-ragazza-dellest-lasciata-sola-in-italia-col-suo-tumore","status":"publish","type":"post","link":"https:\/\/www.leccecronaca.it\/index.php\/2025\/06\/08\/la-storia-io-e-la-ragazza-dellest-lasciata-sola-in-italia-col-suo-tumore\/","title":{"rendered":"LA STORIA \/ IO E LA RAGAZZA DELL&#8217;EST, LASCIATA SOLA IN ITALIA COL SUO TUMORE"},"content":{"rendered":"\n<p><img decoding=\"async\" loading=\"lazy\" width=\"960\" height=\"640\" class=\"wp-image-244083\" style=\"width: 2500px;\" src=\"https:\/\/www.leccecronaca.it\/wordpress\/wp-content\/uploads\/2025\/06\/boris.jpg\" alt=\"\" srcset=\"https:\/\/www.leccecronaca.it\/wordpress\/wp-content\/uploads\/2025\/06\/boris.jpg 960w, https:\/\/www.leccecronaca.it\/wordpress\/wp-content\/uploads\/2025\/06\/boris-300x200.jpg 300w, https:\/\/www.leccecronaca.it\/wordpress\/wp-content\/uploads\/2025\/06\/boris-768x512.jpg 768w\" sizes=\"(max-width: 960px) 100vw, 960px\" \/><\/p>\n\n\n\n<p>di <strong>Boris Tremolizzo ___________ <\/strong>(Rdl: nella foto, l&#8217;autore: post ripreso dal suo diario di Facebook, in quanto riteniamo questa storia, solo apparentemente &#8216;personale&#8217;, contenga in realt\u00e0 molteplici spunti di riflessione per tutti i nostri lettori. A parte le questioni ideologiche che pone e che ognuno valuter\u00e0 come meglio crede, la speranza \u00e8 che la legga qualche dirigente dell&#8217;Asl di Lecce, o della Sanit\u00e0 della Regione Puglia, oppure un imprenditore privato in grado di aiutarla   concretamente, consentendole di curarsi senza perdere la possibilit\u00e0 di lavorare o, almeno, di aiutare il figlio ) ____________<\/p>\n\n\n\n<p><\/p>\n\n\n\n<p>Ieri sera sono uscito con una ragazza di nazionalit\u00e0 straniera, appartenente a una delle repubbliche ex Urss. Un bel po&#8217; pi\u00f9 giovane di me, una che fa parte di quelle generazioni che ancora non si dovrebbero confrontare con gli acciacchi dell&#8217;et\u00e0, n\u00e9 con l&#8217;incalzante ed implacabile incedere dei capelli bianchi sulla testa e delle rughe sotto gli occhi.<\/p>\n\n\n\n<p><\/p>\n\n\n\n<p>Come sempre accade in questi casi, le ho chiesto cosa pensava del comunismo, del passato sovietico e, non potevo non farlo, ho chiesto anche dello zio Peppe (Stalin, ndr), di quale ricordo si avesse di uno dei principale protagonisti del Novecento.<\/p>\n\n\n\n<p>Alle domande lei rispondeva che non voleva sentirne parlare, che mancava la libert\u00e0, che noi qua non potevamo capire&#8230;<\/p>\n\n\n\n<p>Cercavo di approfondire, ma conosceva meno di me l&#8217;Unione Sovietica, ne aveva solo sentito parlare, e male, dalla televisione.<\/p>\n\n\n\n<p>Poi abbiamo parlato di altro e, gira e rigira, \u00e8 emerso che ha un tumore.<\/p>\n\n\n\n<p>Che, quando stava in Sicilia, lo stava curando e lo teneva sotto controllo.<\/p>\n\n\n\n<p>Poi \u00e8 venuta qua a Lecce, sempre per lavoro, ed ha sospeso la cura perch\u00e9 la chemioterapia la rendeva debole e non le consentiva di lavorare.<\/p>\n\n\n\n<p>Che deve inviare i soldi a suo figlio, rimasto in Patria, per farlo studiare e per finire di pagare la casa, quindi deve lavorare, non pu\u00f2 permettersi di continuare la cura.<\/p>\n\n\n\n<p>Che sono solo due anni e poi finisce di pagare tutto ed il medico le ha detto che due anni di vita  ce li ha ancora&#8230;<\/p>\n\n\n\n<p>Io, naturalmente, ero tra l&#8217;esterrefatto e l&#8217;incredulo, ho cercato, invano, di dirle tutto quello che mi veniva in mente per indebolire, insidiare, far vacillare questa determinazione a morire di una trentottenne che a me appariva cinicamente lucidissima&#8230;<\/p>\n\n\n\n<p>Ma niente, a un certo punto ha voluto cambiare discorso e allora lei \u00e8 passata all&#8217;attacco chiedendomi come faceva a piacere a me il comunismo, a me che avevo la fortuna di essere nato in un paese libero&#8230;<\/p>\n\n\n\n<p><\/p>\n\n\n\n<p>Le ho risposto che la libert\u00e0 di un paese capitalista \u00e8 quella di scegliere se curarsi un tumore e lasciar morire di fame il figlio, o lasciarsi morire per aiutare lui a sopravvivere.<\/p>\n\n\n\n<p>Che preferirei vivere in un paese comunista proprio perch\u00e9 l\u00ec nessuno sarebbe messo nelle condizioni di dover scegliere tra queste due opzioni&#8230;<\/p>\n\n\n\n<p>Oggi, al risveglio, ho continuato a pensarci, ripeteva sempre, &#8220;che devo fare? Sono sola&#8230;&#8221;<\/p>\n\n\n\n<p>Ed ho pensato a quante persone, anche Italiani, salentini si sentono soli di fronte a questo o ad altro tipo di problemi.<\/p>\n\n\n\n<p>E penso che, se queste persone si sentono sole, stiamo sbagliando tutto, che noi siamo nati proprio per trasformare i problemi di ognuno in problemi di tutti, proprio perch\u00e9 nessuno pi\u00f9 si senta solo&#8230;<\/p>\n<fb:like href='https:\/\/www.leccecronaca.it\/index.php\/2025\/06\/08\/la-storia-io-e-la-ragazza-dellest-lasciata-sola-in-italia-col-suo-tumore\/' send='true' layout='button_count' show_faces='true' width='450' height='65' action='recommend' colorscheme='light' font='lucida grande'><\/fb:like><span class=\"fb_share\"><fb:like href=\"https:\/\/www.leccecronaca.it\/index.php\/2025\/06\/08\/la-storia-io-e-la-ragazza-dellest-lasciata-sola-in-italia-col-suo-tumore\/\" layout=\"button_count\"><\/fb:like><\/span>","protected":false},"excerpt":{"rendered":"<p>di Boris Tremolizzo ___________ (Rdl: nella foto, l&#8217;autore: post ripreso dal suo diario di Facebook, in quanto riteniamo questa storia, solo apparentemente &#8216;personale&#8217;, contenga in realt\u00e0 molteplici spunti di riflessione per tutti i nostri lettori. A parte le questioni ideologiche che pone e che ognuno valuter\u00e0 come meglio crede, la speranza \u00e8 che la legga [&hellip;]<\/p>\n","protected":false},"author":4,"featured_media":244083,"comment_status":"open","ping_status":"closed","sticky":false,"template":"","format":"standard","meta":[],"categories":[1,69,31,76],"tags":[],"_links":{"self":[{"href":"https:\/\/www.leccecronaca.it\/index.php\/wp-json\/wp\/v2\/posts\/244082"}],"collection":[{"href":"https:\/\/www.leccecronaca.it\/index.php\/wp-json\/wp\/v2\/posts"}],"about":[{"href":"https:\/\/www.leccecronaca.it\/index.php\/wp-json\/wp\/v2\/types\/post"}],"author":[{"embeddable":true,"href":"https:\/\/www.leccecronaca.it\/index.php\/wp-json\/wp\/v2\/users\/4"}],"replies":[{"embeddable":true,"href":"https:\/\/www.leccecronaca.it\/index.php\/wp-json\/wp\/v2\/comments?post=244082"}],"version-history":[{"count":3,"href":"https:\/\/www.leccecronaca.it\/index.php\/wp-json\/wp\/v2\/posts\/244082\/revisions"}],"predecessor-version":[{"id":244087,"href":"https:\/\/www.leccecronaca.it\/index.php\/wp-json\/wp\/v2\/posts\/244082\/revisions\/244087"}],"wp:featuredmedia":[{"embeddable":true,"href":"https:\/\/www.leccecronaca.it\/index.php\/wp-json\/wp\/v2\/media\/244083"}],"wp:attachment":[{"href":"https:\/\/www.leccecronaca.it\/index.php\/wp-json\/wp\/v2\/media?parent=244082"}],"wp:term":[{"taxonomy":"category","embeddable":true,"href":"https:\/\/www.leccecronaca.it\/index.php\/wp-json\/wp\/v2\/categories?post=244082"},{"taxonomy":"post_tag","embeddable":true,"href":"https:\/\/www.leccecronaca.it\/index.php\/wp-json\/wp\/v2\/tags?post=244082"}],"curies":[{"name":"wp","href":"https:\/\/api.w.org\/{rel}","templated":true}]}}