{"id":244091,"date":"2025-06-09T12:33:00","date_gmt":"2025-06-09T10:33:00","guid":{"rendered":"https:\/\/www.leccecronaca.it\/?p=244091"},"modified":"2025-06-09T12:48:40","modified_gmt":"2025-06-09T10:48:40","slug":"dino-tropea-racconta-a-leccecronaca-it-la-preseentazione-del-suo-libro-a-fiumicino-e-poi-lancia-un-appello","status":"publish","type":"post","link":"https:\/\/www.leccecronaca.it\/index.php\/2025\/06\/09\/dino-tropea-racconta-a-leccecronaca-it-la-preseentazione-del-suo-libro-a-fiumicino-e-poi-lancia-un-appello\/","title":{"rendered":"DINO TROPEA RACCONTA A leccecronaca.it LA PRESENTAZIONE DEL SUO LIBRO A FIUMICINO E POI LANCIA UN APPELLO"},"content":{"rendered":"\n<p><img decoding=\"async\" loading=\"lazy\" width=\"592\" height=\"956\" class=\"wp-image-244092\" style=\"width: 1500px;\" src=\"https:\/\/www.leccecronaca.it\/wordpress\/wp-content\/uploads\/2025\/06\/Immagine1-2.png\" alt=\"\" srcset=\"https:\/\/www.leccecronaca.it\/wordpress\/wp-content\/uploads\/2025\/06\/Immagine1-2.png 592w, https:\/\/www.leccecronaca.it\/wordpress\/wp-content\/uploads\/2025\/06\/Immagine1-2-186x300.png 186w\" sizes=\"(max-width: 592px) 100vw, 592px\" \/><\/p>\n\n\n\n<p><\/p>\n\n\n\n<p>di <strong>Cristina Pipoli ___________<\/strong><\/p>\n\n\n\n<p>D- Vuole raccontarci dell\u2019evento tenutosi a Fiumicino il 5 giugno 2025?<\/p>\n\n\n\n<p>R- &#8220;Il 5 giugno \u00e8 avvenuta la presentazione del libro \u201cLasciato Indietro\u201d pubblicato da Armando Editore&#8221;.<\/p>\n\n\n\n<p><\/p>\n\n\n\n<p>D- Dove \u00e8 stato presentato il libro?<\/p>\n\n\n\n<p>R- &#8220;Presso la sala consiliare di Fiumicino&#8221;.<\/p>\n\n\n\n<p><\/p>\n\n\n\n<p>D-C\u2019era la il sostegno di qualche patrocinio?<\/p>\n\n\n\n<p>R- &#8220;Si \u00e8 svolta con il patrocinio dell\u2019Amministrazione Comunale di Fiumicino e con il prezioso sostegno di alcune realt\u00e0 del territorio che ne hanno abbracciato il messaggio, la presentazione del libro <em>&#8216;Lasciato Indietro\u201d&#8217;<\/em> Un tributo alla forza della resilienza di fronte alle avversit\u00e0.<\/p>\n\n\n\n<p>Talk City.it, Monolite Notizie, Rotary Club Fiumicino, Fabaris \u2013 Gruppo S3K, La Grooveria e Sushi Y Tacos by Damiano e naturalmente Armando editore sono stati partner entusiasti e partecipi di un\u2019iniziativa che ha saputo coniugare cultura, comunit\u00e0 e impegno civile&#8221;.<\/p>\n\n\n\n<p><\/p>\n\n\n\n<p><\/p>\n\n\n\n<p>Dino si racconta ogni volta con determinazione, ammiro di lui il suo coraggio e la sua speranza, quella di vedere in questi incontri il fatto di superare una semplice presentazione letteraria. Dai suoi occhi, dalle foto che scatta, da come stringe forte la sua Alice si sente e si vede che sono momenti collettivi di audizione e rinnovamento. Con Dino si viaggia e si lavora sulle emozioni, lo fa con i lettori, con chi lo segue e con le persone che per la prima volta entrano in contatto con lui.<\/p>\n\n\n\n<p><\/p>\n\n\n\n<p>D-Vuole parlarci di qualche presenza di spicco che ha reso ancora pi\u00f9 interessante questa giornata?<\/p>\n\n\n\n<p>R- &#8220;Tutto \u00e8 avvenuto con la presenza del Presidente del Consiglio Comunale <strong>Roberto Severini,<\/strong> dell\u2019Assessora alla Cultura <strong>Federica Poggio<\/strong> e della Consigliera Comunale <strong>Federica Cerulli<\/strong>. Il Sindaco <strong>Mario Baccini<\/strong>, il quale anche se non era presente fisicamente, ha fatto sentire la propria vicinanza attraverso un messaggio affidato al suo staff, sottolineando l\u2019importanza di un progetto culturale che mette al centro la dignit\u00e0, la fragilit\u00e0 e la speranza dell\u2019essere umano. Al tavolo dei relatori c\u2019erano le dottoresse <strong>Alessandra Battaglia<\/strong>, direttrice di Monolite Notizie, <strong>Sonia Buscemi<\/strong>, psicologa clinica e <strong>Viviana Normando<\/strong>, per Fabaris di S3K Group. Hanno preso parte all\u2019evento anche il <strong>Rotary Club Fiumicino Portus Augusti<\/strong> rappresentato dalla Presidente <strong>Catia Fierli<\/strong> e da altri illustri membri, il Comandante della Capitaneria di Porto C.V. (CP) <strong>Silvestro Girgenti<\/strong> ed il presidente dell\u2019Associazione Nazionale Marinai d\u2019Italia (ANMI) <strong>Sante Lo Priore<\/strong>&#8220;.<\/p>\n\n\n\n<p><\/p>\n\n\n\n<p>D- Cosa le \u00e8 piaciuto dell\u2019evento svoltosi?<\/p>\n\n\n\n<p>R- &#8220;Inizio con il dire che la Consigliera Comunale Federica Cerulli ha condotto l\u2019incontro con finezza, attenzione, e una presenza autentica che ha fatto la differenza. Ho visto un pubblico attento, presente non solo con il corpo, ma con il cuore. Non si \u00e8 limitato ad assistere: ha dialogato, ha condiviso, ha mostrato empatia. E quando un pubblico si emoziona, quando senti gli sguardi vibrare e le parole farsi confessione, significa che un autore ha fatto bene il suo lavoro&#8221;.<\/p>\n\n\n\n<p><\/p>\n\n\n\n<p>\u00abPerch\u00e9 scrivere non \u00e8 solo mettere insieme frasi. \u00c8 arrivare dritto al cuore di qualcuno e tirare fuori, con delicatezza, emozioni e vissuti che magari erano rimasti in silenzio troppo a lungo\u00bb.<\/p>\n\n\n\n<p><\/p>\n\n\n\n<p><\/p>\n\n\n\n<p>Sono dei feedback quelli che ci manda Dino non di poco conto, perch\u00e9 il pubblico ha rievocato vissuti, \u00e8 stato un collettivo caloroso che non si \u00e8 tirato indietro nel dialogare in maniera sana e costruttiva. Non solo un romanzo scritto a penna, ma una testimonianza vera e propria \u00e8 l\u2019operato di Dino. Una voce che da riscatto a chi per troppo tempo \u00e8 rimasto indietro.<\/p>\n\n\n\n<p><\/p>\n\n\n\n<p><\/p>\n\n\n\n<p>D- La serata come si \u00e8 conclusa?<\/p>\n\n\n\n<p>R- &#8220;Con un brindisi che \u00e8 stato molto pi\u00f9 di un gesto conviviale: \u00e8 stato un inno alla vita, un abbraccio senza microfoni, uno spazio di umanit\u00e0 condivisa.<\/p>\n\n\n\n<p><em>Sushi y Tacos By Damiano<\/em>, <em>La Grooveria<\/em> e <em>Le Cantine Sanvitis<\/em> hanno impreziosito il momento finale con gusto, calore e leggerezza, regalando a tutti gli ospiti un\u2019occasione preziosa per fermarsi, sorridersi, scambiare due parole, immortalare l\u2019attimo.<\/p>\n\n\n\n<p>\u00c8 stato l\u00ec, tra un calice e un sorriso, che la parola ha lasciato spazio al silenzio buono delle connessioni sincere. E molti hanno scelto di avvicinarsi a me non per farmi domande, ma per condividere un pezzo di s\u00e9. Senza mediazioni. Senza filtri. Solo con il cuore&#8221;.<\/p>\n\n\n\n<p><\/p>\n\n\n\n<p>D- Quando dove si svolger\u00e0 il prossimo appuntamento?<\/p>\n\n\n\n<p>R- &#8220;Il prossimo incontro con <em>Lasciato Indietro<\/em> si terr\u00e0 il <strong>27 giugno<\/strong> presso la <strong>libreria Feltrinelli del Centro Commerciale Maximo di Roma<\/strong>.<\/p>\n\n\n\n<p>Ma altri eventi sono gi\u00e0 all\u2019orizzonte, perch\u00e9 questo cammino \u2013 fatto di parole, incontri e nuove consapevolezze \u2013 non si ferma qui.<\/p>\n\n\n\n<p>L\u2019invito \u00e8 quello di seguirmi su <a href=\"http:\/\/www.dinotropea.it\"><strong>www.dinotropea.it<\/strong><\/a> e sulle mie pagine social, dove ogni tappa verr\u00e0 annunciata. Perch\u00e9 ogni presentazione \u00e8 un\u2019occasione per riconoscersi, raccontarsi, e continuare a non sentirsi pi\u00f9 lasciati indietro.<\/p>\n\n\n\n<p>&#8216;Lasciato Indietro&#8217; non si limita a raccontare il dolore: offre strumenti concreti per affrontarlo. \u00c8 una guida emotiva alla sopravvivenza, un faro per chi rischia di scivolare nel buio della depressione. \u00c8 un messaggio forte, che parla di forza interiore e resilienza. Un invito lucido e coraggioso a non arrendersi, a credere che la luce in fondo al tunnel non \u00e8 solo possibile \u2014 \u00e8 raggiungibile&#8221;.<\/p>\n\n\n\n<p><\/p>\n\n\n\n<p><\/p>\n\n\n\n<p>D- Come procede il lavoro con i microfoni di Talk City Web Radio\u2019<\/p>\n\n\n\n<p>R- &#8220;Con il programma omonimo <em>&#8216;Lasciati Indietro<\/em>&#8216;, che continua a raccogliere storie vere, testimonianze coraggiose e ferite trasformate in rinascita, la parola ha trovato una casa. Un luogo sicuro.<\/p>\n\n\n\n<p>Nel salotto no profit <em>Cadenze Letterarie<\/em>, ogni voce diventa battito, ogni silenzio trova ritmo, ogni esperienza si fa eco collettiva. Il format sta riscuotendo grande attenzione, e si evolve: l\u2019obiettivo \u00e8 dare spazio a chi ha qualcosa da dire, a chi ha vissuto e ora vuole raccontare.<\/p>\n\n\n\n<p>Non solo parole dal cuore, ma anche contributi professionali. Il nuovo ciclo prevede infatti la partecipazione di specialisti del settore \u2013 psicologi, educatori, avvocati, medici \u2013 che possano affiancare le testimonianze con strumenti concreti e chiavi di lettura utili.<\/p>\n\n\n\n<p>Perch\u00e9 <em>Lasciati Indietro<\/em> non \u00e8 solo un programma: \u00e8 un ponte tra vissuto e possibilit\u00e0, tra chi parla e chi finalmente si sente ascoltato.<\/p>\n\n\n\n<p>Se leggendo queste righe senti che c\u2019\u00e8 una storia dentro di te che merita di essere raccontata, non restare in silenzio. <em>Lasciati Indietro<\/em> \u00e8 uno spazio aperto, vivo, pronto ad accoglierti.<\/p>\n\n\n\n<p>Puoi contattarmi in forma anonima o palese, come preferisci: scrivimi un messaggio diretto sui miei canali social oppure compila il modulo che trovi su <a href=\"http:\/\/www.dinotropea.it\">www.dinotropea.it<\/a>.<\/p>\n\n\n\n<p>Ogni storia \u00e8 importante. Ogni voce ha valore. E nessuno, davvero nessuno, dovrebbe essere lasciato indietro.<\/p>\n\n\n\n<p><a href=\"https:\/\/www.facebook.com\/profile.php?id=61556245820032\">https:\/\/www.facebook.com\/profile.php?id=61556245820032<\/a><\/p>\n\n\n\n<p><a href=\"https:\/\/www.facebook.com\/profile.php?id=61556245820032\">Potete trovare la pagina fb di Dino Tropea al seguente link<\/a><\/p>\n\n\n\n<p><a href=\"https:\/\/www.facebook.com\/profile.php?id=61556245820032\">https:\/\/www.facebook.com\/profile.php?id=61556245820032<\/a><\/p>\n\n\n\n<p>Oppure seguire il suo sito che \u00e8 ben strutturato su:<\/p>\n\n\n\n<p><a href=\"https:\/\/www.dinotropea.it\">https:\/\/www.dinotropea.it<\/a>  &#8220;<\/p>\n<fb:like href='https:\/\/www.leccecronaca.it\/index.php\/2025\/06\/09\/dino-tropea-racconta-a-leccecronaca-it-la-preseentazione-del-suo-libro-a-fiumicino-e-poi-lancia-un-appello\/' send='true' layout='button_count' show_faces='true' width='450' height='65' action='recommend' colorscheme='light' font='lucida grande'><\/fb:like><span class=\"fb_share\"><fb:like href=\"https:\/\/www.leccecronaca.it\/index.php\/2025\/06\/09\/dino-tropea-racconta-a-leccecronaca-it-la-preseentazione-del-suo-libro-a-fiumicino-e-poi-lancia-un-appello\/\" layout=\"button_count\"><\/fb:like><\/span>","protected":false},"excerpt":{"rendered":"<p>di Cristina Pipoli ___________ D- Vuole raccontarci dell\u2019evento tenutosi a Fiumicino il 5 giugno 2025? R- &#8220;Il 5 giugno \u00e8 avvenuta la presentazione del libro \u201cLasciato Indietro\u201d pubblicato da Armando Editore&#8221;. D- Dove \u00e8 stato presentato il libro? R- &#8220;Presso la sala consiliare di Fiumicino&#8221;. D-C\u2019era la il sostegno di qualche patrocinio? R- &#8220;Si \u00e8 [&hellip;]<\/p>\n","protected":false},"author":4,"featured_media":244092,"comment_status":"open","ping_status":"closed","sticky":false,"template":"","format":"standard","meta":[],"categories":[1],"tags":[],"_links":{"self":[{"href":"https:\/\/www.leccecronaca.it\/index.php\/wp-json\/wp\/v2\/posts\/244091"}],"collection":[{"href":"https:\/\/www.leccecronaca.it\/index.php\/wp-json\/wp\/v2\/posts"}],"about":[{"href":"https:\/\/www.leccecronaca.it\/index.php\/wp-json\/wp\/v2\/types\/post"}],"author":[{"embeddable":true,"href":"https:\/\/www.leccecronaca.it\/index.php\/wp-json\/wp\/v2\/users\/4"}],"replies":[{"embeddable":true,"href":"https:\/\/www.leccecronaca.it\/index.php\/wp-json\/wp\/v2\/comments?post=244091"}],"version-history":[{"count":3,"href":"https:\/\/www.leccecronaca.it\/index.php\/wp-json\/wp\/v2\/posts\/244091\/revisions"}],"predecessor-version":[{"id":244099,"href":"https:\/\/www.leccecronaca.it\/index.php\/wp-json\/wp\/v2\/posts\/244091\/revisions\/244099"}],"wp:featuredmedia":[{"embeddable":true,"href":"https:\/\/www.leccecronaca.it\/index.php\/wp-json\/wp\/v2\/media\/244092"}],"wp:attachment":[{"href":"https:\/\/www.leccecronaca.it\/index.php\/wp-json\/wp\/v2\/media?parent=244091"}],"wp:term":[{"taxonomy":"category","embeddable":true,"href":"https:\/\/www.leccecronaca.it\/index.php\/wp-json\/wp\/v2\/categories?post=244091"},{"taxonomy":"post_tag","embeddable":true,"href":"https:\/\/www.leccecronaca.it\/index.php\/wp-json\/wp\/v2\/tags?post=244091"}],"curies":[{"name":"wp","href":"https:\/\/api.w.org\/{rel}","templated":true}]}}