{"id":244102,"date":"2025-06-09T13:13:27","date_gmt":"2025-06-09T11:13:27","guid":{"rendered":"https:\/\/www.leccecronaca.it\/?p=244102"},"modified":"2025-06-09T13:13:29","modified_gmt":"2025-06-09T11:13:29","slug":"raffy-lultima-vittima-di-un-investimento-alla-colonia-felina-del-cimitero-di-lecce-lappello-delle-volontarie-che-la-curano","status":"publish","type":"post","link":"https:\/\/www.leccecronaca.it\/index.php\/2025\/06\/09\/raffy-lultima-vittima-di-un-investimento-alla-colonia-felina-del-cimitero-di-lecce-lappello-delle-volontarie-che-la-curano\/","title":{"rendered":"RAFFY, L&#8217;ULTIMA VITTIMA DI UN INVESTIMENTO ALLA COLONIA FELINA DEL CIMITERO DI LECCE. L&#8217;APPELLO DELLE VOLONTARIE CHE LA CURANO"},"content":{"rendered":"\n<p><img decoding=\"async\" loading=\"lazy\" width=\"1536\" height=\"2048\" class=\"wp-image-244103\" style=\"width: 1500px;\" src=\"https:\/\/www.leccecronaca.it\/wordpress\/wp-content\/uploads\/2025\/06\/Raffy-1.jpg\" alt=\"\" srcset=\"https:\/\/www.leccecronaca.it\/wordpress\/wp-content\/uploads\/2025\/06\/Raffy-1.jpg 1536w, https:\/\/www.leccecronaca.it\/wordpress\/wp-content\/uploads\/2025\/06\/Raffy-1-225x300.jpg 225w, https:\/\/www.leccecronaca.it\/wordpress\/wp-content\/uploads\/2025\/06\/Raffy-1-768x1024.jpg 768w, https:\/\/www.leccecronaca.it\/wordpress\/wp-content\/uploads\/2025\/06\/Raffy-1-1152x1536.jpg 1152w\" sizes=\"(max-width: 1536px) 100vw, 1536px\" \/><\/p>\n\n\n\n<p>(Rdl)_________Riceviamo e volentieri pubblichiamo. Nella foto: Raffy, prima di essere investito da un&#8217;auto. Abbiamo omesso quella che lo vede esanime sull&#8217;asfalto fra chiazze di sangue dopo essere stato investito per non urtare la sensibilit\u00e0 di nessuno___________<\/p>\n\n\n\n<p>COMUNICATO STAMPA<\/p>\n\n\n\n<p>Strage silenziosa nel Cimitero di Lecce: servono subito misure di protezione per gli animali.<\/p>\n\n\n\n<p>L\u2019Associazione Dacci la Zampa OdV, che si occupa con dedizione della gestione e tutela della colonia felina all\u2019interno del Cimitero Monumentale di Lecce, si trova costretta, con dolore e indignazione, a denunciare l\u2019ennesimo tragico episodio: Raffy, uno dei gatti pi\u00f9 affettuosi e riconoscibili della colonia, qualche giorno fa, \u00e8 stato investito e ucciso da un\u2019auto in corsa all\u2019interno del cimitero.<\/p>\n\n\n\n<p>Quel che rende la vicenda ancora pi\u00f9 sconvolgente \u00e8 che Raffy sia stato colpito mortalmente proprio tra un dosso e l&#8217;altro, dove la velocit\u00e0 dovrebbe essere forzatamente ridotta. E invece, l&#8217;immagine del suo corpicino straziato, rinvenuto pochi minuti dopo l\u2019impatto, rende tristemente chiara la violenza dello scontro e la totale mancanza di rispetto e controllo da parte del conducente. Un comportamento inaccettabile, oltre che penalmente rilevante, che non solo ha spezzato una vita innocente, ma che avrebbe potuto facilmente causare la morte o il ferimento grave di una persona.<\/p>\n\n\n\n<p><\/p>\n\n\n\n<p>Non si tratta purtroppo di un caso isolato. Ogni giorno assistiamo a veicoli che attraversano il cimitero a velocit\u00e0 del tutto inadeguate, incuranti del luogo sacro in cui si trovano e delle forme di vita che lo abitano, tra cui i gatti che da anni vivono l\u00ec in armonia, curati, sterilizzati e tutelati dalla nostra associazione.<\/p>\n\n\n\n<p>Sospettiamo, con amarezza, che a qualcuno la presenza dei gatti possa creare fastidio. Ma dal fastidio all\u2019indifferenza e dall\u2019indifferenza alla morte, il passo \u00e8 breve quanto inaccettabile.<\/p>\n\n\n\n<p><\/p>\n\n\n\n<p>Chiediamo con forza al Comune di Lecce e agli organi competenti di adottare provvedimenti urgenti e concreti per garantire la sicurezza degli animali e dei visitatori, tra cui:<\/p>\n\n\n\n<p>&#8211; l\u2019installazione di ulteriori dossi rallentatori pi\u00f9 validi e strumenti efficaci per limitare la velocit\u00e0;<\/p>\n\n\n\n<p>&#8211; una segnaletica chiara e ben visibile che imponga il rispetto dei limiti e segnali la presenza di animali, purtroppo quella presente non \u00e8 sufficiente;<\/p>\n\n\n\n<p>&#8211; l\u2019implementazione di un sistema di videosorveglianza e rilevamento automatico della velocit\u00e0 per monitorare i comportamenti scorretti e sanzionare chi mette a rischio vite.<\/p>\n\n\n\n<p><\/p>\n\n\n\n<p>Esistono gi\u00e0 esempi virtuosi in Italia: nel cimitero di Aosta \u00e8 attivo un sistema di videosorveglianza intelligente in grado di rilevare automaticamente la velocit\u00e0 dei veicoli, intervenendo in caso di infrazioni. Una misura concreta ed efficace, facilmente replicabile anche nel nostro contesto.<\/p>\n\n\n\n<p>Un altro esempio \u00e8 il cimitero del comune di San Lazzaro di Savena (Emilia Romagna), dove nel 2022 \u00e8 stato installato un autovelox fisso dopo ripetuti incidenti e vengono elevate multe fino a \u20ac 200,00 per chi supera i 20 km\/h.<\/p>\n\n\n\n<p><\/p>\n\n\n\n<p>Tristemente, \u00e8 doveroso precisare che considerata la scarsa sensibilit\u00e0 di tante persone, probabilmente l\u2019unico deterrente pu\u00f2 essere il timore di una sanzione pecuniaria.<\/p>\n\n\n\n<p><\/p>\n\n\n\n<p>Tiziana Primiceri, referente della colonia felina del Cimitero di Lecce e presidente dell\u2019associazione \u201cDacci la Zampa OdV\u201d, dichiara quanto segue:<\/p>\n\n\n\n<p>\u201cLecce \u00e8 una citt\u00e0 che custodisce bellezza e memoria in ogni angolo, tra pietra barocca e scorci di luce. Ma ogni grande citt\u00e0 che vuole crescere davvero, sa che il valore non si misura solo nei monumenti: si misura anche nella cura delle piccole presenze, nella tutela del vivente, nel rispetto della quotidianit\u00e0 che ci accompagna in silenzio.<\/p>\n\n\n\n<p>\u00c8 per questo che guardiamo con ispirazione all\u2019esempio del Cimitero Monumentale del Verano di Roma, dove da anni la colonia felina \u00e8 considerata parte integrante del luogo: non un problema da gestire, ma un patrimonio da proteggere. I gatti del Verano non sono solo animali randagi, ma custodi discreti della memoria, creature che abitano e arricchiscono lo spazio urbano.<\/p>\n\n\n\n<p>Per una citt\u00e0 come Lecce, che ambisce a rafforzare il proprio pregio e a essere riconosciuta come  modello di qualit\u00e0 urbana, la valorizzazione della nostra colonia felina rappresenterebbe un segno di civilt\u00e0 e lungimiranza. Un gesto concreto per dimostrare che bellezza e rispetto possono camminare insieme.<\/p>\n\n\n\n<p><\/p>\n\n\n\n<p>Accogliere i gatti come parte viva del paesaggio urbano, non \u00e8 solo un atto di amore verso gli animali. \u00c8 una scelta che parla di identit\u00e0, di sensibilit\u00e0 e di cultura. Una citt\u00e0 che si prende cura anche dei pi\u00f9 piccoli \u00e8 una citt\u00e0 che sa prendersi cura di tutti\u201d.<\/p>\n\n\n\n<p><\/p>\n\n\n\n<p>Facciamo infine un appello al senso civico e umano di chi frequenta il cimitero: se proprio non si riesce ad avere rispetto per la vita di un animale, che almeno lo si abbia per il luogo e per le persone che lo attraversano nel silenzio del lutto.<\/p>\n\n\n\n<p>Raffy non c\u2019\u00e8 pi\u00f9 e noi non vogliamo piangere un altro gatto.<\/p>\n<fb:like href='https:\/\/www.leccecronaca.it\/index.php\/2025\/06\/09\/raffy-lultima-vittima-di-un-investimento-alla-colonia-felina-del-cimitero-di-lecce-lappello-delle-volontarie-che-la-curano\/' send='true' layout='button_count' show_faces='true' width='450' height='65' action='recommend' colorscheme='light' font='lucida grande'><\/fb:like><span class=\"fb_share\"><fb:like href=\"https:\/\/www.leccecronaca.it\/index.php\/2025\/06\/09\/raffy-lultima-vittima-di-un-investimento-alla-colonia-felina-del-cimitero-di-lecce-lappello-delle-volontarie-che-la-curano\/\" layout=\"button_count\"><\/fb:like><\/span>","protected":false},"excerpt":{"rendered":"<p>(Rdl)_________Riceviamo e volentieri pubblichiamo. Nella foto: Raffy, prima di essere investito da un&#8217;auto. Abbiamo omesso quella che lo vede esanime sull&#8217;asfalto fra chiazze di sangue dopo essere stato investito per non urtare la sensibilit\u00e0 di nessuno___________ COMUNICATO STAMPA Strage silenziosa nel Cimitero di Lecce: servono subito misure di protezione per gli animali. L\u2019Associazione Dacci la [&hellip;]<\/p>\n","protected":false},"author":4,"featured_media":244103,"comment_status":"open","ping_status":"closed","sticky":false,"template":"","format":"standard","meta":[],"categories":[1,69,76],"tags":[],"_links":{"self":[{"href":"https:\/\/www.leccecronaca.it\/index.php\/wp-json\/wp\/v2\/posts\/244102"}],"collection":[{"href":"https:\/\/www.leccecronaca.it\/index.php\/wp-json\/wp\/v2\/posts"}],"about":[{"href":"https:\/\/www.leccecronaca.it\/index.php\/wp-json\/wp\/v2\/types\/post"}],"author":[{"embeddable":true,"href":"https:\/\/www.leccecronaca.it\/index.php\/wp-json\/wp\/v2\/users\/4"}],"replies":[{"embeddable":true,"href":"https:\/\/www.leccecronaca.it\/index.php\/wp-json\/wp\/v2\/comments?post=244102"}],"version-history":[{"count":1,"href":"https:\/\/www.leccecronaca.it\/index.php\/wp-json\/wp\/v2\/posts\/244102\/revisions"}],"predecessor-version":[{"id":244104,"href":"https:\/\/www.leccecronaca.it\/index.php\/wp-json\/wp\/v2\/posts\/244102\/revisions\/244104"}],"wp:featuredmedia":[{"embeddable":true,"href":"https:\/\/www.leccecronaca.it\/index.php\/wp-json\/wp\/v2\/media\/244103"}],"wp:attachment":[{"href":"https:\/\/www.leccecronaca.it\/index.php\/wp-json\/wp\/v2\/media?parent=244102"}],"wp:term":[{"taxonomy":"category","embeddable":true,"href":"https:\/\/www.leccecronaca.it\/index.php\/wp-json\/wp\/v2\/categories?post=244102"},{"taxonomy":"post_tag","embeddable":true,"href":"https:\/\/www.leccecronaca.it\/index.php\/wp-json\/wp\/v2\/tags?post=244102"}],"curies":[{"name":"wp","href":"https:\/\/api.w.org\/{rel}","templated":true}]}}