{"id":244105,"date":"2025-06-09T15:01:47","date_gmt":"2025-06-09T13:01:47","guid":{"rendered":"https:\/\/www.leccecronaca.it\/?p=244105"},"modified":"2025-06-09T16:08:56","modified_gmt":"2025-06-09T14:08:56","slug":"vuoto-a-perdere","status":"publish","type":"post","link":"https:\/\/www.leccecronaca.it\/index.php\/2025\/06\/09\/vuoto-a-perdere\/","title":{"rendered":"VUOTO A PERDERE"},"content":{"rendered":"\n<p><img decoding=\"async\" loading=\"lazy\" width=\"1280\" height=\"702\" class=\"wp-image-244113\" style=\"width: 1500px;\" src=\"https:\/\/www.leccecronaca.it\/wordpress\/wp-content\/uploads\/2025\/06\/8132353_21231159_viale_della_repubblica_svolta_commercio_lecce_negozi_cosa_sappiamo.jpg\" alt=\"\" srcset=\"https:\/\/www.leccecronaca.it\/wordpress\/wp-content\/uploads\/2025\/06\/8132353_21231159_viale_della_repubblica_svolta_commercio_lecce_negozi_cosa_sappiamo.jpg 1280w, https:\/\/www.leccecronaca.it\/wordpress\/wp-content\/uploads\/2025\/06\/8132353_21231159_viale_della_repubblica_svolta_commercio_lecce_negozi_cosa_sappiamo-300x165.jpg 300w, https:\/\/www.leccecronaca.it\/wordpress\/wp-content\/uploads\/2025\/06\/8132353_21231159_viale_della_repubblica_svolta_commercio_lecce_negozi_cosa_sappiamo-1024x562.jpg 1024w, https:\/\/www.leccecronaca.it\/wordpress\/wp-content\/uploads\/2025\/06\/8132353_21231159_viale_della_repubblica_svolta_commercio_lecce_negozi_cosa_sappiamo-768x421.jpg 768w\" sizes=\"(max-width: 1280px) 100vw, 1280px\" \/><\/p>\n\n\n\n<p>(g.p.) __________ Nemmeno un nome. Non aveva documenti, non aveva tetto, n\u00e9 legge. Si \u00e8 addormentato ieri sera nel suo rifugio avvolto in un cartone accanto a un grosso contenitore di rifiuti di un negozio di prodotti per la casa e per il corpo, lui, che non aveva casa e non poteva nemmeno lavarsi. Si \u00e8 addormentato e non si \u00e8 pi\u00f9 svegliato. Lo hanno trovato questa mattina l\u00e0, senza vita, in viale della Repubblica.<\/p>\n\n\n\n<p>Un vuoto a perdere.<\/p>\n\n\n\n<p>Ora il corpo \u00e8 all&#8217;obitorio. E&#8217; un uomo straniero, di mezza et\u00e0, che non ha niente, nemmeno la dignit\u00e0, nemmeno qualcuno che lo pianga, o almeno lo ricordi.<\/p>\n\n\n\n<p>La vita gli ha portato via tutto. Poi, dopo avergli lasciato come unica compagna la solitudine, lo ha abbandonato come un vuoto a perdere che non serve pi\u00f9, fra i rifiuti di un supermercato.<\/p>\n\n\n\n<p><\/p>\n\n\n\n<p>Lecce citt\u00e0 del mondo, quello omologato dal consumismo, devastato dalla globalizzazione, deteriorato dall\u2019 avidit\u00e0, che ha perso il senso di appartenenza, le logiche virtuose del vicinato, della comunit\u00e0, l\u2019 identit\u00e0 sua stessa, fa spallucce.<\/p>\n\n\n\n<p>Non \u00e8 successo niente. <\/p>\n\n\n\n<p>E&#8217; morto un senza tetto, un altro, ancora uno, l&#8217;ultimo di una serie allungatasi molto negli ultimi anni, di quelli che in questa periferia degradata dell&#8217;Impero, disperata e disperante, sono capitati per cercare disperatamente di sopravvivere, senza riuscirci.<\/p>\n\n\n\n<p>La Lecce bene va al mare, prende il sole e gioca a burraco, fa politica poi, s\u00ec, con le cene a base di sushi.<\/p>\n\n\n\n<p>La Lecce male dei precari, degli emerginati, degli esclusi, di qulli che non sanno come mettere in fila colazione, pranzo e cena, e tremano ogni volta che arriva una bolletta da pagare, no, non fa politica, rinchiusa come \u00e8 nell&#8217;individualismo degenerato nell&#8217;egoismo,  nell&#8217;invidia diventata cattiveria. <\/p>\n\n\n\n<p><\/p>\n<fb:like href='https:\/\/www.leccecronaca.it\/index.php\/2025\/06\/09\/vuoto-a-perdere\/' send='true' layout='button_count' show_faces='true' width='450' height='65' action='recommend' colorscheme='light' font='lucida grande'><\/fb:like><span class=\"fb_share\"><fb:like href=\"https:\/\/www.leccecronaca.it\/index.php\/2025\/06\/09\/vuoto-a-perdere\/\" layout=\"button_count\"><\/fb:like><\/span>","protected":false},"excerpt":{"rendered":"<p>(g.p.) __________ Nemmeno un nome. Non aveva documenti, non aveva tetto, n\u00e9 legge. Si \u00e8 addormentato ieri sera nel suo rifugio avvolto in un cartone accanto a un grosso contenitore di rifiuti di un negozio di prodotti per la casa e per il corpo, lui, che non aveva casa e non poteva nemmeno lavarsi. Si [&hellip;]<\/p>\n","protected":false},"author":4,"featured_media":244113,"comment_status":"open","ping_status":"closed","sticky":false,"template":"","format":"standard","meta":[],"categories":[1,69,76],"tags":[],"_links":{"self":[{"href":"https:\/\/www.leccecronaca.it\/index.php\/wp-json\/wp\/v2\/posts\/244105"}],"collection":[{"href":"https:\/\/www.leccecronaca.it\/index.php\/wp-json\/wp\/v2\/posts"}],"about":[{"href":"https:\/\/www.leccecronaca.it\/index.php\/wp-json\/wp\/v2\/types\/post"}],"author":[{"embeddable":true,"href":"https:\/\/www.leccecronaca.it\/index.php\/wp-json\/wp\/v2\/users\/4"}],"replies":[{"embeddable":true,"href":"https:\/\/www.leccecronaca.it\/index.php\/wp-json\/wp\/v2\/comments?post=244105"}],"version-history":[{"count":4,"href":"https:\/\/www.leccecronaca.it\/index.php\/wp-json\/wp\/v2\/posts\/244105\/revisions"}],"predecessor-version":[{"id":244128,"href":"https:\/\/www.leccecronaca.it\/index.php\/wp-json\/wp\/v2\/posts\/244105\/revisions\/244128"}],"wp:featuredmedia":[{"embeddable":true,"href":"https:\/\/www.leccecronaca.it\/index.php\/wp-json\/wp\/v2\/media\/244113"}],"wp:attachment":[{"href":"https:\/\/www.leccecronaca.it\/index.php\/wp-json\/wp\/v2\/media?parent=244105"}],"wp:term":[{"taxonomy":"category","embeddable":true,"href":"https:\/\/www.leccecronaca.it\/index.php\/wp-json\/wp\/v2\/categories?post=244105"},{"taxonomy":"post_tag","embeddable":true,"href":"https:\/\/www.leccecronaca.it\/index.php\/wp-json\/wp\/v2\/tags?post=244105"}],"curies":[{"name":"wp","href":"https:\/\/api.w.org\/{rel}","templated":true}]}}