{"id":248498,"date":"2025-09-04T00:02:00","date_gmt":"2025-09-03T22:02:00","guid":{"rendered":"https:\/\/www.leccecronaca.it\/?p=248498"},"modified":"2025-09-03T12:11:22","modified_gmt":"2025-09-03T10:11:22","slug":"guerra-e-pace-e-libri-intervista-a-maevee-sandonati","status":"publish","type":"post","link":"https:\/\/www.leccecronaca.it\/index.php\/2025\/09\/04\/guerra-e-pace-e-libri-intervista-a-maevee-sandonati\/","title":{"rendered":"GUERRA E PACE. E LIBRI. INTERVISTA A MAEVEE SANDONATI"},"content":{"rendered":"\n<p><img decoding=\"async\" loading=\"lazy\" width=\"2048\" height=\"1536\" class=\"wp-image-248499\" style=\"width: 1500px;\" src=\"https:\/\/www.leccecronaca.it\/wordpress\/wp-content\/uploads\/2025\/09\/506481917_2563280400681298_4537644687244375501_n.jpg\" alt=\"\" srcset=\"https:\/\/www.leccecronaca.it\/wordpress\/wp-content\/uploads\/2025\/09\/506481917_2563280400681298_4537644687244375501_n.jpg 2048w, https:\/\/www.leccecronaca.it\/wordpress\/wp-content\/uploads\/2025\/09\/506481917_2563280400681298_4537644687244375501_n-300x225.jpg 300w, https:\/\/www.leccecronaca.it\/wordpress\/wp-content\/uploads\/2025\/09\/506481917_2563280400681298_4537644687244375501_n-1024x768.jpg 1024w, https:\/\/www.leccecronaca.it\/wordpress\/wp-content\/uploads\/2025\/09\/506481917_2563280400681298_4537644687244375501_n-768x576.jpg 768w, https:\/\/www.leccecronaca.it\/wordpress\/wp-content\/uploads\/2025\/09\/506481917_2563280400681298_4537644687244375501_n-1536x1152.jpg 1536w, https:\/\/www.leccecronaca.it\/wordpress\/wp-content\/uploads\/2025\/09\/506481917_2563280400681298_4537644687244375501_n-400x300.jpg 400w\" sizes=\"(max-width: 2048px) 100vw, 2048px\" \/><\/p>\n\n\n\n<p>di <strong>Cristina Pipoli ___________<\/strong><\/p>\n\n\n\n<p><\/p>\n\n\n\n<p>D- Sappiamo che a settembre sar\u00e0 impegnata in tre date il 7 e il 26 e il 27, cosa accadr\u00e0 in questi eventi?<\/p>\n\n\n\n<p>R- &#8220;Il 7 si terr\u00e0 la presentazione del secondo libro, o meglio del secondo &#8220;&#8216;libricetto&#8217; come ama definirlo lui, di Pietro Corbellaro. Il professor Corbellaro \u00e8 storico locale e racconta storie, aneddoti e curiosit\u00e0 del suo paese, Morano sul Po, attraverso documenti inediti o rari e cartoline d&#8217;epoca. Il 26 e 27 settembre, invece, \u00e8 una rassegna culturale tra arte,fotografia, teatro, musica e, ovviamente, libri. Nei due giorni io intervister\u00f2 tutti gli autori invitati e sar\u00f2 a mia volta intervistata da Imma Abete, patron di &#8216;Libri in itinere&#8217; che co-organizza la manifestazione&#8221;.<\/p>\n\n\n\n<p><\/p>\n\n\n\n<p>D- Viviamo in un periodo storico dominato dalle guerre, l&#8217;attenzione a queste iniziative sono utili per proseguire un discorso culturale?<\/p>\n\n\n\n<p>R- &#8220;Tutti i periodi storici sono dominati da guerre, l&#8217;uomo sembra non poterne fare a meno. Le iniziative ci sono e vengono, coraggiosamente oserei dire, proposte e portate avanti, ma riscuotono meno interazioni di quel che potrebbero per una sorta di rassegnazione sociale, una apatia culturale presente a tutti i livelli&#8221;.<\/p>\n\n\n\n<p><\/p>\n\n\n\n<p>D- Le piace di pi\u00f9 presentare un libro dal vivo o condurre un format?<\/p>\n\n\n\n<p>R- &#8220;Sono due lavori diversi. Mi piace il contatto dal vivo, l&#8217;interazione diretta col pubblico, l&#8217;estemporaneit\u00e0 dell&#8217;evento live, mentre il format va definito nei minimi dettagli, verificare tempi, modi, domande. Non ho una preferenza tra i due. Li amo entrambi&#8221;.<\/p>\n\n\n\n<p><\/p>\n\n\n\n<p>D- Uno dei due eventi \u00e8 sostenuto della Regione Piemonte, cosa vuole dirci al riguardo?<\/p>\n\n\n\n<p>R- &#8220;\u00c8 un sostegno formale che la Regione Piemonte offre alla collega Imma Abete per i suoi eventi. L&#8217;evento di Castellamonte \u00e8 una partnership tra &#8216;Libri in Itinere&#8217; e &#8216;Galive&#8217; e quindi diciamo che \u00e8 un sostegno condiviso&#8221;.<\/p>\n\n\n\n<p><\/p>\n\n\n\n<p>D- Sui borghi piemontesi in cui verranno promossi autori e artisti in quei giorni, cosa vuole dirci?<\/p>\n\n\n\n<p>R- &#8220;Morano sul Po \u00e8 in provincia di Alessandria. Un tempo era nota per i cementifici e il riso. Ora \u00e8 preponderante il riso che, per il mio gusto personale, \u00e8 il migliore in assoluto per i risotti. \u00c8 un luogo del cuore per me, anche perch\u00e9 ho tanti buoni amici, l\u00ec. Castellamonte, invece, \u00e8 in provincia di Torino ed \u00e8 conosciutissima per le stufe a legna in ceramica. Anche qui, ho una cara amica autrice, Debora Bocchiardo. Se vi piacciono i gialli, \u00e8 una buona occasione per conoscerla!&#8221;<\/p>\n\n\n\n<p><img decoding=\"async\" loading=\"lazy\" width=\"1080\" height=\"1440\" class=\"wp-image-248500\" style=\"width: 400px;\" src=\"https:\/\/www.leccecronaca.it\/wordpress\/wp-content\/uploads\/2025\/09\/LOCA.jpeg\" alt=\"\" srcset=\"https:\/\/www.leccecronaca.it\/wordpress\/wp-content\/uploads\/2025\/09\/LOCA.jpeg 1080w, https:\/\/www.leccecronaca.it\/wordpress\/wp-content\/uploads\/2025\/09\/LOCA-225x300.jpeg 225w, https:\/\/www.leccecronaca.it\/wordpress\/wp-content\/uploads\/2025\/09\/LOCA-768x1024.jpeg 768w\" sizes=\"(max-width: 1080px) 100vw, 1080px\" \/><\/p>\n\n\n\n<p><\/p>\n\n\n\n<p>Mie riflessioni personali\u2026<\/p>\n\n\n\n<p>La questione della guerra ha origini antiche tanto quanto la storia dell\u2019umanit\u00e0.<\/p>\n\n\n\n<p>Ecco perch\u00e9 in questi eventi dove si parla, ci si racconta si pu\u00f2 riflettere. In queste iniziative condotte da Maevee vedo la bellezza rifiorire.<\/p>\n\n\n\n<p>Una delle vittime della guerra \u00e8 la cultura, questo a mio avviso \u00e8 importante sottolinearlo.<\/p>\n\n\n\n<p>La presentazione di un libro crea dei momenti utili non solo per promuovere l\u2019opera, ma per creare una connessione profonda con chi ti ascolta. Una comunicazione in pubblico chiara, coinvolgente e strutturata pu\u00f2 essere un ottimo trampolino di lancio per permettere alla comunicazione di evolversi.<\/p>\n\n\n\n<p>Ma anche il talento che va in onda a ritmo di musica stupisce chi sa ascoltare con la melodia del cuore.<\/p>\n<fb:like href='https:\/\/www.leccecronaca.it\/index.php\/2025\/09\/04\/guerra-e-pace-e-libri-intervista-a-maevee-sandonati\/' send='true' layout='button_count' show_faces='true' width='450' height='65' action='recommend' colorscheme='light' font='lucida grande'><\/fb:like><span class=\"fb_share\"><fb:like href=\"https:\/\/www.leccecronaca.it\/index.php\/2025\/09\/04\/guerra-e-pace-e-libri-intervista-a-maevee-sandonati\/\" layout=\"button_count\"><\/fb:like><\/span>","protected":false},"excerpt":{"rendered":"<p>di Cristina Pipoli ___________ D- Sappiamo che a settembre sar\u00e0 impegnata in tre date il 7 e il 26 e il 27, cosa accadr\u00e0 in questi eventi? R- &#8220;Il 7 si terr\u00e0 la presentazione del secondo libro, o meglio del secondo &#8220;&#8216;libricetto&#8217; come ama definirlo lui, di Pietro Corbellaro. Il professor Corbellaro \u00e8 storico locale [&hellip;]<\/p>\n","protected":false},"author":4,"featured_media":248499,"comment_status":"open","ping_status":"closed","sticky":false,"template":"","format":"standard","meta":[],"categories":[31,75],"tags":[],"_links":{"self":[{"href":"https:\/\/www.leccecronaca.it\/index.php\/wp-json\/wp\/v2\/posts\/248498"}],"collection":[{"href":"https:\/\/www.leccecronaca.it\/index.php\/wp-json\/wp\/v2\/posts"}],"about":[{"href":"https:\/\/www.leccecronaca.it\/index.php\/wp-json\/wp\/v2\/types\/post"}],"author":[{"embeddable":true,"href":"https:\/\/www.leccecronaca.it\/index.php\/wp-json\/wp\/v2\/users\/4"}],"replies":[{"embeddable":true,"href":"https:\/\/www.leccecronaca.it\/index.php\/wp-json\/wp\/v2\/comments?post=248498"}],"version-history":[{"count":1,"href":"https:\/\/www.leccecronaca.it\/index.php\/wp-json\/wp\/v2\/posts\/248498\/revisions"}],"predecessor-version":[{"id":248501,"href":"https:\/\/www.leccecronaca.it\/index.php\/wp-json\/wp\/v2\/posts\/248498\/revisions\/248501"}],"wp:featuredmedia":[{"embeddable":true,"href":"https:\/\/www.leccecronaca.it\/index.php\/wp-json\/wp\/v2\/media\/248499"}],"wp:attachment":[{"href":"https:\/\/www.leccecronaca.it\/index.php\/wp-json\/wp\/v2\/media?parent=248498"}],"wp:term":[{"taxonomy":"category","embeddable":true,"href":"https:\/\/www.leccecronaca.it\/index.php\/wp-json\/wp\/v2\/categories?post=248498"},{"taxonomy":"post_tag","embeddable":true,"href":"https:\/\/www.leccecronaca.it\/index.php\/wp-json\/wp\/v2\/tags?post=248498"}],"curies":[{"name":"wp","href":"https:\/\/api.w.org\/{rel}","templated":true}]}}