{"id":248505,"date":"2025-09-03T10:32:00","date_gmt":"2025-09-03T08:32:00","guid":{"rendered":"https:\/\/www.leccecronaca.it\/?p=248505"},"modified":"2025-09-03T15:00:33","modified_gmt":"2025-09-03T13:00:33","slug":"la-polemica-sul-post-del-consigliere-comunale-carlo-mignone-dura-presa-di-posizione-della-cgil","status":"publish","type":"post","link":"https:\/\/www.leccecronaca.it\/index.php\/2025\/09\/03\/la-polemica-sul-post-del-consigliere-comunale-carlo-mignone-dura-presa-di-posizione-della-cgil\/","title":{"rendered":"LA POLEMICA \/ DURA REAZIONE DELLA CGIL AL POST SU FACEBOOK DEL CONSIGLIERE COMUNALE MIGNONE"},"content":{"rendered":"\n<p><img decoding=\"async\" loading=\"lazy\" width=\"1170\" height=\"1170\" class=\"wp-image-248509\" style=\"width: 1500px;\" src=\"https:\/\/www.leccecronaca.it\/wordpress\/wp-content\/uploads\/2025\/09\/CARMIGNO.jpg\" alt=\"\" srcset=\"https:\/\/www.leccecronaca.it\/wordpress\/wp-content\/uploads\/2025\/09\/CARMIGNO.jpg 1170w, https:\/\/www.leccecronaca.it\/wordpress\/wp-content\/uploads\/2025\/09\/CARMIGNO-300x300.jpg 300w, https:\/\/www.leccecronaca.it\/wordpress\/wp-content\/uploads\/2025\/09\/CARMIGNO-1024x1024.jpg 1024w, https:\/\/www.leccecronaca.it\/wordpress\/wp-content\/uploads\/2025\/09\/CARMIGNO-150x150.jpg 150w, https:\/\/www.leccecronaca.it\/wordpress\/wp-content\/uploads\/2025\/09\/CARMIGNO-768x768.jpg 768w, https:\/\/www.leccecronaca.it\/wordpress\/wp-content\/uploads\/2025\/09\/CARMIGNO-60x60.jpg 60w\" sizes=\"(max-width: 1170px) 100vw, 1170px\" \/><\/p>\n\n\n\n<p>(g.p.) ____________ Carlo Mignone, ha 66 anni, avvocato, \u00e8 stato presidente del consiglio comunale ed ex assessore per il centro sinistra; un anno fa \u00e8 passato nelle file del centro &#8211; destra: eletto consigliere comunale nella lista Lecce Prima, riconducibile al senatore leghista Roberto Marti, ha poi aderito al gruppo consiliare di Fratelli d&#8217;Italia. Fra le sue competenze professionali &#8211; in relazione alla polemica odierna &#8211; quella di essere amministratore condominiale.<\/p>\n\n\n\n<p>Tre giorni fa ha postato a caratteri cubitali sul suo diario di Facebook la seguente dichiarazione:<\/p>\n\n\n\n<p>&#8220;<em>Solo delle bestie come Aqp e regione Puglia possono pensare di staccare la fornitura dell&#8217;acqua nelle autogestioni e nei condomini misti durante il fine settimana di agosto. Animali!&#8221;<\/em><\/p>\n\n\n\n<p>__________<\/p>\n\n\n\n<p><\/p>\n\n\n\n<p>Questa mattina la Cgil di Lecce ha diffuso il seguente comunicato contenete la presa di posizione del segretario generale della Filctem Cgil Lecce (e coordinatore regionale del comparto Gas\/Acqua),&nbsp;Franco Giancane: <\/p>\n\n\n\n<p>\u201cRiteniamo il testo pubblicato sgradevole quanto violento. Ci permettiamo di ricordare che Acquedotto Pugliese \u00e8 composto da lavoratori che ogni giorno, anche in condizioni meteorologiche avverse, prestano con dedizione e professionalit\u00e0 la loro opera per garantire ai cittadini pugliesi un servizio efficace ed efficiente..<\/p>\n\n\n\n<p>Nel merito della questione sollevata dal consigliere comunale, la rottura della tubazione in un condominio leccese avvenuta lo scorso fine settimana non era tra l\u2019altro addebitabile alla negligenza o alla responsabilit\u00e0 di Aqp o dei suoi lavoratori: <\/p>\n\n\n\n<p>\u201cLa rottura dell\u2019impianto interno non \u00e8 imputabile alla volont\u00e0 di nessuno. \u00c8 piuttosto un incidente di percorso che purtroppo pu\u00f2 verificarsi la cui colpa, peraltro, non pu\u00f2 essere addossata agli operatori Aqp che non gestiscono la manutenzione interna dei condomini. Tuttavia, anche sotto il sole cocente, gli operatori di Aqp, malgrado non fossero parte in causa, sono rimasti sul posto per garantire la massima assistenza. Pur comprendendo il disagio che hanno subito gli utenti, riteniamo fortemente lesivo della dignit\u00e0 e della professionalit\u00e0 dei lavoratori le parole utilizzate da Mignone. Utilizzare i vocaboli &#8216;bestie&#8217; e &#8216;animali&#8217; non si conf\u00e0 al linguaggio pubblico di un uomo delle istituzioni. In Aqp non ci sono &#8216;animali&#8217;, ma padri e madri di famiglia che &#8211; dalle prime luci dell\u2019alba fino a sera e, in caso di emergenza, anche di notte &#8211; fanno quotidianamente il loro dovere\u201d.<\/p>\n\n\n\n<p>Giancane sottolinea come \u201cpuntualmente con l\u2019approssimarsi delle tornate elettorali qualcuno crede di acquisire meriti offendendo. Anche cinque anni fa siamo stati costretti ad intervenire per difendere l\u2019onorabilit\u00e0 dei lavoratori da chi, con uno spot elettorale, paventava l\u2019ipotesi che per risolvere un problema con l\u2019erogazione dell\u2019acqua fosse necessario l\u2019intervento del politico di turno. Cos\u00ec non \u00e8! Ad ogni segnalazione del singolo cittadino gli operatori Aqp intervengono prontamente. Auspichiamo che quel post sia dal sen fuggito e venga rimosso, magari con tanto di scuse. Nessuno pu\u00f2 essere autorizzato ad usare espressioni cos\u00ec violente e volgari, tanto pi\u00f9 a chi, per il ruolo che ricopre, si chiede un supplemento di buon senso per rasserenare gli animi e non per mettere i cittadini gli uni contro gli altri. Le parole hanno un peso e gli operatori di Aqp quotidianamente girano sul territorio, s\u2019interfacciano con i cittadini: essere additati al pubblico ludibrio come persone senza anima, incuranti del disagio degli utenti, per una situazione che era interna al condominio, pu\u00f2 rappresentare anche un rischio sotto il profilo della sicurezza. Piuttosto operiamo tutti quanti affinch\u00e9 onesti lavoratori e professionisti continuino a fare il loro dovere serenamente&#8221;.<\/p>\n<fb:like href='https:\/\/www.leccecronaca.it\/index.php\/2025\/09\/03\/la-polemica-sul-post-del-consigliere-comunale-carlo-mignone-dura-presa-di-posizione-della-cgil\/' send='true' layout='button_count' show_faces='true' width='450' height='65' action='recommend' colorscheme='light' font='lucida grande'><\/fb:like><span class=\"fb_share\"><fb:like href=\"https:\/\/www.leccecronaca.it\/index.php\/2025\/09\/03\/la-polemica-sul-post-del-consigliere-comunale-carlo-mignone-dura-presa-di-posizione-della-cgil\/\" layout=\"button_count\"><\/fb:like><\/span>","protected":false},"excerpt":{"rendered":"<p>(g.p.) ____________ Carlo Mignone, ha 66 anni, avvocato, \u00e8 stato presidente del consiglio comunale ed ex assessore per il centro sinistra; un anno fa \u00e8 passato nelle file del centro &#8211; destra: eletto consigliere comunale nella lista Lecce Prima, riconducibile al senatore leghista Roberto Marti, ha poi aderito al gruppo consiliare di Fratelli d&#8217;Italia. Fra [&hellip;]<\/p>\n","protected":false},"author":4,"featured_media":248509,"comment_status":"open","ping_status":"closed","sticky":false,"template":"","format":"standard","meta":[],"categories":[69,76],"tags":[],"_links":{"self":[{"href":"https:\/\/www.leccecronaca.it\/index.php\/wp-json\/wp\/v2\/posts\/248505"}],"collection":[{"href":"https:\/\/www.leccecronaca.it\/index.php\/wp-json\/wp\/v2\/posts"}],"about":[{"href":"https:\/\/www.leccecronaca.it\/index.php\/wp-json\/wp\/v2\/types\/post"}],"author":[{"embeddable":true,"href":"https:\/\/www.leccecronaca.it\/index.php\/wp-json\/wp\/v2\/users\/4"}],"replies":[{"embeddable":true,"href":"https:\/\/www.leccecronaca.it\/index.php\/wp-json\/wp\/v2\/comments?post=248505"}],"version-history":[{"count":4,"href":"https:\/\/www.leccecronaca.it\/index.php\/wp-json\/wp\/v2\/posts\/248505\/revisions"}],"predecessor-version":[{"id":248532,"href":"https:\/\/www.leccecronaca.it\/index.php\/wp-json\/wp\/v2\/posts\/248505\/revisions\/248532"}],"wp:featuredmedia":[{"embeddable":true,"href":"https:\/\/www.leccecronaca.it\/index.php\/wp-json\/wp\/v2\/media\/248509"}],"wp:attachment":[{"href":"https:\/\/www.leccecronaca.it\/index.php\/wp-json\/wp\/v2\/media?parent=248505"}],"wp:term":[{"taxonomy":"category","embeddable":true,"href":"https:\/\/www.leccecronaca.it\/index.php\/wp-json\/wp\/v2\/categories?post=248505"},{"taxonomy":"post_tag","embeddable":true,"href":"https:\/\/www.leccecronaca.it\/index.php\/wp-json\/wp\/v2\/tags?post=248505"}],"curies":[{"name":"wp","href":"https:\/\/api.w.org\/{rel}","templated":true}]}}